{"id":5163,"date":"2023-04-12T22:20:33","date_gmt":"2023-04-12T20:20:33","guid":{"rendered":"https:\/\/esportsmunicipalsalzira.com\/acte-de-lliurament-de-la-donacio-a-lassociacio-adafir-de-la-carrera-solidaria-de-la-dona-alzira-abril-de-2023-el-r\/"},"modified":"2023-04-12T22:20:33","modified_gmt":"2023-04-12T20:20:33","slug":"acte-de-lliurament-de-la-donacio-a-lassociacio-adafir-de-la-carrera-solidaria-de-la-dona-alzira-abril-de-2023-el-r","status":"publish","type":"post","link":"https:\/\/esportsmunicipalsalzira.com\/es\/acte-de-lliurament-de-la-donacio-a-lassociacio-adafir-de-la-carrera-solidaria-de-la-dona-alzira-abril-de-2023-el-r\/","title":{"rendered":"Acto de entrega de la donaci\u00f3n a la asociaci\u00f3n ADAFIR de la Carrera solidaria de la Dona. Alzira Abril de 2023.- El r"},"content":{"rendered":"<p><br \/>\nActo de entrega de la donaci\u00f3n a la asociaci\u00f3n ADAFIR de la Carrera solidaria de la Dona.<\/p>\n<p>Alzira Abril de 2023.- El concejal de Deportes, Fernando Pascual, junto con el T\u00e9cnico de Deportes, la Presidenta de ADAFIR y su junta directiva, han querido hacer entrega del cheque donativo con la recaudaci\u00f3n conseguida el d\u00eda 5 de marzo con motivo de la celebraci\u00f3n de la carrera solidaria en conmemoraci\u00f3n de la Mujer.<\/p>\n<p>La Carrera de la Mujer ha batido r\u00e9cord de participaci\u00f3n y la donaci\u00f3n ha sido de 2389 \u20ac, esta segunda edici\u00f3n de la carrera solidaria ha tenido a ADAFIR como principal beneficiaria de la recaudaci\u00f3n de las inscripciones. La Carrera de la Mujer es el evento deportivo femenino m\u00e1s importante de Alzira, que este a\u00f1o ha celebrado su segunda edici\u00f3n.<\/p>\n<p>Desde el departamento de deportes, consideramos que este tipo de iniciativas adem\u00e1s hacen posible que las entidades sociales con las que nos coordinemos, puedan desarrollar proyectos dirigidos a las mujeres que padecen la enfermedad de la fibromialgia.<\/p>\n<p><a href=\"https:\/\/scontent-mad1-1.xx.fbcdn.net\/v\/t39.30808-6\/341030600_542288044765182_8348195852882155094_n.jpg?_nc_cat=103&#038;ccb=1-7&#038;_nc_sid=730e14&#038;_nc_ohc=oBucEGNmW3oAX_xixk3&#038;_nc_ht=scontent-mad1-1.xx&#038;oh=00_AfC40hOlW3vtahsVfa-JFYYNGgFIOdi8iJtHrExyg_gIyA&#038;oe=643C5FC8\"><img decoding=\"async\" class=\"wp_automatic_fb_img\" title=\"\" src=\"https:\/\/scontent-mad1-1.xx.fbcdn.net\/v\/t39.30808-6\/341030600_542288044765182_8348195852882155094_n.jpg?_nc_cat=103&#038;ccb=1-7&#038;_nc_sid=730e14&#038;_nc_ohc=oBucEGNmW3oAX_xixk3&#038;_nc_ht=scontent-mad1-1.xx&#038;oh=00_AfC40hOlW3vtahsVfa-JFYYNGgFIOdi8iJtHrExyg_gIyA&#038;oe=643C5FC8\" \/><\/a><br \/><a href=\"https:\/\/scontent-mad1-1.xx.fbcdn.net\/v\/t39.30808-6\/341077466_563629629186015_2030287631756950312_n.jpg?_nc_cat=102&#038;ccb=1-7&#038;_nc_sid=730e14&#038;_nc_ohc=vYOPtHRiB6QAX8tkeZx&#038;_nc_ht=scontent-mad1-1.xx&#038;oh=00_AfDqrXBg5oicWrvyfpwSNxq_4hPERGVg19UzkoGzwEIkMw&#038;oe=643B50CA\"><img decoding=\"async\" class=\"wp_automatic_fb_img\" title=\"\" src=\"https:\/\/scontent-mad1-1.xx.fbcdn.net\/v\/t39.30808-6\/341077466_563629629186015_2030287631756950312_n.jpg?_nc_cat=102&#038;ccb=1-7&#038;_nc_sid=730e14&#038;_nc_ohc=vYOPtHRiB6QAX8tkeZx&#038;_nc_ht=scontent-mad1-1.xx&#038;oh=00_AfDqrXBg5oicWrvyfpwSNxq_4hPERGVg19UzkoGzwEIkMw&#038;oe=643B50CA\" \/><\/a><br \/><a href=\"https:\/\/scontent-mad1-1.xx.fbcdn.net\/v\/t39.30808-6\/341175862_1291643551740945_330046099838501654_n.jpg?_nc_cat=105&#038;ccb=1-7&#038;_nc_sid=730e14&#038;_nc_ohc=7k-gcMZZzlgAX-4SbhG&#038;_nc_ht=scontent-mad1-1.xx&#038;oh=00_AfD9H_6y1zUkCcfZoyrk1VuSMduXIyfupAlLWWn7qcSdfA&#038;oe=643BE775\"><img decoding=\"async\" class=\"wp_automatic_fb_img\" title=\"\" src=\"https:\/\/scontent-mad1-1.xx.fbcdn.net\/v\/t39.30808-6\/341175862_1291643551740945_330046099838501654_n.jpg?_nc_cat=105&#038;ccb=1-7&#038;_nc_sid=730e14&#038;_nc_ohc=7k-gcMZZzlgAX-4SbhG&#038;_nc_ht=scontent-mad1-1.xx&#038;oh=00_AfD9H_6y1zUkCcfZoyrk1VuSMduXIyfupAlLWWn7qcSdfA&#038;oe=643BE775\" \/><\/a><br \/><a href=\"https:\/\/scontent-mad1-1.xx.fbcdn.net\/v\/t39.30808-6\/341042015_766543954844126_819510970679065651_n.jpg?_nc_cat=100&#038;ccb=1-7&#038;_nc_sid=730e14&#038;_nc_ohc=mObqxFEBdZwAX-ddPHB&#038;_nc_ht=scontent-mad1-1.xx&#038;oh=00_AfA_F41r23zi6gGLeaIq-eZcc1jTP7wDFXZ_nGgCz8fg_Q&#038;oe=643C78FB\"><img decoding=\"async\" class=\"wp_automatic_fb_img\" title=\"\" src=\"https:\/\/scontent-mad1-1.xx.fbcdn.net\/v\/t39.30808-6\/341042015_766543954844126_819510970679065651_n.jpg?_nc_cat=100&#038;ccb=1-7&#038;_nc_sid=730e14&#038;_nc_ohc=mObqxFEBdZwAX-ddPHB&#038;_nc_ht=scontent-mad1-1.xx&#038;oh=00_AfA_F41r23zi6gGLeaIq-eZcc1jTP7wDFXZ_nGgCz8fg_Q&#038;oe=643C78FB\" \/><\/a><br \/><a href=\"https:\/\/scontent-mad2-1.xx.fbcdn.net\/v\/t39.30808-6\/341185108_587790453308891_3705133968689476617_n.jpg?_nc_cat=110&#038;ccb=1-7&#038;_nc_sid=730e14&#038;_nc_ohc=0exrRWlzNWIAX85ZqY2&#038;_nc_ht=scontent-mad2-1.xx&#038;oh=00_AfDTIEdWIszfPF50f1oAdUNvx32FtIMXYMjkFsFQWw4jxw&#038;oe=643D1594\"><img decoding=\"async\" class=\"wp_automatic_fb_img\" title=\"\" src=\"https:\/\/scontent-mad2-1.xx.fbcdn.net\/v\/t39.30808-6\/341185108_587790453308891_3705133968689476617_n.jpg?_nc_cat=110&#038;ccb=1-7&#038;_nc_sid=730e14&#038;_nc_ohc=0exrRWlzNWIAX85ZqY2&#038;_nc_ht=scontent-mad2-1.xx&#038;oh=00_AfDTIEdWIszfPF50f1oAdUNvx32FtIMXYMjkFsFQWw4jxw&#038;oe=643D1594\" \/><\/a><br \/>\n<br \/>\n<br \/><a href=\"https:\/\/www.facebook.com\/100063537194811\/posts\/704863074974926\">source<\/a>  <\/p>","protected":false},"excerpt":{"rendered":"<p>Acte de lliurament de la donaci\u00f3 a l&#8217;associaci\u00f3 ADAFIR de la Carrera solid\u00e0ria de la Dona. Alzira Abril de 2023.- El regidor d&#8217;Esports, Fernando Pascual, juntament amb el T\u00e8cnic d&#8217;Esports, la Presidenta de ADAFIR i la seua junta directiva, han volgut fer lliurament del xec donatiu amb la recaptaci\u00f3 aconseguida el dia 5 de mar\u00e7 [&hellip;]<\/p>\n","protected":false},"author":2,"featured_media":5164,"comment_status":"open","ping_status":"open","sticky":false,"template":"","format":"standard","meta":{"footnotes":""},"categories":[1],"tags":[],"class_list":["post-5163","post","type-post","status-publish","format-standard","has-post-thumbnail","hentry","category-esports-alzira"],"featured_image_src":{"landsacpe":["https:\/\/esportsmunicipalsalzira.com\/wp-content\/uploads\/2023\/04\/341030600_542288044765182_8348195852882155094_n-1140x445.jpg",1140,445,true],"list":["https:\/\/esportsmunicipalsalzira.com\/wp-content\/uploads\/2023\/04\/341030600_542288044765182_8348195852882155094_n-463x348.jpg",463,348,true],"medium":["https:\/\/esportsmunicipalsalzira.com\/wp-content\/uploads\/2023\/04\/341030600_542288044765182_8348195852882155094_n-300x200.jpg",300,200,true],"full":["https:\/\/esportsmunicipalsalzira.com\/wp-content\/uploads\/2023\/04\/341030600_542288044765182_8348195852882155094_n.jpg",2048,1365,false]},"_links":{"self":[{"href":"https:\/\/esportsmunicipalsalzira.com\/es\/wp-json\/wp\/v2\/posts\/5163","targetHints":{"allow":["GET"]}}],"collection":[{"href":"https:\/\/esportsmunicipalsalzira.com\/es\/wp-json\/wp\/v2\/posts"}],"about":[{"href":"https:\/\/esportsmunicipalsalzira.com\/es\/wp-json\/wp\/v2\/types\/post"}],"author":[{"embeddable":true,"href":"https:\/\/esportsmunicipalsalzira.com\/es\/wp-json\/wp\/v2\/users\/2"}],"replies":[{"embeddable":true,"href":"https:\/\/esportsmunicipalsalzira.com\/es\/wp-json\/wp\/v2\/comments?post=5163"}],"version-history":[{"count":0,"href":"https:\/\/esportsmunicipalsalzira.com\/es\/wp-json\/wp\/v2\/posts\/5163\/revisions"}],"wp:featuredmedia":[{"embeddable":true,"href":"https:\/\/esportsmunicipalsalzira.com\/es\/wp-json\/wp\/v2\/media\/5164"}],"wp:attachment":[{"href":"https:\/\/esportsmunicipalsalzira.com\/es\/wp-json\/wp\/v2\/media?parent=5163"}],"wp:term":[{"taxonomy":"category","embeddable":true,"href":"https:\/\/esportsmunicipalsalzira.com\/es\/wp-json\/wp\/v2\/categories?post=5163"},{"taxonomy":"post_tag","embeddable":true,"href":"https:\/\/esportsmunicipalsalzira.com\/es\/wp-json\/wp\/v2\/tags?post=5163"}],"curies":[{"name":"wp","href":"https:\/\/api.w.org\/{rel}","templated":true}]}}