{"id":5217,"date":"2023-04-19T16:15:20","date_gmt":"2023-04-19T14:15:20","guid":{"rendered":"https:\/\/esportsmunicipalsalzira.com\/els-campions-del-mon-de-press-banca-diana-vilches-i-toni-gordo-han-sigut-rebuts-a-lajuntament-despres-duna-ardua-co\/"},"modified":"2023-04-19T16:15:20","modified_gmt":"2023-04-19T14:15:20","slug":"els-campions-del-mon-de-press-banca-diana-vilches-i-toni-gordo-han-sigut-rebuts-a-lajuntament-despres-duna-ardua-co","status":"publish","type":"post","link":"https:\/\/esportsmunicipalsalzira.com\/es\/els-campions-del-mon-de-press-banca-diana-vilches-i-toni-gordo-han-sigut-rebuts-a-lajuntament-despres-duna-ardua-co\/","title":{"rendered":"Los campeones del mundo de Press Banca Diana Vilches y Toni Gordo, han sido recibidos en el ayuntamiento. Despu\u00e9s de una ardua co"},"content":{"rendered":"<p><br \/>\nLos campeones del mundo de Press Banca Diana Vilches y Toni Gordo, han sido recibidos en el ayuntamiento.<\/p>\n<p>Tras una ardua competencia en el Campeonato Mundial de Alzamiento de Pesos, el atleta Diana Vilches, ha vuelto a casa como la campeona indiscutible en la categor\u00eda de press banca femenina. Con una impresionante marca, Diana Vilches super\u00f3 a sus competidoras y estableci\u00f3 un nuevo r\u00e9cord mundial en la disciplina. Toni Gordo, ha quedado subcampe\u00f3n.<\/p>\n<p>La recepci\u00f3n se ha celebrado en el Sal\u00f3n Noble, contando con la presencia del t\u00e9cnico del departamento de Deportes, Enric Taronjer y la concejal de Turismo, Isabel Aguilar.<\/p>\n<p>El concejal de Deportes, Fernando Pascual, agradeci\u00f3 a Diana y Toni, su esfuerzo en su camino hacia el campeonato mundial. Tambi\u00e9n expres\u00f3 su compromiso de seguir apoyando a este deporte para mantener el press banca, ya sus deportistas alzire\u00f1os su posici\u00f3n como los mejores alsadores de pesos del mundo en su categor\u00eda.<\/p>\n<p>Desde el departamento de Deportes, hemos felicitado a Diana Vilches y Toni Gordo, por este impresionante t\u00edtulo mundial y por llevar el nombre de nuestra ciudad a lo alto del podio en el escenario mundial del deporte press banca. Entreg\u00e1ndoles una bandera de nuestra ciudad para que la lleven siempre en cada competici\u00f3n.<\/p>\n<p><a href=\"https:\/\/scontent-mad1-1.xx.fbcdn.net\/v\/t39.30808-6\/342506817_191763153719600_8212320170098431688_n.jpg?_nc_cat=101&#038;ccb=1-7&#038;_nc_sid=730e14&#038;_nc_ohc=fHLnbepxri4AX-sMClh&#038;_nc_ht=scontent-mad1-1.xx&#038;oh=00_AfCWF05NBArUEoSg0qAL-c3b8TJr1_qVinmqQhVOHOurYQ&#038;oe=64452D68\"><img decoding=\"async\" class=\"wp_automatic_fb_img\" title=\"\" src=\"https:\/\/scontent-mad1-1.xx.fbcdn.net\/v\/t39.30808-6\/342506817_191763153719600_8212320170098431688_n.jpg?_nc_cat=101&#038;ccb=1-7&#038;_nc_sid=730e14&#038;_nc_ohc=fHLnbepxri4AX-sMClh&#038;_nc_ht=scontent-mad1-1.xx&#038;oh=00_AfCWF05NBArUEoSg0qAL-c3b8TJr1_qVinmqQhVOHOurYQ&#038;oe=64452D68\" \/><\/a><br \/><a href=\"https:\/\/scontent-mad1-1.xx.fbcdn.net\/v\/t39.30808-6\/342494940_524566303219414_4697247435917857161_n.jpg?_nc_cat=102&#038;ccb=1-7&#038;_nc_sid=730e14&#038;_nc_ohc=MzuP5XG8NlwAX_fcm8M&#038;_nc_ht=scontent-mad1-1.xx&#038;oh=00_AfAPtZovjldeJ7tdJ3ajYOqVMZV8e_-a6N3NpRavSq6w_A&#038;oe=6445588C\"><img decoding=\"async\" class=\"wp_automatic_fb_img\" title=\"\" src=\"https:\/\/scontent-mad1-1.xx.fbcdn.net\/v\/t39.30808-6\/342494940_524566303219414_4697247435917857161_n.jpg?_nc_cat=102&#038;ccb=1-7&#038;_nc_sid=730e14&#038;_nc_ohc=MzuP5XG8NlwAX_fcm8M&#038;_nc_ht=scontent-mad1-1.xx&#038;oh=00_AfAPtZovjldeJ7tdJ3ajYOqVMZV8e_-a6N3NpRavSq6w_A&#038;oe=6445588C\" \/><\/a><br \/><a href=\"https:\/\/scontent-mad2-1.xx.fbcdn.net\/v\/t39.30808-6\/341350178_598677842313116_6958288596898223237_n.jpg?_nc_cat=104&#038;ccb=1-7&#038;_nc_sid=730e14&#038;_nc_ohc=HWOdFDYGOzsAX-6fmM5&#038;_nc_ht=scontent-mad2-1.xx&#038;oh=00_AfDQKEMIdqG6OoN2EMSSlvfnsi8TZqD-bphq1AVg8Acw2Q&#038;oe=64454F2B\"><img decoding=\"async\" class=\"wp_automatic_fb_img\" title=\"\" src=\"https:\/\/scontent-mad2-1.xx.fbcdn.net\/v\/t39.30808-6\/341350178_598677842313116_6958288596898223237_n.jpg?_nc_cat=104&#038;ccb=1-7&#038;_nc_sid=730e14&#038;_nc_ohc=HWOdFDYGOzsAX-6fmM5&#038;_nc_ht=scontent-mad2-1.xx&#038;oh=00_AfDQKEMIdqG6OoN2EMSSlvfnsi8TZqD-bphq1AVg8Acw2Q&#038;oe=64454F2B\" \/><\/a><br \/><a href=\"https:\/\/scontent-mad1-1.xx.fbcdn.net\/v\/t39.30808-6\/342190021_523815209924761_2036777649337810435_n.jpg?_nc_cat=105&#038;ccb=1-7&#038;_nc_sid=730e14&#038;_nc_ohc=EYk-yOy1_x8AX_NLCk_&#038;_nc_ht=scontent-mad1-1.xx&#038;oh=00_AfAoRYu3oX7_03u72xiAdt31aLftF-s3YQl5OSYOqrmf1Q&#038;oe=6444CB26\"><img decoding=\"async\" class=\"wp_automatic_fb_img\" title=\"\" src=\"https:\/\/scontent-mad1-1.xx.fbcdn.net\/v\/t39.30808-6\/342190021_523815209924761_2036777649337810435_n.jpg?_nc_cat=105&#038;ccb=1-7&#038;_nc_sid=730e14&#038;_nc_ohc=EYk-yOy1_x8AX_NLCk_&#038;_nc_ht=scontent-mad1-1.xx&#038;oh=00_AfAoRYu3oX7_03u72xiAdt31aLftF-s3YQl5OSYOqrmf1Q&#038;oe=6444CB26\" \/><\/a><br \/><a href=\"https:\/\/scontent-mad2-1.xx.fbcdn.net\/v\/t39.30808-6\/342165072_6356816377708954_3183793049014148480_n.jpg?_nc_cat=111&#038;ccb=1-7&#038;_nc_sid=730e14&#038;_nc_ohc=LVsfApotKoIAX_rKzoN&#038;_nc_ht=scontent-mad2-1.xx&#038;oh=00_AfD_Pimk7YQFy63_AhLbSy0qWzM0V4eGwyXLSFkLjQ1XrA&#038;oe=64463AB6\"><img decoding=\"async\" class=\"wp_automatic_fb_img\" title=\"\" src=\"https:\/\/scontent-mad2-1.xx.fbcdn.net\/v\/t39.30808-6\/342165072_6356816377708954_3183793049014148480_n.jpg?_nc_cat=111&#038;ccb=1-7&#038;_nc_sid=730e14&#038;_nc_ohc=LVsfApotKoIAX_rKzoN&#038;_nc_ht=scontent-mad2-1.xx&#038;oh=00_AfD_Pimk7YQFy63_AhLbSy0qWzM0V4eGwyXLSFkLjQ1XrA&#038;oe=64463AB6\" \/><\/a><br \/>\n<br \/>\n<br \/><a href=\"https:\/\/www.facebook.com\/100063537194811\/posts\/709506051177295\">source<\/a>  <\/p>","protected":false},"excerpt":{"rendered":"<p>Els campions del m\u00f3n de Press Banca Diana Vilches i Toni Gordo, han sigut rebuts a l&#8217;ajuntament. Despr\u00e9s d&#8217;una \u00e0rdua compet\u00e8ncia en el Campionat Mundial d&#8217;Al\u00e7ament de Pesos, l&#8217;atleta Diana Vilches, ha tornat a casa com la campiona indiscutible en la categoria de press banca femenina. Amb una impressionant marca, Diana Vilches va superar a [&hellip;]<\/p>\n","protected":false},"author":2,"featured_media":5218,"comment_status":"open","ping_status":"open","sticky":false,"template":"","format":"standard","meta":{"footnotes":""},"categories":[1],"tags":[],"class_list":["post-5217","post","type-post","status-publish","format-standard","has-post-thumbnail","hentry","category-esports-alzira"],"featured_image_src":{"landsacpe":["https:\/\/esportsmunicipalsalzira.com\/wp-content\/uploads\/2023\/04\/342506817_191763153719600_8212320170098431688_n-1140x445.jpg",1140,445,true],"list":["https:\/\/esportsmunicipalsalzira.com\/wp-content\/uploads\/2023\/04\/342506817_191763153719600_8212320170098431688_n-463x348.jpg",463,348,true],"medium":["https:\/\/esportsmunicipalsalzira.com\/wp-content\/uploads\/2023\/04\/342506817_191763153719600_8212320170098431688_n-300x225.jpg",300,225,true],"full":["https:\/\/esportsmunicipalsalzira.com\/wp-content\/uploads\/2023\/04\/342506817_191763153719600_8212320170098431688_n.jpg",2048,1536,false]},"_links":{"self":[{"href":"https:\/\/esportsmunicipalsalzira.com\/es\/wp-json\/wp\/v2\/posts\/5217","targetHints":{"allow":["GET"]}}],"collection":[{"href":"https:\/\/esportsmunicipalsalzira.com\/es\/wp-json\/wp\/v2\/posts"}],"about":[{"href":"https:\/\/esportsmunicipalsalzira.com\/es\/wp-json\/wp\/v2\/types\/post"}],"author":[{"embeddable":true,"href":"https:\/\/esportsmunicipalsalzira.com\/es\/wp-json\/wp\/v2\/users\/2"}],"replies":[{"embeddable":true,"href":"https:\/\/esportsmunicipalsalzira.com\/es\/wp-json\/wp\/v2\/comments?post=5217"}],"version-history":[{"count":0,"href":"https:\/\/esportsmunicipalsalzira.com\/es\/wp-json\/wp\/v2\/posts\/5217\/revisions"}],"wp:featuredmedia":[{"embeddable":true,"href":"https:\/\/esportsmunicipalsalzira.com\/es\/wp-json\/wp\/v2\/media\/5218"}],"wp:attachment":[{"href":"https:\/\/esportsmunicipalsalzira.com\/es\/wp-json\/wp\/v2\/media?parent=5217"}],"wp:term":[{"taxonomy":"category","embeddable":true,"href":"https:\/\/esportsmunicipalsalzira.com\/es\/wp-json\/wp\/v2\/categories?post=5217"},{"taxonomy":"post_tag","embeddable":true,"href":"https:\/\/esportsmunicipalsalzira.com\/es\/wp-json\/wp\/v2\/tags?post=5217"}],"curies":[{"name":"wp","href":"https:\/\/api.w.org\/{rel}","templated":true}]}}