{"id":5295,"date":"2023-05-02T12:23:03","date_gmt":"2023-05-02T10:23:03","guid":{"rendered":"https:\/\/esportsmunicipalsalzira.com\/%f0%9d%91%ac%f0%9d%91%bb-%f0%9d%91%b5%f0%9d%91%ac%f0%9d%91%aa%f0%9d%91%ac%f0%9d%91%ba%f0%9d%91%ba%f0%9d%91%b0%f0%9d%91%bb%f0%9d%91%ac%f0%9d%91%b4-mes-que-mai-%f0%9d%92%86%f0%9d%92%95-%f0%9d%92%8f\/"},"modified":"2023-05-02T12:23:03","modified_gmt":"2023-05-02T10:23:03","slug":"%f0%9d%91%ac%f0%9d%91%bb-%f0%9d%91%b5%f0%9d%91%ac%f0%9d%91%aa%f0%9d%91%ac%f0%9d%91%ba%f0%9d%91%ba%f0%9d%91%b0%f0%9d%91%bb%f0%9d%91%ac%f0%9d%91%b4-mes-que-mai-%f0%9d%92%86%f0%9d%92%95-%f0%9d%92%8f","status":"publish","type":"post","link":"https:\/\/esportsmunicipalsalzira.com\/es\/%f0%9d%91%ac%f0%9d%91%bb-%f0%9d%91%b5%f0%9d%91%ac%f0%9d%91%aa%f0%9d%91%ac%f0%9d%91%ba%f0%9d%91%ba%f0%9d%91%b0%f0%9d%91%bb%f0%9d%91%ac%f0%9d%91%b4-mes-que-mai-%f0%9d%92%86%f0%9d%92%95-%f0%9d%92%8f\/","title":{"rendered":"\ud835\udc6c\ud835\udc7b \ud835\udc75\ud835\udc6c\ud835\udc6a\ud835\udc6c\ud835\udc7a\ud835\udc7a\ud835\udc70\ud835\udc7b\ud835\udc6c\ud835\udc74! M\u00e1s que nunca \ud835\udc86\ud835\udc95 \ud835\udc8f\ud835\udc86\ud835\udc84\ud835\udc86\ud835\udc94\ud835\udc94\ud835\udc8a\ud835\udc95\ud835\udc86\ud835\udc8e. El domingo recibimos en el CD Ibiza Islas Pitiusas en el Su\u00f1er a las 12 h en el que"},"content":{"rendered":"<p><br \/>\n\u2764\ufe0f \ud835\udc6c\ud835\udc7b \ud835\udc75\ud835\udc6c\ud835\udc6a\ud835\udc6c\ud835\udc7a\ud835\udc7a\ud835\udc70\ud835\udc7b\ud835\udc6c\ud835\udc74!<\/p>\n<p>\u26bd\ufe0f M\u00e1s que nunca \ud835\udc86\ud835\udc95 \ud835\udc8f\ud835\udc86\ud835\udc84\ud835\udc86\ud835\udc94\ud835\udc94\ud835\udc8a\ud835\udc95\ud835\udc86\ud835\udc8e. El domingo recibimos en el CD Ibiza Islas Pitiusas en el Su\u00f1er a las 12 h en el que ser\u00e1 el \u00faltimo duelo de la temporada regular en casa; solo nos quedar\u00e1 visitar en el Mallorca B en la \u00faltima jornada.<\/p>\n<p>\ud83d\udcb3 La entrada en tribuna tendr\u00e1 un precio de 10\u20ac, mientras que en grada general ser\u00e1 de 5\u20ac. Los j\u00f3venes -entre 2001 y 2008- pagar\u00e1n 3\u20ac en grada general, y los nacidos entre 2009 y 2023 tienen entrada gratuita.<\/p>\n<p>\ud83d\udc69 Con motivo del d\u00eda de la madre, las mujeres tendr\u00e1n la entrada gratuita.<\/p>\n<p>\ud83d\udcd5 Aquel que compre el libro del Centenario tendr\u00e1 dos entradas de regalo en tribuna.<\/p>\n<p><a href=\"https:\/\/scontent-mad1-1.xx.fbcdn.net\/v\/t39.30808-6\/344738122_1671377499989549_6350255730168511885_n.jpg?stp=dst-jpg_p526x296&#038;_nc_cat=107&#038;ccb=1-7&#038;_nc_sid=730e14&#038;_nc_ohc=EwRsyLvBiRsAX8fiOp7&#038;_nc_ht=scontent-mad1-1.xx&#038;oh=00_AfC9NjOqNYf8a2T-OtS-Rnt2vFtl0ZfPnNqNdiKV_vB01w&#038;oe=6456E5E0\"><img decoding=\"async\" class=\"wp_automatic_fb_img\" title=\"\" src=\"https:\/\/scontent-mad1-1.xx.fbcdn.net\/v\/t39.30808-6\/344738122_1671377499989549_6350255730168511885_n.jpg?stp=dst-jpg_p526x296&#038;_nc_cat=107&#038;ccb=1-7&#038;_nc_sid=730e14&#038;_nc_ohc=EwRsyLvBiRsAX8fiOp7&#038;_nc_ht=scontent-mad1-1.xx&#038;oh=00_AfC9NjOqNYf8a2T-OtS-Rnt2vFtl0ZfPnNqNdiKV_vB01w&#038;oe=6456E5E0\" \/><\/a><br \/>\n<br \/>\n<br \/><a href=\"https:\/\/www.facebook.com\/100063537194811\/posts\/718505663610667\">source<\/a>  <\/p>","protected":false},"excerpt":{"rendered":"<p>\u2764\ufe0f \ud835\udc6c\ud835\udc7b \ud835\udc75\ud835\udc6c\ud835\udc6a\ud835\udc6c\ud835\udc7a\ud835\udc7a\ud835\udc70\ud835\udc7b\ud835\udc6c\ud835\udc74! \u26bd\ufe0f M\u00e9s que mai \ud835\udc86\ud835\udc95 \ud835\udc8f\ud835\udc86\ud835\udc84\ud835\udc86\ud835\udc94\ud835\udc94\ud835\udc8a\ud835\udc95\ud835\udc86\ud835\udc8e. Diumenge rebem al CD Ibiza Islas Pitiusas en el Su\u00f1er a les 12 h en el que ser\u00e0 l&#8217;\u00faltim duel de la temporada regular en casa; solament ens quedar\u00e0 visitar al Mallorca B en l&#8217;\u00faltima jornada. \ud83d\udcb3 L&#8217;entrada en tribuna tindr\u00e0 un preu de 10 \u20ac, [&hellip;]<\/p>\n","protected":false},"author":2,"featured_media":5296,"comment_status":"open","ping_status":"open","sticky":false,"template":"","format":"standard","meta":{"footnotes":""},"categories":[1],"tags":[],"class_list":["post-5295","post","type-post","status-publish","format-standard","has-post-thumbnail","hentry","category-esports-alzira"],"featured_image_src":{"landsacpe":["https:\/\/esportsmunicipalsalzira.com\/wp-content\/uploads\/2023\/05\/344738122_1671377499989549_6350255730168511885_n-526x445.jpg",526,445,true],"list":["https:\/\/esportsmunicipalsalzira.com\/wp-content\/uploads\/2023\/05\/344738122_1671377499989549_6350255730168511885_n-463x348.jpg",463,348,true],"medium":["https:\/\/esportsmunicipalsalzira.com\/wp-content\/uploads\/2023\/05\/344738122_1671377499989549_6350255730168511885_n-300x300.jpg",300,300,true],"full":["https:\/\/esportsmunicipalsalzira.com\/wp-content\/uploads\/2023\/05\/344738122_1671377499989549_6350255730168511885_n.jpg",526,526,false]},"_links":{"self":[{"href":"https:\/\/esportsmunicipalsalzira.com\/es\/wp-json\/wp\/v2\/posts\/5295","targetHints":{"allow":["GET"]}}],"collection":[{"href":"https:\/\/esportsmunicipalsalzira.com\/es\/wp-json\/wp\/v2\/posts"}],"about":[{"href":"https:\/\/esportsmunicipalsalzira.com\/es\/wp-json\/wp\/v2\/types\/post"}],"author":[{"embeddable":true,"href":"https:\/\/esportsmunicipalsalzira.com\/es\/wp-json\/wp\/v2\/users\/2"}],"replies":[{"embeddable":true,"href":"https:\/\/esportsmunicipalsalzira.com\/es\/wp-json\/wp\/v2\/comments?post=5295"}],"version-history":[{"count":0,"href":"https:\/\/esportsmunicipalsalzira.com\/es\/wp-json\/wp\/v2\/posts\/5295\/revisions"}],"wp:featuredmedia":[{"embeddable":true,"href":"https:\/\/esportsmunicipalsalzira.com\/es\/wp-json\/wp\/v2\/media\/5296"}],"wp:attachment":[{"href":"https:\/\/esportsmunicipalsalzira.com\/es\/wp-json\/wp\/v2\/media?parent=5295"}],"wp:term":[{"taxonomy":"category","embeddable":true,"href":"https:\/\/esportsmunicipalsalzira.com\/es\/wp-json\/wp\/v2\/categories?post=5295"},{"taxonomy":"post_tag","embeddable":true,"href":"https:\/\/esportsmunicipalsalzira.com\/es\/wp-json\/wp\/v2\/tags?post=5295"}],"curies":[{"name":"wp","href":"https:\/\/api.w.org\/{rel}","templated":true}]}}