{"id":5349,"date":"2023-05-08T19:39:03","date_gmt":"2023-05-08T17:39:03","guid":{"rendered":"https:\/\/esportsmunicipalsalzira.com\/%f0%9d%90%84%f0%9d%90%8b-%f0%9d%90%88%f0%9d%90%8d%f0%9d%90%85%f0%9d%90%80%f0%9d%90%8d%f0%9d%90%93%f0%9d%90%88%f0%9d%90%8b-%f0%9d%90%80-%f0%9d%90%80%f0%9d%90%94%f0%9d%90%93%f0%9d%90%8e%f0%9d%90%8d\/"},"modified":"2023-05-08T19:39:03","modified_gmt":"2023-05-08T17:39:03","slug":"%f0%9d%90%84%f0%9d%90%8b-%f0%9d%90%88%f0%9d%90%8d%f0%9d%90%85%f0%9d%90%80%f0%9d%90%8d%f0%9d%90%93%f0%9d%90%88%f0%9d%90%8b-%f0%9d%90%80-%f0%9d%90%80%f0%9d%90%94%f0%9d%90%93%f0%9d%90%8e%f0%9d%90%8d","status":"publish","type":"post","link":"https:\/\/esportsmunicipalsalzira.com\/es\/%f0%9d%90%84%f0%9d%90%8b-%f0%9d%90%88%f0%9d%90%8d%f0%9d%90%85%f0%9d%90%80%f0%9d%90%8d%f0%9d%90%93%f0%9d%90%88%f0%9d%90%8b-%f0%9d%90%80-%f0%9d%90%80%f0%9d%90%94%f0%9d%90%93%f0%9d%90%8e%f0%9d%90%8d\/","title":{"rendered":"\ud835\udc04\ud835\udc0b \ud835\udc08\ud835\udc0d\ud835\udc05\ud835\udc00\ud835\udc0d\ud835\udc13\ud835\udc08\ud835\udc0b \ud835\udc00 \ud835\udc00\ud835\udc14\ud835\udc13\ud835\udc0e\ud835\udc0d\ud835\udc0e\u0301\ud835\udc0c\ud835\udc08\ud835\udc02\ud835\udc00 La UD tendr\u00e1 Infantil en"},"content":{"rendered":"<p><br \/>\n\u26bd\ufe0f \ud835\udc04\ud835\udc0b \ud835\udc08\ud835\udc0d\ud835\udc05\ud835\udc00\ud835\udc0d\ud835\udc13\ud835\udc08\ud835\udc0b \ud835\udc00 \ud835\udc00\ud835\udc14\ud835\udc13\ud835\udc0e\ud835\udc0d\ud835\udc0e\u0301\ud835\udc0c\ud835\udc08\ud835\udc02\ud835\udc00<\/p>\n<p>La UD tendr\u00e1 Infantil en Auton\u00f3mica la pr\u00f3xima temporada despu\u00e9s de una grand\u00edsima temporada del Infantil A, que cerr\u00f3 el pasado s\u00e1bado en Carcaixent lo devuelvo a la m\u00e1xima categor\u00eda infantil.<\/p>\n<p>\ud83d\udd25 BRUTAL trabajo de un gran grupo que ha ido mejorando registros y superando obst\u00e1culos en el desarrollo de la temporada.<br \/>\n-<br \/>\n\u26bd\ufe0f \ud835\udc0b\u275c\ud835\udc08\ud835\udc0d\ud835\udc05\ud835\udc00\ud835\udc0d\ud835\udc13\ud835\udc08\ud835\udc0b \ud835\udc00 \ud835\udc00\ud835\udc14\ud835\udc13\ud835\udc0e\ud835\udc0d\ud835\udc0e\u0300\ud835\udc0c\ud835\udc08\ud835\udc02\ud835\udc00!<\/p>\n<p>La UD tendr\u00e1 Infantil en Auton\u00f3mica la pr\u00f3xima temporada despu\u00e9s de una grand\u00edsima temporada del Infantil A, que cerr\u00f3 el pasado s\u00e1bado en Carcaixent el regreso a la m\u00e1xima categor\u00eda infantil.<\/p>\n<p>\ud83d\udd25 BRUTAL trabajo de un pelot\u00f3n que ha ido mejorando registros y superando obst\u00e1culos en el desarrollo de la temporada.<\/p>\n<p><a href=\"https:\/\/scontent-mad2-1.xx.fbcdn.net\/v\/t39.30808-6\/346063067_2666409723498860_1531999676259444699_n.jpg?stp=dst-jpg_s960x960&#038;_nc_cat=111&#038;ccb=1-7&#038;_nc_sid=730e14&#038;_nc_ohc=rsDIQ994jCQAX_KCAlD&#038;_nc_ht=scontent-mad2-1.xx&#038;oh=00_AfCxyKsqhmzu36wCClJ3o7kqsX2Euwm-2kmkXqnIZ6uY1A&#038;oe=6461E4EF\"><img decoding=\"async\" class=\"wp_automatic_fb_img\" title=\"\" src=\"https:\/\/scontent-mad2-1.xx.fbcdn.net\/v\/t39.30808-6\/346063067_2666409723498860_1531999676259444699_n.jpg?stp=dst-jpg_s960x960&#038;_nc_cat=111&#038;ccb=1-7&#038;_nc_sid=730e14&#038;_nc_ohc=rsDIQ994jCQAX_KCAlD&#038;_nc_ht=scontent-mad2-1.xx&#038;oh=00_AfCxyKsqhmzu36wCClJ3o7kqsX2Euwm-2kmkXqnIZ6uY1A&#038;oe=6461E4EF\" \/><\/a><br \/>\n<br \/>\n<br \/><a href=\"https:\/\/www.facebook.com\/100063537194811\/posts\/723416583119575\">source<\/a>  <\/p>","protected":false},"excerpt":{"rendered":"<p>\u26bd\ufe0f \ud835\udc04\ud835\udc0b \ud835\udc08\ud835\udc0d\ud835\udc05\ud835\udc00\ud835\udc0d\ud835\udc13\ud835\udc08\ud835\udc0b \ud835\udc00 \ud835\udc00\ud835\udc14\ud835\udc13\ud835\udc0e\ud835\udc0d\ud835\udc0e\u0301\ud835\udc0c\ud835\udc08\ud835\udc02\ud835\udc00 La UD tendr\u00e1 Infantil en Auton\u00f3mica la pr\u00f3xima temporada despu\u00e9s de una grand\u00edsima temporada del Infantil A, que cerr\u00f3 el pasado s\u00e1bado en Carcaixent el retorno a la m\u00e1xima categoria infantil. \ud83d\udd25 BRUTAL trabajo de un gran grupo que ha ido mejorando registros y superando obstaculos en el desarrollo de [&hellip;]<\/p>\n","protected":false},"author":2,"featured_media":5350,"comment_status":"open","ping_status":"open","sticky":false,"template":"","format":"standard","meta":{"footnotes":""},"categories":[1],"tags":[],"class_list":["post-5349","post","type-post","status-publish","format-standard","has-post-thumbnail","hentry","category-esports-alzira"],"featured_image_src":{"landsacpe":["https:\/\/esportsmunicipalsalzira.com\/wp-content\/uploads\/2023\/05\/346063067_2666409723498860_1531999676259444699_n-960x445.jpg",960,445,true],"list":["https:\/\/esportsmunicipalsalzira.com\/wp-content\/uploads\/2023\/05\/346063067_2666409723498860_1531999676259444699_n-463x348.jpg",463,348,true],"medium":["https:\/\/esportsmunicipalsalzira.com\/wp-content\/uploads\/2023\/05\/346063067_2666409723498860_1531999676259444699_n-300x157.jpg",300,157,true],"full":["https:\/\/esportsmunicipalsalzira.com\/wp-content\/uploads\/2023\/05\/346063067_2666409723498860_1531999676259444699_n.jpg",960,503,false]},"_links":{"self":[{"href":"https:\/\/esportsmunicipalsalzira.com\/es\/wp-json\/wp\/v2\/posts\/5349","targetHints":{"allow":["GET"]}}],"collection":[{"href":"https:\/\/esportsmunicipalsalzira.com\/es\/wp-json\/wp\/v2\/posts"}],"about":[{"href":"https:\/\/esportsmunicipalsalzira.com\/es\/wp-json\/wp\/v2\/types\/post"}],"author":[{"embeddable":true,"href":"https:\/\/esportsmunicipalsalzira.com\/es\/wp-json\/wp\/v2\/users\/2"}],"replies":[{"embeddable":true,"href":"https:\/\/esportsmunicipalsalzira.com\/es\/wp-json\/wp\/v2\/comments?post=5349"}],"version-history":[{"count":0,"href":"https:\/\/esportsmunicipalsalzira.com\/es\/wp-json\/wp\/v2\/posts\/5349\/revisions"}],"wp:featuredmedia":[{"embeddable":true,"href":"https:\/\/esportsmunicipalsalzira.com\/es\/wp-json\/wp\/v2\/media\/5350"}],"wp:attachment":[{"href":"https:\/\/esportsmunicipalsalzira.com\/es\/wp-json\/wp\/v2\/media?parent=5349"}],"wp:term":[{"taxonomy":"category","embeddable":true,"href":"https:\/\/esportsmunicipalsalzira.com\/es\/wp-json\/wp\/v2\/categories?post=5349"},{"taxonomy":"post_tag","embeddable":true,"href":"https:\/\/esportsmunicipalsalzira.com\/es\/wp-json\/wp\/v2\/tags?post=5349"}],"curies":[{"name":"wp","href":"https:\/\/api.w.org\/{rel}","templated":true}]}}