{"id":5370,"date":"2023-05-14T14:08:06","date_gmt":"2023-05-14T12:08:06","guid":{"rendered":"https:\/\/esportsmunicipalsalzira.com\/el-regidor-desports-fernando-pascual-felicita-la-ud-alzira-per-la-seua-victoria-de-hui-enfront-del-club-mallorca-amb\/"},"modified":"2023-05-14T14:08:06","modified_gmt":"2023-05-14T12:08:06","slug":"el-regidor-desports-fernando-pascual-felicita-la-ud-alzira-per-la-seua-victoria-de-hui-enfront-del-club-mallorca-amb","status":"publish","type":"post","link":"https:\/\/esportsmunicipalsalzira.com\/es\/el-regidor-desports-fernando-pascual-felicita-la-ud-alzira-per-la-seua-victoria-de-hui-enfront-del-club-mallorca-amb\/","title":{"rendered":"El concejal de deportes, Fernando Pascual, felicita a la UD Alzira por su victoria de hoy frente al Club Mallorca, con"},"content":{"rendered":"<p><br \/>\nEl concejal de deportes, Fernando Pascual, felicita a la UD Alzira por su victoria de hoy frente al Club Mallorca, con un resultado de 2-3 a favor de los Alzire\u00f1os.<br \/>\nEl partido, que ha sido muy emocionante y disputado, ha permitido al equipo de nuestra ciudad asegurar su permanencia en la 2\u00aa RFEF, lo que supone todo un \u00e9xito para el f\u00fatbol de Alzira.<br \/>\nFernando Pascual, quiere agradecer a los jugadores, t\u00e9cnicos, presidente Juan Antonio Sanjuan, vicepresidente, Rafa Asensio y directivos de la UD Alzira por el esfuerzo y dedicaci\u00f3n que han demostrado a lo largo de toda la temporada, y que han permitido al equipo conseguir los objetivos marcados al principio de \u00e9sta.<br \/>\nAsimismo, el concejal ha destacado el papel del deporte como herramienta de cohesi\u00f3n social y de promoci\u00f3n de valores positivos entre los ciudadanos, y ha animado a la ciudadan\u00eda a seguir apoyando al equipo en la pr\u00f3xima temporada<\/p>\n<p><a href=\"https:\/\/scontent-mad1-1.xx.fbcdn.net\/v\/t39.30808-6\/347116290_613225790516721_4714225533316144778_n.jpg?_nc_cat=101&#038;ccb=1-7&#038;_nc_sid=730e14&#038;_nc_ohc=CWqMCxiw92AAX8CUwiT&#038;_nc_ht=scontent-mad1-1.xx&#038;oh=00_AfCMpNT3ZsIqeL1XF4qhnVwZHqTPikK364JKt68g1g4o3g&#038;oe=6464DA93\"><img decoding=\"async\" class=\"wp_automatic_fb_img\" title=\"\" src=\"https:\/\/scontent-mad1-1.xx.fbcdn.net\/v\/t39.30808-6\/347116290_613225790516721_4714225533316144778_n.jpg?_nc_cat=101&#038;ccb=1-7&#038;_nc_sid=730e14&#038;_nc_ohc=CWqMCxiw92AAX8CUwiT&#038;_nc_ht=scontent-mad1-1.xx&#038;oh=00_AfCMpNT3ZsIqeL1XF4qhnVwZHqTPikK364JKt68g1g4o3g&#038;oe=6464DA93\" \/><\/a><br \/>\n<br \/>\n<br \/><a href=\"https:\/\/www.facebook.com\/100063537194811\/posts\/727505452710688\">source<\/a>  <\/p>","protected":false},"excerpt":{"rendered":"<p>El regidor d&#8217;esports, Fernando Pascual, felicita la UD Alzira per la seua vict\u00f2ria de hui enfront del Club Mallorca, amb un resultat de 2-3 a favor dels Alzirenys. El partit, que ha sigut molt emocionant i disputat, ha perm\u00e9s a l&#8217;equip de la nostra ciutat assegurar la seua perman\u00e8ncia en la 2a RFEF, la qual [&hellip;]<\/p>\n","protected":false},"author":2,"featured_media":5371,"comment_status":"open","ping_status":"open","sticky":false,"template":"","format":"standard","meta":{"footnotes":""},"categories":[1],"tags":[],"class_list":["post-5370","post","type-post","status-publish","format-standard","has-post-thumbnail","hentry","category-esports-alzira"],"featured_image_src":{"landsacpe":["https:\/\/esportsmunicipalsalzira.com\/wp-content\/uploads\/2023\/05\/347116290_613225790516721_4714225533316144778_n-526x445.jpg",526,445,true],"list":["https:\/\/esportsmunicipalsalzira.com\/wp-content\/uploads\/2023\/05\/347116290_613225790516721_4714225533316144778_n-463x348.jpg",463,348,true],"medium":["https:\/\/esportsmunicipalsalzira.com\/wp-content\/uploads\/2023\/05\/347116290_613225790516721_4714225533316144778_n-300x300.jpg",300,300,true],"full":["https:\/\/esportsmunicipalsalzira.com\/wp-content\/uploads\/2023\/05\/347116290_613225790516721_4714225533316144778_n.jpg",526,526,false]},"_links":{"self":[{"href":"https:\/\/esportsmunicipalsalzira.com\/es\/wp-json\/wp\/v2\/posts\/5370","targetHints":{"allow":["GET"]}}],"collection":[{"href":"https:\/\/esportsmunicipalsalzira.com\/es\/wp-json\/wp\/v2\/posts"}],"about":[{"href":"https:\/\/esportsmunicipalsalzira.com\/es\/wp-json\/wp\/v2\/types\/post"}],"author":[{"embeddable":true,"href":"https:\/\/esportsmunicipalsalzira.com\/es\/wp-json\/wp\/v2\/users\/2"}],"replies":[{"embeddable":true,"href":"https:\/\/esportsmunicipalsalzira.com\/es\/wp-json\/wp\/v2\/comments?post=5370"}],"version-history":[{"count":0,"href":"https:\/\/esportsmunicipalsalzira.com\/es\/wp-json\/wp\/v2\/posts\/5370\/revisions"}],"wp:featuredmedia":[{"embeddable":true,"href":"https:\/\/esportsmunicipalsalzira.com\/es\/wp-json\/wp\/v2\/media\/5371"}],"wp:attachment":[{"href":"https:\/\/esportsmunicipalsalzira.com\/es\/wp-json\/wp\/v2\/media?parent=5370"}],"wp:term":[{"taxonomy":"category","embeddable":true,"href":"https:\/\/esportsmunicipalsalzira.com\/es\/wp-json\/wp\/v2\/categories?post=5370"},{"taxonomy":"post_tag","embeddable":true,"href":"https:\/\/esportsmunicipalsalzira.com\/es\/wp-json\/wp\/v2\/tags?post=5370"}],"curies":[{"name":"wp","href":"https:\/\/api.w.org\/{rel}","templated":true}]}}