{"id":5407,"date":"2023-05-20T21:26:26","date_gmt":"2023-05-20T19:26:26","guid":{"rendered":"https:\/\/esportsmunicipalsalzira.com\/el-regidor-desports-fernando-pascual-felicita-lalzira-fs-per-la-seua-destacada-victoria-de-hui-contra-parrulo-ferro\/"},"modified":"2023-05-20T21:26:26","modified_gmt":"2023-05-20T19:26:26","slug":"el-regidor-desports-fernando-pascual-felicita-lalzira-fs-per-la-seua-destacada-victoria-de-hui-contra-parrulo-ferro","status":"publish","type":"post","link":"https:\/\/esportsmunicipalsalzira.com\/es\/el-regidor-desports-fernando-pascual-felicita-lalzira-fs-per-la-seua-destacada-victoria-de-hui-contra-parrulo-ferro\/","title":{"rendered":"El concejal de deportes, Fernando Pascual, felicita al Alzira FS, por su destacada victoria de hoy contra Parrulo Ferro"},"content":{"rendered":"<p><br \/>\nEl concejal de deportes, Fernando Pascual, felicita al Alzira FS, por su destacada victoria de hoy contra Parrulo Ferrol en la primera eliminatoria del playoff de ascenso a la Primera Divisi\u00f3n del F\u00fatbol Sala de Espa\u00f1a. Ha sido un partido emocionante y lleno de acci\u00f3n que en reflejar el esfuerzo y la dedicaci\u00f3n de todo el equipo.<br \/>\nEl rendimiento mostrado por los jugadores fue excepcional demostrando su habilidad en el campo. Su trabajo en equipo, determinaci\u00f3n y habilidades individuales fueron clave para conseguir esa importante victoria.<br \/>\nEstoy orgulloso de su desempe\u00f1o y representaci\u00f3n de nuestra ciudad en esta competici\u00f3n. Esta victoria es un reflejo del talento y el duro trabajo que han dedicado durante toda la temporada. Les animo a mantener el mismo nivel de compromiso y determinaci\u00f3n en los pr\u00f3ximos partidos del playoff.<br \/>\nEn nombre del Ayuntamiento de Alzira, les env\u00edo mis m\u00e1s sinceras felicitaciones y les deseo mucho \u00e9xito en su camino hacia la primera divisi\u00f3n.<br \/>\nEstoy seguro de que continuar\u00e1n dejando en alto el nombre de nuestra ciudad y nos brindar\u00e1n m\u00e1s momentos emocionantes en el mundo del f\u00fatbol Sala. \u00a1Enhorabuena nuevamente!<\/p>\n<p><a href=\"https:\/\/scontent-mad2-1.xx.fbcdn.net\/v\/t39.30808-6\/348422471_768254674833830_4449433700050622929_n.jpg?_nc_cat=109&#038;ccb=1-7&#038;_nc_sid=730e14&#038;_nc_ohc=3dbjzOO5NWoAX_pqWiF&#038;_nc_ht=scontent-mad2-1.xx&#038;oh=00_AfAfnWd804i5BlELcr_46tO4Q9fsA4oKquJUtk7ri8JD1g&#038;oe=646D9E1B\"><img decoding=\"async\" class=\"wp_automatic_fb_img\" title=\"\" src=\"https:\/\/scontent-mad2-1.xx.fbcdn.net\/v\/t39.30808-6\/348422471_768254674833830_4449433700050622929_n.jpg?_nc_cat=109&#038;ccb=1-7&#038;_nc_sid=730e14&#038;_nc_ohc=3dbjzOO5NWoAX_pqWiF&#038;_nc_ht=scontent-mad2-1.xx&#038;oh=00_AfAfnWd804i5BlELcr_46tO4Q9fsA4oKquJUtk7ri8JD1g&#038;oe=646D9E1B\" \/><\/a><br \/><a href=\"https:\/\/scontent-mad1-1.xx.fbcdn.net\/v\/t39.30808-6\/348454603_1309078796354227_1955440239545218706_n.jpg?_nc_cat=101&#038;ccb=1-7&#038;_nc_sid=730e14&#038;_nc_ohc=DoVRh81eXFAAX9XAfeJ&#038;_nc_ht=scontent-mad1-1.xx&#038;oh=00_AfCLg7efiNpTq_rtVMjYPMIAn7KyrxMEv8JC62plWkgl9Q&#038;oe=646E628A\"><img decoding=\"async\" class=\"wp_automatic_fb_img\" title=\"\" src=\"https:\/\/scontent-mad1-1.xx.fbcdn.net\/v\/t39.30808-6\/348454603_1309078796354227_1955440239545218706_n.jpg?_nc_cat=101&#038;ccb=1-7&#038;_nc_sid=730e14&#038;_nc_ohc=DoVRh81eXFAAX9XAfeJ&#038;_nc_ht=scontent-mad1-1.xx&#038;oh=00_AfCLg7efiNpTq_rtVMjYPMIAn7KyrxMEv8JC62plWkgl9Q&#038;oe=646E628A\" \/><\/a><br \/>\n<br \/>\n<br \/><a href=\"https:\/\/www.facebook.com\/100063537194811\/posts\/732150222246211\">source<\/a>  <\/p>","protected":false},"excerpt":{"rendered":"<p>El regidor d&#8217;esports, Fernando Pascual, felicita l&#8217;Alzira FS, per la seua destacada vict\u00f2ria de hui contra Parrulo Ferrol en la primera eliminat\u00f2ria del playoff d&#8217;ascens a la Primera Divisi\u00f3 del Futbol Sala d&#8217;Espanya. Ha segut un partit emocionant i ple d&#8217;acci\u00f3 que a reflectir l&#8217;esfor\u00e7 i la dedicaci\u00f3 de tot l&#8217;equip. El rendiment mostrat pels [&hellip;]<\/p>\n","protected":false},"author":2,"featured_media":5408,"comment_status":"open","ping_status":"open","sticky":false,"template":"","format":"standard","meta":{"footnotes":""},"categories":[1],"tags":[],"class_list":["post-5407","post","type-post","status-publish","format-standard","has-post-thumbnail","hentry","category-esports-alzira"],"featured_image_src":{"landsacpe":["https:\/\/esportsmunicipalsalzira.com\/wp-content\/uploads\/2023\/05\/348422471_768254674833830_4449433700050622929_n-1140x445.jpg",1140,445,true],"list":["https:\/\/esportsmunicipalsalzira.com\/wp-content\/uploads\/2023\/05\/348422471_768254674833830_4449433700050622929_n-463x348.jpg",463,348,true],"medium":["https:\/\/esportsmunicipalsalzira.com\/wp-content\/uploads\/2023\/05\/348422471_768254674833830_4449433700050622929_n-300x200.jpg",300,200,true],"full":["https:\/\/esportsmunicipalsalzira.com\/wp-content\/uploads\/2023\/05\/348422471_768254674833830_4449433700050622929_n.jpg",2048,1365,false]},"_links":{"self":[{"href":"https:\/\/esportsmunicipalsalzira.com\/es\/wp-json\/wp\/v2\/posts\/5407","targetHints":{"allow":["GET"]}}],"collection":[{"href":"https:\/\/esportsmunicipalsalzira.com\/es\/wp-json\/wp\/v2\/posts"}],"about":[{"href":"https:\/\/esportsmunicipalsalzira.com\/es\/wp-json\/wp\/v2\/types\/post"}],"author":[{"embeddable":true,"href":"https:\/\/esportsmunicipalsalzira.com\/es\/wp-json\/wp\/v2\/users\/2"}],"replies":[{"embeddable":true,"href":"https:\/\/esportsmunicipalsalzira.com\/es\/wp-json\/wp\/v2\/comments?post=5407"}],"version-history":[{"count":0,"href":"https:\/\/esportsmunicipalsalzira.com\/es\/wp-json\/wp\/v2\/posts\/5407\/revisions"}],"wp:featuredmedia":[{"embeddable":true,"href":"https:\/\/esportsmunicipalsalzira.com\/es\/wp-json\/wp\/v2\/media\/5408"}],"wp:attachment":[{"href":"https:\/\/esportsmunicipalsalzira.com\/es\/wp-json\/wp\/v2\/media?parent=5407"}],"wp:term":[{"taxonomy":"category","embeddable":true,"href":"https:\/\/esportsmunicipalsalzira.com\/es\/wp-json\/wp\/v2\/categories?post=5407"},{"taxonomy":"post_tag","embeddable":true,"href":"https:\/\/esportsmunicipalsalzira.com\/es\/wp-json\/wp\/v2\/tags?post=5407"}],"curies":[{"name":"wp","href":"https:\/\/api.w.org\/{rel}","templated":true}]}}