{"id":5481,"date":"2023-05-28T09:30:05","date_gmt":"2023-05-28T07:30:05","guid":{"rendered":"https:\/\/esportsmunicipalsalzira.com\/ahir-a-la-vesprada-el-regidor-desports-fernando-pascual-va-assistir-al-partit-entre-el-club-de-futbol-sala-alzira-i-el\/"},"modified":"2023-05-28T09:30:05","modified_gmt":"2023-05-28T07:30:05","slug":"ahir-a-la-vesprada-el-regidor-desports-fernando-pascual-va-assistir-al-partit-entre-el-club-de-futbol-sala-alzira-i-el","status":"publish","type":"post","link":"https:\/\/esportsmunicipalsalzira.com\/es\/ahir-a-la-vesprada-el-regidor-desports-fernando-pascual-va-assistir-al-partit-entre-el-club-de-futbol-sala-alzira-i-el\/","title":{"rendered":"Ayer por la tarde el concejal de deportes, Fernando Pascual asisti\u00f3 al partido entre el Club de F\u00fatbol Sala Alzira y el"},"content":{"rendered":"<p><br \/>\n<img decoding=\"async\"  title=\"\" src=\"https:\/\/scontent-mad1-1.xx.fbcdn.net\/v\/t15.5256-10\/350374259_1247105862597728_1894847173069079457_n.jpg?stp=cp0_dst-jpg_e15_q65_s320x320&#038;_nc_cat=105&#038;ccb=1-7&#038;_nc_sid=ccf8b3&#038;efg=eyJpIjoidCJ9&#038;_nc_ohc=Hns-X6hxb4EAX9umvC4&#038;_nc_ht=scontent-mad1-1.xx&#038;oh=00_AfB3mr3vXYzxLsxhj_reDHDviZtJz5DW0evOkc2Z33DsIg&#038;oe=6477D662\" \/><\/a><\/p>\n<p><div><span data-sigil=\"expose\"><\/p>\n<p>Ahir a la vesprada el regidor d&#8217;esports, Fernando Pascual va assistir al partit entre el Club de Futbol Sala Alzira i el club O Parrulo FS de Ferrol. Partit  que s&#8217;emmarca dins del playoff d&#8217;ascens a Primera<\/span><span class=\"text_exposed_show\"> Divisi\u00f3. <br \/> L&#8217;equip ha demostrat un rendiment excepcional i ha aconseguit un destacat resultat en aquesta important trobada.<br \/> El partit, disputat al Palau d&#8217;esports, ple fins a la bandera que aficionats, ha sigut una mostra de dedicaci\u00f3 i esfor\u00e7 per part dels nostres jugadors, els qui han brindat un espectacle emocionant als aficionats presents. T<br \/> Ara, amb gran entusiasme i determinaci\u00f3, ens preparem per al pr\u00f2xim partit que es dur\u00e0 a terme a Ferrol. <br \/> Des del departament d&#8217;esports reconeixem el desafiament que enfrontarem, per\u00f2 confiem plenament en la capacitat del nostre equip per a superar-lo. Sabem que els nostres jugadors donaran el millor de si mateixos i defensaran amb orgull els colors d&#8217;Alzira.<br \/> Junts, continuarem lluitant per aconseguir el nostre objectiu d&#8217;ascendir a Primera Divisi\u00f3.<\/span><\/p>\n<div class=\"text_exposed_show\"><\/div>\n<p><\/span><\/div>\n<div id=\"fb-root\"><\/div><script>window.fbAsyncInit = function() {FB.init({appId      : '',xfbml      : true,version    : 'v2.5'});var my_video_player;FB.Event.subscribe('xfbml.ready', function(msg) {if (msg.type === 'video') {my_video_player = msg.instance; my_video_player.unmute();}});};(function(d, s, id) {  var js, fjs = d.getElementsByTagName(s)[0];  if (d.getElementById(id)) return;  js = d.createElement(s); js.id = id;  js.src = \"\/\/connect.facebook.net\/en_US\/sdk.js#xfbml=1&version=v2.3\";  fjs.parentNode.insertBefore(js, fjs);}(document, 'script', 'facebook-jssdk'));  <\/script><div class=\"fb-video\"    data-autoplay=\"false\" data-width=\"500\" data-allowfullscreen=\"true\" data-href=\"https:\/\/www.facebook.com\/video.php?v=770786611255188&set=vb.500808182&type=1\"><div class=\"fb-xfbml-parse-ignore\"><\/div><\/div>\n\n\n\t\n\n<br \/>\n<br \/>\n<br \/><a href=\"https:\/\/www.facebook.com\/100063537194811\/posts\/737576028370297\">Source<\/a>  <\/p>\n","protected":false},"excerpt":{"rendered":"<p>Ahir a la vesprada el regidor d&#8217;esports, Fernando Pascual va assistir al partit entre el Club de Futbol Sala Alzira i el club O Parrulo FS de Ferrol. Partit que s&#8217;emmarca dins del playoff d&#8217;ascens a Primera Divisi\u00f3. L&#8217;equip ha demostrat un rendiment excepcional i ha aconseguit un destacat resultat en aquesta important trobada. El [&hellip;]<\/p>\n","protected":false},"author":2,"featured_media":5482,"comment_status":"open","ping_status":"open","sticky":false,"template":"","format":"standard","meta":{"footnotes":""},"categories":[1],"tags":[],"class_list":["post-5481","post","type-post","status-publish","format-standard","has-post-thumbnail","hentry","category-esports-alzira"],"featured_image_src":{"landsacpe":["https:\/\/esportsmunicipalsalzira.com\/wp-content\/uploads\/2023\/05\/350374259_1247105862597728_1894847173069079457_n.jpg",320,181,false],"list":["https:\/\/esportsmunicipalsalzira.com\/wp-content\/uploads\/2023\/05\/350374259_1247105862597728_1894847173069079457_n.jpg",320,181,false],"medium":["https:\/\/esportsmunicipalsalzira.com\/wp-content\/uploads\/2023\/05\/350374259_1247105862597728_1894847173069079457_n-300x170.jpg",300,170,true],"full":["https:\/\/esportsmunicipalsalzira.com\/wp-content\/uploads\/2023\/05\/350374259_1247105862597728_1894847173069079457_n.jpg",320,181,false]},"_links":{"self":[{"href":"https:\/\/esportsmunicipalsalzira.com\/es\/wp-json\/wp\/v2\/posts\/5481","targetHints":{"allow":["GET"]}}],"collection":[{"href":"https:\/\/esportsmunicipalsalzira.com\/es\/wp-json\/wp\/v2\/posts"}],"about":[{"href":"https:\/\/esportsmunicipalsalzira.com\/es\/wp-json\/wp\/v2\/types\/post"}],"author":[{"embeddable":true,"href":"https:\/\/esportsmunicipalsalzira.com\/es\/wp-json\/wp\/v2\/users\/2"}],"replies":[{"embeddable":true,"href":"https:\/\/esportsmunicipalsalzira.com\/es\/wp-json\/wp\/v2\/comments?post=5481"}],"version-history":[{"count":0,"href":"https:\/\/esportsmunicipalsalzira.com\/es\/wp-json\/wp\/v2\/posts\/5481\/revisions"}],"wp:featuredmedia":[{"embeddable":true,"href":"https:\/\/esportsmunicipalsalzira.com\/es\/wp-json\/wp\/v2\/media\/5482"}],"wp:attachment":[{"href":"https:\/\/esportsmunicipalsalzira.com\/es\/wp-json\/wp\/v2\/media?parent=5481"}],"wp:term":[{"taxonomy":"category","embeddable":true,"href":"https:\/\/esportsmunicipalsalzira.com\/es\/wp-json\/wp\/v2\/categories?post=5481"},{"taxonomy":"post_tag","embeddable":true,"href":"https:\/\/esportsmunicipalsalzira.com\/es\/wp-json\/wp\/v2\/tags?post=5481"}],"curies":[{"name":"wp","href":"https:\/\/api.w.org\/{rel}","templated":true}]}}