{"id":5645,"date":"2023-06-21T08:46:30","date_gmt":"2023-06-21T06:46:30","guid":{"rendered":"https:\/\/esportsmunicipalsalzira.com\/activat-amb-lesport-torna-als-centres-educatius-amb-mes-de-4-900-alumnes-inscritsalzira-juny-de-2023-mes-de-4-900\/"},"modified":"2023-06-21T08:46:30","modified_gmt":"2023-06-21T06:46:30","slug":"activat-amb-lesport-torna-als-centres-educatius-amb-mes-de-4-900-alumnes-inscritsalzira-juny-de-2023-mes-de-4-900","status":"publish","type":"post","link":"https:\/\/esportsmunicipalsalzira.com\/es\/activat-amb-lesport-torna-als-centres-educatius-amb-mes-de-4-900-alumnes-inscritsalzira-juny-de-2023-mes-de-4-900\/","title":{"rendered":"ACT\u00cdVATE CON EL DEPORTE vuelve a los centros educativos con m\u00e1s de 4.900 alumnos inscritos Alzira Junio de 2023.- M\u00e1s de 4.900"},"content":{"rendered":"<p><br \/>\nACT\u00cdVATE CON EL DEPORTE vuelve a los centros educativos con m\u00e1s de 4.900 alumnos inscritos<\/p>\n<p>Alzira Junio de 2023.- M\u00e1s de 4.900 alumnos de primaria de los colegios Vall de la Casella; Gloria Fuertes; Echando lo Blanch; Ausi\u00e0s March; Pintor Teodoro Andreu; Santos Patronos, Blasco Ib\u00e1\u00f1ez; Garc\u00eda Lorca; Luis Vives; Santa Maria de Aig\u00fces Vives, Pur\u00edsima y Alborx\u00ed, han participado en el programa \u00abAct\u00edvate con el deporte\u00bb, una iniciativa surgida hace ya dos a\u00f1os y que persigue la promoci\u00f3n en la pr\u00e1ctica activa del deporte por para combatir el sedentarismo.<\/p>\n<p>Desde la concejal\u00eda de Deportes, consideramos que el programa \u201cAct\u00edvate con el Deporte\u201d, subvencionado por la Consejer\u00eda de Educaci\u00f3n, Cultura y Deporte, tiene como objetivo fomentar la actividad f\u00edsica y el deporte entre los escolares de nuestra localidad, promoviendo h\u00e1bitos saludables y desarrollo integral de los j\u00f3venes. Las actividades se prolongar\u00e1n hasta junio y consistir\u00e1n en sesiones que se realizar\u00e1n en los propios centros educativos y en las instalaciones deportivas municipales. <\/p>\n<p>Las actividades han sido incluidas dentro de las horas lectivas de los escolares y se han practicado las siguientes propuestas deportivas: pelota valenciana, balonmano, f\u00fatbol sala, f\u00fatbol, baloncesto, k\u00e1rate, rugby y halterofilia.<\/p>\n<p>Desde el departamento de deportes, agradecemos la magn\u00edfica acogida de esta iniciativa por parte de los centros educativos, puesto que facilita al alumnado de la ciudad el aprendizaje de nuevas disciplinas deportivas con las que familiarizarlos y, por qu\u00e9 no, propiciar, en un futuro, la pr\u00e1ctica habitual de cualquiera de las propuestas deportivas que pueden realizarse en las instalaciones deportivas de la ciudad de Alzira.<\/p>\n<p>Adem\u00e1s de la pr\u00e1ctica deportiva, el programa busca tambi\u00e9n inculcar valores como el trabajo en equipo, la disciplina, el respeto y la superaci\u00f3n personal. Los participantes tendr\u00e1n la oportunidad de recibir formaci\u00f3n por parte de profesionales del deporte y participar en competiciones locales.<\/p>\n<p><a href=\"https:\/\/scontent-mad1-1.xx.fbcdn.net\/v\/t39.30808-6\/355485810_754889913305575_8494930057847822772_n.jpg?stp=dst-jpg_p180x540&#038;_nc_cat=101&#038;ccb=1-7&#038;_nc_sid=730e14&#038;_nc_ohc=oVw_H2vJkQ0AX-WfxK6&#038;_nc_ht=scontent-mad1-1.xx&#038;oh=00_AfBjXu9wZMp8ZCV-uTSTFLc5K5PDNdUZoNumTSudv1zqFA&#038;oe=6499F139\"><img decoding=\"async\" class=\"wp_automatic_fb_img\" title=\"\" src=\"https:\/\/scontent-mad1-1.xx.fbcdn.net\/v\/t39.30808-6\/355485810_754889913305575_8494930057847822772_n.jpg?stp=dst-jpg_p180x540&#038;_nc_cat=101&#038;ccb=1-7&#038;_nc_sid=730e14&#038;_nc_ohc=oVw_H2vJkQ0AX-WfxK6&#038;_nc_ht=scontent-mad1-1.xx&#038;oh=00_AfBjXu9wZMp8ZCV-uTSTFLc5K5PDNdUZoNumTSudv1zqFA&#038;oe=6499F139\" \/><\/a><br \/>\n<br \/>\n<br \/><a href=\"https:\/\/www.facebook.com\/100063537194811\/posts\/754889969972236\">source<\/a>  <\/p>","protected":false},"excerpt":{"rendered":"<p>ACTIVA\u2019T AMB L\u2019ESPORT torna als centres educatius amb m\u00e9s de 4.900 alumnes inscrits Alzira Juny de 2023.- M\u00e9s de 4.900 alumnes de prim\u00e0ria dels col\u2022legis Vall de la Casella; Gloria Fuertes; Tirant lo Blanch; Ausi\u00e0s March; Pintor Teodoro Andreu; Sants Patrons, Blasco Ib\u00e1\u00f1ez; Garc\u00eda Lorca; Llu\u00eds Vives; Santa Maria d\u2019Aig\u00fces Vives, la Pur\u00edsima i l\u2019Alborx\u00ed, [&hellip;]<\/p>\n","protected":false},"author":2,"featured_media":5646,"comment_status":"open","ping_status":"open","sticky":false,"template":"","format":"standard","meta":{"footnotes":""},"categories":[1],"tags":[],"class_list":["post-5645","post","type-post","status-publish","format-standard","has-post-thumbnail","hentry","category-esports-alzira"],"featured_image_src":{"landsacpe":["https:\/\/esportsmunicipalsalzira.com\/wp-content\/uploads\/2023\/06\/355485810_754889913305575_8494930057847822772_n-1060x445.jpg",1060,445,true],"list":["https:\/\/esportsmunicipalsalzira.com\/wp-content\/uploads\/2023\/06\/355485810_754889913305575_8494930057847822772_n-463x348.jpg",463,348,true],"medium":["https:\/\/esportsmunicipalsalzira.com\/wp-content\/uploads\/2023\/06\/355485810_754889913305575_8494930057847822772_n-300x153.jpg",300,153,true],"full":["https:\/\/esportsmunicipalsalzira.com\/wp-content\/uploads\/2023\/06\/355485810_754889913305575_8494930057847822772_n.jpg",1060,540,false]},"_links":{"self":[{"href":"https:\/\/esportsmunicipalsalzira.com\/es\/wp-json\/wp\/v2\/posts\/5645","targetHints":{"allow":["GET"]}}],"collection":[{"href":"https:\/\/esportsmunicipalsalzira.com\/es\/wp-json\/wp\/v2\/posts"}],"about":[{"href":"https:\/\/esportsmunicipalsalzira.com\/es\/wp-json\/wp\/v2\/types\/post"}],"author":[{"embeddable":true,"href":"https:\/\/esportsmunicipalsalzira.com\/es\/wp-json\/wp\/v2\/users\/2"}],"replies":[{"embeddable":true,"href":"https:\/\/esportsmunicipalsalzira.com\/es\/wp-json\/wp\/v2\/comments?post=5645"}],"version-history":[{"count":0,"href":"https:\/\/esportsmunicipalsalzira.com\/es\/wp-json\/wp\/v2\/posts\/5645\/revisions"}],"wp:featuredmedia":[{"embeddable":true,"href":"https:\/\/esportsmunicipalsalzira.com\/es\/wp-json\/wp\/v2\/media\/5646"}],"wp:attachment":[{"href":"https:\/\/esportsmunicipalsalzira.com\/es\/wp-json\/wp\/v2\/media?parent=5645"}],"wp:term":[{"taxonomy":"category","embeddable":true,"href":"https:\/\/esportsmunicipalsalzira.com\/es\/wp-json\/wp\/v2\/categories?post=5645"},{"taxonomy":"post_tag","embeddable":true,"href":"https:\/\/esportsmunicipalsalzira.com\/es\/wp-json\/wp\/v2\/tags?post=5645"}],"curies":[{"name":"wp","href":"https:\/\/api.w.org\/{rel}","templated":true}]}}