{"id":5667,"date":"2023-06-28T09:06:30","date_gmt":"2023-06-28T07:06:30","guid":{"rendered":"https:\/\/esportsmunicipalsalzira.com\/donem-lenhorabona-al-club-dhalterofilia-dalzira-pels-seus-resultats-en-el-campionat-de-la-comunitat-valenciana-jun\/"},"modified":"2023-06-28T09:06:30","modified_gmt":"2023-06-28T07:06:30","slug":"donem-lenhorabona-al-club-dhalterofilia-dalzira-pels-seus-resultats-en-el-campionat-de-la-comunitat-valenciana-jun","status":"publish","type":"post","link":"https:\/\/esportsmunicipalsalzira.com\/es\/donem-lenhorabona-al-club-dhalterofilia-dalzira-pels-seus-resultats-en-el-campionat-de-la-comunitat-valenciana-jun\/","title":{"rendered":"Damos la enhorabuena al Club de Halterofilia de Alzira por sus resultados en el campeonato de la Comunidad Valenciana Jun"},"content":{"rendered":"<p>\nDamos la enhorabuena\ud83d\udc4f al Club de Halterofilia de Alzira \ud83c\udfcb\ufe0f\u200d\u2640\ufe0f\ud83c\udfcb\ufe0f\ud83c\udfcb\ufe0f\u200d\u2642\ufe0f por sus resultados \ud83c\udfc6 en el campeonato de la Comunidad Valenciana Junior. Ocho medallas en total: tres de oro, cuatro de plata y una de bronce, se han llevado los alzire\u00f1os \ud83e\udd47Andrea Bernia, \ud83e\udd47Tihara Saldivar y \ud83e\udd47R\u00faben Ortiz consiguieron los tres t\u00edtulos de Campeones de la Comunitat Valenciana en sus categor\u00edas , \ud83e\udd48Eva Alfaro,\ud83e\udd48V\u00edctor Benedito, \ud83e\udd48H\u00e9ctor Soto y \ud83e\udd48Juan Moreno obtuvieron los t\u00edtulos de subcampeones de la Comunidad Valenciana y la medalla de bronce en su categor\u00eda fue para \ud83e\udd49Izan P\u00e9rez Calatayud. \ud83c\udfc5Iker Vila qued\u00f3 a las puertas de la medalla obteniendo la cuarta posici\u00f3n.<br \/>\n Ocho medallas en total: tres de oro, cuatro de plata y una de bronce, los Alzire\u00f1os han ganado \ud83e\udd47 Andrea Bernia, \ud83e\udd47 Tihara Saldivar y \ud83e\udd47 Rub\u00e9n Ortiz obtuvieron los tres t\u00edtulos de Campeones de la Comunidad Valenciana en sus categor\u00edas, \ud83e\udd48 \ud83e\udd48 V\u00edctor Benedito, \ud83e\udd48 H\u00e9ctor Soto y \ud83e\udd48 Juan Moreno obtuvieron los t\u00edtulos de subcampe\u00f3n de la Comunidad valenciana y la medalla de bronce en su categor\u00eda va a ser para \ud83e\udd49 Izan Perez Calatayud. \ud83c\udfc5 Iker Vila se qued\u00f3 en la puerta de la medalla obteniendo el cuarto puesto.<a href=\"#\"><\/a> \u00b7 <\/p>\n<p><a href=\"https:\/\/scontent-mad1-1.xx.fbcdn.net\/v\/t39.30808-6\/356877002_642629224565153_500668364676931485_n.jpg?_nc_cat=100&#038;ccb=1-7&#038;_nc_sid=730e14&#038;_nc_ohc=wvfAy_4LfUAAX8kGk0m&#038;_nc_ht=scontent-mad1-1.xx&#038;oh=00_AfDtCcjWbyxNDkjHROeBcH3HHdUprQ_AbvKCSZ6ax9L7tw&#038;oe=64A1B499\"><img decoding=\"async\" class=\"wp_automatic_fb_img\" title=\"\" src=\"https:\/\/scontent-mad1-1.xx.fbcdn.net\/v\/t39.30808-6\/356877002_642629224565153_500668364676931485_n.jpg?_nc_cat=100&#038;ccb=1-7&#038;_nc_sid=730e14&#038;_nc_ohc=wvfAy_4LfUAAX8kGk0m&#038;_nc_ht=scontent-mad1-1.xx&#038;oh=00_AfDtCcjWbyxNDkjHROeBcH3HHdUprQ_AbvKCSZ6ax9L7tw&#038;oe=64A1B499\" \/><\/a><br \/><a href=\"https:\/\/scontent-mad1-1.xx.fbcdn.net\/v\/t39.30808-6\/356422115_642629227898486_4965999884598752907_n.jpg?_nc_cat=105&#038;ccb=1-7&#038;_nc_sid=730e14&#038;_nc_ohc=D9IcVFlaTJYAX_0kChr&#038;_nc_oc=AQlligF7iHOcuNDDf0DEc2DO5a_1fqb4do3oh5RvwggMUOl_cZOW3SQiJi5IDXyvvhY&#038;_nc_ht=scontent-mad1-1.xx&#038;oh=00_AfCyYsAW0M4TyGSUiT_nsAiN5F7E3WKA1qSkxSpmHJyySQ&#038;oe=64A1F19E\"><img decoding=\"async\" class=\"wp_automatic_fb_img\" title=\"\" src=\"https:\/\/scontent-mad1-1.xx.fbcdn.net\/v\/t39.30808-6\/356422115_642629227898486_4965999884598752907_n.jpg?_nc_cat=105&#038;ccb=1-7&#038;_nc_sid=730e14&#038;_nc_ohc=D9IcVFlaTJYAX_0kChr&#038;_nc_oc=AQlligF7iHOcuNDDf0DEc2DO5a_1fqb4do3oh5RvwggMUOl_cZOW3SQiJi5IDXyvvhY&#038;_nc_ht=scontent-mad1-1.xx&#038;oh=00_AfCyYsAW0M4TyGSUiT_nsAiN5F7E3WKA1qSkxSpmHJyySQ&#038;oe=64A1F19E\" \/><\/a><br \/><a href=\"https:\/\/scontent-mad1-1.xx.fbcdn.net\/v\/t39.30808-6\/356388487_642629191231823_7151940638251304087_n.jpg?_nc_cat=101&#038;ccb=1-7&#038;_nc_sid=730e14&#038;_nc_ohc=j3kgQ4NCkwIAX_kh3eE&#038;_nc_ht=scontent-mad1-1.xx&#038;oh=00_AfCkkHY7AXtqFCgVu08wtScAMSEUMGNOj_4BxRRPGihANA&#038;oe=64A1AE41\"><img decoding=\"async\" class=\"wp_automatic_fb_img\" title=\"\" src=\"https:\/\/scontent-mad1-1.xx.fbcdn.net\/v\/t39.30808-6\/356388487_642629191231823_7151940638251304087_n.jpg?_nc_cat=101&#038;ccb=1-7&#038;_nc_sid=730e14&#038;_nc_ohc=j3kgQ4NCkwIAX_kh3eE&#038;_nc_ht=scontent-mad1-1.xx&#038;oh=00_AfCkkHY7AXtqFCgVu08wtScAMSEUMGNOj_4BxRRPGihANA&#038;oe=64A1AE41\" \/><\/a><br \/><a href=\"https:\/\/scontent-mad2-1.xx.fbcdn.net\/v\/t39.30808-6\/356392521_642629194565156_8668257305054698887_n.jpg?_nc_cat=111&#038;ccb=1-7&#038;_nc_sid=730e14&#038;_nc_ohc=hdR9J1uhQi0AX-ZLgj0&#038;_nc_ht=scontent-mad2-1.xx&#038;oh=00_AfAydQb4CLY7Rq0N_5gPwf81o6HSgeziBUXJils7y9_OCw&#038;oe=64A26B64\"><img decoding=\"async\" class=\"wp_automatic_fb_img\" title=\"\" src=\"https:\/\/scontent-mad2-1.xx.fbcdn.net\/v\/t39.30808-6\/356392521_642629194565156_8668257305054698887_n.jpg?_nc_cat=111&#038;ccb=1-7&#038;_nc_sid=730e14&#038;_nc_ohc=hdR9J1uhQi0AX-ZLgj0&#038;_nc_ht=scontent-mad2-1.xx&#038;oh=00_AfAydQb4CLY7Rq0N_5gPwf81o6HSgeziBUXJils7y9_OCw&#038;oe=64A26B64\" \/><\/a><br \/><a href=\"https:\/\/scontent-mad2-1.xx.fbcdn.net\/v\/t39.30808-6\/356642171_642629291231813_2164690595545368003_n.jpg?_nc_cat=110&#038;ccb=1-7&#038;_nc_sid=730e14&#038;_nc_ohc=OqQiBSAmSLEAX_M4Ro3&#038;_nc_ht=scontent-mad2-1.xx&#038;oh=00_AfBaOq7o5s-F5LVAc4OUopiE6Pl7h-koI7eS-OU3MLAEKQ&#038;oe=64A13AF3\"><img decoding=\"async\" class=\"wp_automatic_fb_img\" title=\"\" src=\"https:\/\/scontent-mad2-1.xx.fbcdn.net\/v\/t39.30808-6\/356642171_642629291231813_2164690595545368003_n.jpg?_nc_cat=110&#038;ccb=1-7&#038;_nc_sid=730e14&#038;_nc_ohc=OqQiBSAmSLEAX_M4Ro3&#038;_nc_ht=scontent-mad2-1.xx&#038;oh=00_AfBaOq7o5s-F5LVAc4OUopiE6Pl7h-koI7eS-OU3MLAEKQ&#038;oe=64A13AF3\" \/><\/a><br \/>\n<br \/>\n<br \/><a href=\"https:\/\/www.facebook.com\/100063537194811\/posts\/759996136128286\">source<\/a>  <\/p>","protected":false},"excerpt":{"rendered":"<p>Donem l&#8217;enhorabona\ud83d\udc4f al Club d&#8217;Halterof\u00edlia d&#8217;Alzira \ud83c\udfcb\ufe0f\u200d\u2640\ufe0f\ud83c\udfcb\ufe0f\ud83c\udfcb\ufe0f\u200d\u2642\ufe0f pels seus resultats \ud83c\udfc6 en el campionat de la Comunitat Valenciana Junior. Huit medalles en total: tres d&#8217;or, quatre de plata i una de bronze, s&#8217;han emportat els alzirenys \ud83e\udd47Andrea Bernia, \ud83e\udd47Tihara Saldivar i \ud83e\udd47R\u00faben Ortiz van aconseguir els tres t\u00edtols de Campions de la Comunitat Valenciana en [&hellip;]<\/p>\n","protected":false},"author":2,"featured_media":5668,"comment_status":"open","ping_status":"open","sticky":false,"template":"","format":"standard","meta":{"footnotes":""},"categories":[1],"tags":[],"class_list":["post-5667","post","type-post","status-publish","format-standard","has-post-thumbnail","hentry","category-esports-alzira"],"featured_image_src":{"landsacpe":["https:\/\/esportsmunicipalsalzira.com\/wp-content\/uploads\/2023\/06\/356877002_642629224565153_500668364676931485_n-1140x445.jpg",1140,445,true],"list":["https:\/\/esportsmunicipalsalzira.com\/wp-content\/uploads\/2023\/06\/356877002_642629224565153_500668364676931485_n-463x348.jpg",463,348,true],"medium":["https:\/\/esportsmunicipalsalzira.com\/wp-content\/uploads\/2023\/06\/356877002_642629224565153_500668364676931485_n-300x200.jpg",300,200,true],"full":["https:\/\/esportsmunicipalsalzira.com\/wp-content\/uploads\/2023\/06\/356877002_642629224565153_500668364676931485_n.jpg",1600,1067,false]},"_links":{"self":[{"href":"https:\/\/esportsmunicipalsalzira.com\/es\/wp-json\/wp\/v2\/posts\/5667","targetHints":{"allow":["GET"]}}],"collection":[{"href":"https:\/\/esportsmunicipalsalzira.com\/es\/wp-json\/wp\/v2\/posts"}],"about":[{"href":"https:\/\/esportsmunicipalsalzira.com\/es\/wp-json\/wp\/v2\/types\/post"}],"author":[{"embeddable":true,"href":"https:\/\/esportsmunicipalsalzira.com\/es\/wp-json\/wp\/v2\/users\/2"}],"replies":[{"embeddable":true,"href":"https:\/\/esportsmunicipalsalzira.com\/es\/wp-json\/wp\/v2\/comments?post=5667"}],"version-history":[{"count":0,"href":"https:\/\/esportsmunicipalsalzira.com\/es\/wp-json\/wp\/v2\/posts\/5667\/revisions"}],"wp:featuredmedia":[{"embeddable":true,"href":"https:\/\/esportsmunicipalsalzira.com\/es\/wp-json\/wp\/v2\/media\/5668"}],"wp:attachment":[{"href":"https:\/\/esportsmunicipalsalzira.com\/es\/wp-json\/wp\/v2\/media?parent=5667"}],"wp:term":[{"taxonomy":"category","embeddable":true,"href":"https:\/\/esportsmunicipalsalzira.com\/es\/wp-json\/wp\/v2\/categories?post=5667"},{"taxonomy":"post_tag","embeddable":true,"href":"https:\/\/esportsmunicipalsalzira.com\/es\/wp-json\/wp\/v2\/tags?post=5667"}],"curies":[{"name":"wp","href":"https:\/\/api.w.org\/{rel}","templated":true}]}}