{"id":5731,"date":"2023-07-03T20:09:16","date_gmt":"2023-07-03T18:09:16","guid":{"rendered":"https:\/\/esportsmunicipalsalzira.com\/este-mati-hem-visitat-els-xiquets-i-xiquetes-que-participen-en-lescola-destiu-del-club-de-pilota-valenciana-alzira-c\/"},"modified":"2023-07-03T20:09:16","modified_gmt":"2023-07-03T18:09:16","slug":"este-mati-hem-visitat-els-xiquets-i-xiquetes-que-participen-en-lescola-destiu-del-club-de-pilota-valenciana-alzira-c","status":"publish","type":"post","link":"https:\/\/esportsmunicipalsalzira.com\/es\/este-mati-hem-visitat-els-xiquets-i-xiquetes-que-participen-en-lescola-destiu-del-club-de-pilota-valenciana-alzira-c\/","title":{"rendered":"Esta ma\u00f1ana hemos visitado a los ni\u00f1os y ni\u00f1as que participan en la escuela de verano del Club de Pilota Valenciana Alzira. C"},"content":{"rendered":"<p>\nEsta ma\u00f1ana hemos visitado a los ni\u00f1os y ni\u00f1as \ud83e\udd29\ud83e\udd29\ud83e\udd29que participan en la escuela de verano del <a href=\"https:\/\/facebook.com\/clubdepilotalzira?eav=AfbHKl9t75ZInzQlboXRmobmPUmygPSCLhIKMln7wi3eN0PZw7tA5FHcAYlYKsjn_tQ&amp;_ft_=encrypted_tracking_data.0AY_dV6LzJLXuixV2JU2uQomLsucjQAmqgCj97UCW9o82qaYvfqtjjkaADfvGRchZMGAuqSl8KsTqblCS2VHibfL5BCapv-o1L-hJdDVVjjfx4RAlV3q1uzdyVofXrlxX8o8G3nJKxO4X-S7qdlj-UyXuQXjKhtSgVUmt8dD53eS8saUA6EbzMwfW5wpUU1aSSl173VQ1EJaBBFHuCyPpSNeKKPQ0yWJiIchC77OMbeaOz_nfxjKAU7u8k4uDmxzLflGqcAZm_0QLUwwcvNzt4MjPCriAsfsnf5QUhmXzAExMwS6PKYQeid1HC5drJEYY_QesbO72zO95_8e4SQgRQ7HyqUxnArbWP_5OxIYhv_7VP5eF-nHqrTprxXQCf3JMm9EupOcqOMwO_L09Ii9gUQ79XxGAc8OaD0du-btnO8pgiDZvRPdlVZfR_ygjPwqhibR_61is6ob1bv4cgtD54JqA_kZlRA-gvfFAlZv8oCFxlJW9uGBsigZFTjnv92q7wOggcMuiFUu--JDpVs8S-ZdeodSIUdeZ3HxnyHpu7UETuX4TN-z-Hvto-LfUJS6MR-Lk2hqjSwJCncYqPbXG0a4CAf0-ggXYUbRX8Od5spCjqqjI2lfXWNGw7BYpzowwERPgI-a82IEmSyrzWMZBuVo3_bu2mM0qG70-P2_mvghAKw0Xoofy7LK0Sn_11Vcm07qPTF___BvXHJfHnRhvp7Z2u6jeqO1OI_pQ4fE_MF86s1nEEI7fZTUKcDPOmP8_3Xk3dagypw5T3CnlJPO5SdRkbvjzGtc1PabKKsDOfC2_9HrHV6qFR58s-YgKzXdDtWjLwWH3OqZtCOu752-V2KITQjd6RTigh1LP7r3NSAsWR8yJWyaLmKRIJBC-jjtHQ-97RySPj37Rfmy5ZWpR8ILUg2EfXSqRhVCBZYVMdGpO5sKhTE27c4jqUE1FOl4-2kCtEHX5Ba4epMuz9uGc7hPdOCWI7hgZkbUPmDWs0h9xMgb2B-sXLMCKg5GX1tT77NVL-ZxuKDISZBaSn1CiVZ3BByH8mqdCLrSmq7lKOSPdKu-42762SwbC7snHiiNP5mQigKBSpCG9qzqInLdabiSmMNq_7DmCPXxZlJfRF4jaPuY2UIkI4XQYsD8qLtuooG6M4c-z-buWjQ5-jUSW3ZVRO-YZLCNg2F8wllE3J0nOFYRBh6Fj3WIDpG6_p5S3DDK8jn-hsi-zhzJljIZXJd9A_r4fnpDor5FOTLMFFNgtecIG-VqoHJ0UkxOt_TEOxGcoDkjoY98l5vJdNxOGf7h4WhXJ0i93GYHZwx3BZWepVwunbrElkqCSfpELBeYVDSVvo_APdZ-YaPTFa1-sE0FuwU8FRlZdjlkC4gN6w9Hk-9r-LqkneYT7zkVb4WhikCsxgH5C6zwreH1k2bPruhOAo7XYJvGBrOQgR-ftoJksAz1NuVCiZTGXUj-XA5hD3oU40mhw6fOSuKbGld2DBTkI3LoR3OSkj9rVfCLGMIP8XQHunLRBV1ok955acRXiaTiZ0Zdn_FFuh9MX7zSh6sO65NXI9wv0bKjphkpkzWxZDKbPP4-pry3Brr2SuDQwetWitjN85gjOCGMPZxE9byraLyM2RmWS9vInfit4GSg1WAAd438GLL8nkeOyo3RQmMhN9Rq-Nw5LHhsDzqKr65Bv7NZqodBTsiVUgTWRvwWHFGaLLoe35-V8i29e_ga50l5KxujB22Cj6YPdr-hKTnRxkenWRgfwDBLFW5nfRVsCGlHH_MYbSN-2p0x__xzEDJHm3GwgwgYz5tu5ZzWijHISlefU_Vz8PSS1inVHZaO9vZ_HpfGNW5BCKnYNt9qwHcTq0kVt3fUev-ZJwhsfnMmmTFSZEZA1O95BljFmVvH3Qg4SO4hGTCcqf3dfZxXlgfNHxkWYoMdg24wQCXHfSQkZZ7CFYrRU6mDkmaAugw6CD8cA4hcEg6N9AkqN08FiZ2aZzwRC1EvxiWtIREXF5ujeI0SEFdVHTgH5QNQtdwW6S-pQ3yAxP4VUeiGOwv-1hTrFIp8FVstnk1PfGK2IRdy05CjQpvWxQx0w0i9cTZf8RahZUHTg_re6UyhWNicAXqZhju32C7_6wyx50Mb5vR4XYHUlWFezbtS8nf-s47LKBOwF-qGTm3PDjc2oK375ye9OsMqPokguZ-HXyHx8IMrAILXJHzkebiczJm-k6hwzVZ5y5hnb1GjnyAP5rmQ4SBDYea1JlF2m-5QF_2K_0G8IMht6GVd-dT3PYTNFO1IuqgB_RIsAx_5IXAZYDg1hmV3i809iddNzotIoIfsYbQyUapjkiLKKP-eeKf2QCfUIZdBhhUeT6v2HAIIDdfnn8Prwxgw_NQmVeHAwgx1V-teY_hnBb08T4szA2SUUlktnnPlzInTiRPUFniOpcat_lVkqHZ5sKotK3suAI8PdFNbjJlADgFiLO2v0D3L98_XUio5XwfxQZyqPUgGTzKE9KtZeKY79jdzuVmRqYcMPP10DGaEv155Y1XdU3XRJ8xr0USRW2Fv_WqerMmbISCbc3Y0O0AhC9A0o32cmW10ohjLm-OvELPpKs562nUKBamNJyRcepgpebnP52YY-F3bNvxnh3VTny2PztTWX1zuhND9SlxuHqAYhgTPH-2iEmJ6ImUQka3vVvL_FczFBekHgJSaIl_CMSc2VxdqXV-KCcBZNUvd5dQfYypiygqiCm2-ukqcg_X5fug5shCIVfxGylsqNtsZrPwUvszIn2HcYc4EsZDM7qQooXTxMIW305rz487ZF4E6X5UYQ234WLc3kw0mo2FY3Lc8GUfJA8qwB70fVOGqgaf4KaSxenWYk3lVNNKAwnr5KjY7ROCfMAWm4Yrb3ph4Ns2MpiiMcbP2V3UOvAlcFhqwcu9dOg6_sR3KFnrU-_Sz9COJGPuy4XHv8Pwg20zGw7unBNKGTMLJxSOAQd-UpcHQbIwOzXfd6IOSzLYxlMNrM-tM-WkyfB01g7PRhZomdWw0&amp;__tn__=%2AsH-R&amp;paipv=0\">Club de Pelota Valenciana Alzira<\/a>. Como en a\u00f1os anteriores esta iniciativa cuenta con muy buena acogida y desde el Ayuntamiento tanto el alcalde, Alfons Dom\u00ednguez como el concejal de deportes Vicent de la Concepci\u00f3n han querido conocer de primera mano este campus tan nuestro, que tiene como elemento principal la pelota valenciana<br \/>\n Como en a\u00f1os anteriores esta iniciativa es muy bien recibida y por parte del Ayuntamiento tanto el alcalde, Alfonso Dom\u00ednguez como el concejal de deportes Vicente de la Concepci\u00f3n han querido conocer de primera mano este campus nuestro, que tiene como elemento principal el bal\u00f3n valenciano<a href=\"#\"><\/a> \u00b7 <\/p>\n<p><a href=\"https:\/\/scontent-mad1-1.xx.fbcdn.net\/v\/t39.30808-6\/357375637_646078804220195_6160044465694028013_n.jpg?_nc_cat=103&#038;ccb=1-7&#038;_nc_sid=8bfeb9&#038;_nc_ohc=xgHEebWi64wAX9MWbGk&#038;_nc_ht=scontent-mad1-1.xx&#038;oh=00_AfDVEy8osTitlrGrjqwrgugOZCttNLjPo4VrKpqckQqh9g&#038;oe=64A95821\"><img decoding=\"async\" class=\"wp_automatic_fb_img\" title=\"\" src=\"https:\/\/scontent-mad1-1.xx.fbcdn.net\/v\/t39.30808-6\/357375637_646078804220195_6160044465694028013_n.jpg?_nc_cat=103&#038;ccb=1-7&#038;_nc_sid=8bfeb9&#038;_nc_ohc=xgHEebWi64wAX9MWbGk&#038;_nc_ht=scontent-mad1-1.xx&#038;oh=00_AfDVEy8osTitlrGrjqwrgugOZCttNLjPo4VrKpqckQqh9g&#038;oe=64A95821\" \/><\/a><br \/><a href=\"https:\/\/scontent-mad2-1.xx.fbcdn.net\/v\/t39.30808-6\/357182586_646078824220193_1831283697268886577_n.jpg?_nc_cat=111&#038;ccb=1-7&#038;_nc_sid=8bfeb9&#038;_nc_ohc=zYw1yUNzukoAX9TOL7u&#038;_nc_ht=scontent-mad2-1.xx&#038;oh=00_AfDPAhTF5Jmze8oUzeJx-xtAbeRJlBLQkJydNFg-KSRbkg&#038;oe=64A98361\"><img decoding=\"async\" class=\"wp_automatic_fb_img\" title=\"\" src=\"https:\/\/scontent-mad2-1.xx.fbcdn.net\/v\/t39.30808-6\/357182586_646078824220193_1831283697268886577_n.jpg?_nc_cat=111&#038;ccb=1-7&#038;_nc_sid=8bfeb9&#038;_nc_ohc=zYw1yUNzukoAX9TOL7u&#038;_nc_ht=scontent-mad2-1.xx&#038;oh=00_AfDPAhTF5Jmze8oUzeJx-xtAbeRJlBLQkJydNFg-KSRbkg&#038;oe=64A98361\" \/><\/a><br \/>\n<br \/>\n<br \/><a href=\"https:\/\/www.facebook.com\/100063537194811\/posts\/764072565720643\">source<\/a>  <\/p>","protected":false},"excerpt":{"rendered":"<p>Este mat\u00ed hem visitat els xiquets i xiquetes \ud83e\udd29\ud83e\udd29\ud83e\udd29que participen en l\u2019escola d\u2019estiu del Club de Pilota Valenciana Alzira. Com en anys anteriors esta iniciativa compta amb molt bona acollida i des de l\u2019Ajuntament tant l\u2019alcalde, Alfons Dom\u00ednguez com el regidor d\u2019esports Vicent de la Concepci\u00f3n han volgut con\u00e8ixer de primera m\u00e0 este campus tan [&hellip;]<\/p>\n","protected":false},"author":2,"featured_media":5732,"comment_status":"open","ping_status":"open","sticky":false,"template":"","format":"standard","meta":{"footnotes":""},"categories":[1],"tags":[],"class_list":["post-5731","post","type-post","status-publish","format-standard","has-post-thumbnail","hentry","category-esports-alzira"],"featured_image_src":{"landsacpe":["https:\/\/esportsmunicipalsalzira.com\/wp-content\/uploads\/2023\/07\/357375637_646078804220195_6160044465694028013_n-1140x445.jpg",1140,445,true],"list":["https:\/\/esportsmunicipalsalzira.com\/wp-content\/uploads\/2023\/07\/357375637_646078804220195_6160044465694028013_n-463x348.jpg",463,348,true],"medium":["https:\/\/esportsmunicipalsalzira.com\/wp-content\/uploads\/2023\/07\/357375637_646078804220195_6160044465694028013_n-300x225.jpg",300,225,true],"full":["https:\/\/esportsmunicipalsalzira.com\/wp-content\/uploads\/2023\/07\/357375637_646078804220195_6160044465694028013_n.jpg",2016,1512,false]},"_links":{"self":[{"href":"https:\/\/esportsmunicipalsalzira.com\/es\/wp-json\/wp\/v2\/posts\/5731","targetHints":{"allow":["GET"]}}],"collection":[{"href":"https:\/\/esportsmunicipalsalzira.com\/es\/wp-json\/wp\/v2\/posts"}],"about":[{"href":"https:\/\/esportsmunicipalsalzira.com\/es\/wp-json\/wp\/v2\/types\/post"}],"author":[{"embeddable":true,"href":"https:\/\/esportsmunicipalsalzira.com\/es\/wp-json\/wp\/v2\/users\/2"}],"replies":[{"embeddable":true,"href":"https:\/\/esportsmunicipalsalzira.com\/es\/wp-json\/wp\/v2\/comments?post=5731"}],"version-history":[{"count":0,"href":"https:\/\/esportsmunicipalsalzira.com\/es\/wp-json\/wp\/v2\/posts\/5731\/revisions"}],"wp:featuredmedia":[{"embeddable":true,"href":"https:\/\/esportsmunicipalsalzira.com\/es\/wp-json\/wp\/v2\/media\/5732"}],"wp:attachment":[{"href":"https:\/\/esportsmunicipalsalzira.com\/es\/wp-json\/wp\/v2\/media?parent=5731"}],"wp:term":[{"taxonomy":"category","embeddable":true,"href":"https:\/\/esportsmunicipalsalzira.com\/es\/wp-json\/wp\/v2\/categories?post=5731"},{"taxonomy":"post_tag","embeddable":true,"href":"https:\/\/esportsmunicipalsalzira.com\/es\/wp-json\/wp\/v2\/tags?post=5731"}],"curies":[{"name":"wp","href":"https:\/\/api.w.org\/{rel}","templated":true}]}}