{"id":5782,"date":"2023-07-04T18:31:02","date_gmt":"2023-07-04T16:31:02","guid":{"rendered":"https:\/\/esportsmunicipalsalzira.com\/enhorabona-a-alba-sanchez-campiona-de-la-comunitat-valenciana-absoluta-i-millor-marca-femenina-de-la-competicio-i-als-c\/"},"modified":"2023-07-04T18:31:02","modified_gmt":"2023-07-04T16:31:02","slug":"enhorabona-a-alba-sanchez-campiona-de-la-comunitat-valenciana-absoluta-i-millor-marca-femenina-de-la-competicio-i-als-c","status":"publish","type":"post","link":"https:\/\/esportsmunicipalsalzira.com\/es\/enhorabona-a-alba-sanchez-campiona-de-la-comunitat-valenciana-absoluta-i-millor-marca-femenina-de-la-competicio-i-als-c\/","title":{"rendered":"Enhorabuena a ALBA S\u00c1NCHEZ campeona de la comunidad Valenciana Absoluta y mejor marca femenina de la competici\u00f3n ya los c"},"content":{"rendered":"<p>\n\ud83c\udfc6Enhorabuena a ALBA S\u00c1NCHEZ campeona de la comunidad Valenciana Absoluta y mejor marca femenina de la competici\u00f3n ya los compa\u00f1eros y compa\u00f1eras \ud83e\udd49Cristina Palacios Palacios, bronce<br \/> \ud83c\udfc5Javier Molla Pla, cuarta posici\u00f3n Halterofilia Alzira<\/p>\n<p><a href=\"https:\/\/scontent-mad1-1.xx.fbcdn.net\/v\/t39.30808-6\/358139043_646596830835059_3844258574581458493_n.jpg?_nc_cat=100&#038;ccb=1-7&#038;_nc_sid=730e14&#038;_nc_ohc=mcAF5wSedHEAX8VPaB2&#038;_nc_ht=scontent-mad1-1.xx&#038;oh=00_AfC3y4ISnXe4vK2CE3aY3VRyFBz4MhfOYuD6Qu1u7foh5w&#038;oe=64AD7C7A\"><img decoding=\"async\" class=\"wp_automatic_fb_img\" title=\"\" src=\"https:\/\/scontent-mad1-1.xx.fbcdn.net\/v\/t39.30808-6\/358139043_646596830835059_3844258574581458493_n.jpg?_nc_cat=100&#038;ccb=1-7&#038;_nc_sid=730e14&#038;_nc_ohc=mcAF5wSedHEAX8VPaB2&#038;_nc_ht=scontent-mad1-1.xx&#038;oh=00_AfC3y4ISnXe4vK2CE3aY3VRyFBz4MhfOYuD6Qu1u7foh5w&#038;oe=64AD7C7A\" \/><\/a><br \/><a href=\"https:\/\/scontent-mad1-1.xx.fbcdn.net\/v\/t39.30808-6\/358130719_646596934168382_5553731951654175790_n.jpg?_nc_cat=100&#038;ccb=1-7&#038;_nc_sid=730e14&#038;_nc_ohc=6rFDmdPYcmUAX9EPs14&#038;_nc_ht=scontent-mad1-1.xx&#038;oh=00_AfCmVSYie362y_tckfKkPQttxMCsroRiGGOX9sxQEAeOnQ&#038;oe=64ACA7BA\"><img decoding=\"async\" class=\"wp_automatic_fb_img\" title=\"\" src=\"https:\/\/scontent-mad1-1.xx.fbcdn.net\/v\/t39.30808-6\/358130719_646596934168382_5553731951654175790_n.jpg?_nc_cat=100&#038;ccb=1-7&#038;_nc_sid=730e14&#038;_nc_ohc=6rFDmdPYcmUAX9EPs14&#038;_nc_ht=scontent-mad1-1.xx&#038;oh=00_AfCmVSYie362y_tckfKkPQttxMCsroRiGGOX9sxQEAeOnQ&#038;oe=64ACA7BA\" \/><\/a><br \/><a href=\"https:\/\/scontent-mad1-1.xx.fbcdn.net\/v\/t39.30808-6\/358137719_646596834168392_7513666814484029069_n.jpg?_nc_cat=103&#038;ccb=1-7&#038;_nc_sid=730e14&#038;_nc_ohc=wOO8DBR5gOoAX8uuctm&#038;_nc_ht=scontent-mad1-1.xx&#038;oh=00_AfBwPuHZf2xCHCTgRZ1-qPYtTgqkWf35CGCu0zjrMeeTaw&#038;oe=64AC60B8\"><img decoding=\"async\" class=\"wp_automatic_fb_img\" title=\"\" src=\"https:\/\/scontent-mad1-1.xx.fbcdn.net\/v\/t39.30808-6\/358137719_646596834168392_7513666814484029069_n.jpg?_nc_cat=103&#038;ccb=1-7&#038;_nc_sid=730e14&#038;_nc_ohc=wOO8DBR5gOoAX8uuctm&#038;_nc_ht=scontent-mad1-1.xx&#038;oh=00_AfBwPuHZf2xCHCTgRZ1-qPYtTgqkWf35CGCu0zjrMeeTaw&#038;oe=64AC60B8\" \/><\/a><br \/><a href=\"https:\/\/scontent-mad1-1.xx.fbcdn.net\/v\/t39.30808-6\/358094510_646596864168389_9157190436578086247_n.jpg?_nc_cat=105&#038;ccb=1-7&#038;_nc_sid=730e14&#038;_nc_ohc=4pFgSYS46NMAX_coDam&#038;_nc_ht=scontent-mad1-1.xx&#038;oh=00_AfBI1FtG-xusavL6tmdKEoJIhxYYcceKQvdD-oL-T4DejA&#038;oe=64AD4F2F\"><img decoding=\"async\" class=\"wp_automatic_fb_img\" title=\"\" src=\"https:\/\/scontent-mad1-1.xx.fbcdn.net\/v\/t39.30808-6\/358094510_646596864168389_9157190436578086247_n.jpg?_nc_cat=105&#038;ccb=1-7&#038;_nc_sid=730e14&#038;_nc_ohc=4pFgSYS46NMAX_coDam&#038;_nc_ht=scontent-mad1-1.xx&#038;oh=00_AfBI1FtG-xusavL6tmdKEoJIhxYYcceKQvdD-oL-T4DejA&#038;oe=64AD4F2F\" \/><\/a><br \/><a href=\"https:\/\/scontent-mad1-1.xx.fbcdn.net\/v\/t39.30808-6\/358096900_646596877501721_83859850491752142_n.jpg?_nc_cat=100&#038;ccb=1-7&#038;_nc_sid=730e14&#038;_nc_ohc=0wLG-WcITUUAX-OyLSM&#038;_nc_ht=scontent-mad1-1.xx&#038;oh=00_AfDIwG3sapXFTy5MtdNOx_6jAWU_9TKNpFDEbfNeum43iw&#038;oe=64ABE502\"><img decoding=\"async\" class=\"wp_automatic_fb_img\" title=\"\" src=\"https:\/\/scontent-mad1-1.xx.fbcdn.net\/v\/t39.30808-6\/358096900_646596877501721_83859850491752142_n.jpg?_nc_cat=100&#038;ccb=1-7&#038;_nc_sid=730e14&#038;_nc_ohc=0wLG-WcITUUAX-OyLSM&#038;_nc_ht=scontent-mad1-1.xx&#038;oh=00_AfDIwG3sapXFTy5MtdNOx_6jAWU_9TKNpFDEbfNeum43iw&#038;oe=64ABE502\" \/><\/a><br \/>\n<br \/>\n<br \/><a href=\"https:\/\/www.facebook.com\/100063537194811\/posts\/764883408972892\">source<\/a>  <\/p>","protected":false},"excerpt":{"rendered":"<p>\ud83c\udfc6Enhorabuena a ALBA S\u00c1NCHEZ campeona de la comunidad Valenciana Absoluta y mejor marca femenina de la competici\u00f3n ya los compa\u00f1eros y compa\u00f1eras \ud83e\udd49Cristina Palacios Palacios, bronce \ud83c\udfc5Javier Molla Pla, cuarta posici\u00f3n Halterofilia Alzira Source<\/p>","protected":false},"author":2,"featured_media":5783,"comment_status":"open","ping_status":"open","sticky":false,"template":"","format":"standard","meta":{"footnotes":""},"categories":[1],"tags":[],"class_list":["post-5782","post","type-post","status-publish","format-standard","has-post-thumbnail","hentry","category-esports-alzira"],"featured_image_src":{"landsacpe":["https:\/\/esportsmunicipalsalzira.com\/wp-content\/uploads\/2023\/07\/358139043_646596830835059_3844258574581458493_n-1140x445.jpg",1140,445,true],"list":["https:\/\/esportsmunicipalsalzira.com\/wp-content\/uploads\/2023\/07\/358139043_646596830835059_3844258574581458493_n-463x348.jpg",463,348,true],"medium":["https:\/\/esportsmunicipalsalzira.com\/wp-content\/uploads\/2023\/07\/358139043_646596830835059_3844258574581458493_n-300x200.jpg",300,200,true],"full":["https:\/\/esportsmunicipalsalzira.com\/wp-content\/uploads\/2023\/07\/358139043_646596830835059_3844258574581458493_n.jpg",1600,1064,false]},"_links":{"self":[{"href":"https:\/\/esportsmunicipalsalzira.com\/es\/wp-json\/wp\/v2\/posts\/5782","targetHints":{"allow":["GET"]}}],"collection":[{"href":"https:\/\/esportsmunicipalsalzira.com\/es\/wp-json\/wp\/v2\/posts"}],"about":[{"href":"https:\/\/esportsmunicipalsalzira.com\/es\/wp-json\/wp\/v2\/types\/post"}],"author":[{"embeddable":true,"href":"https:\/\/esportsmunicipalsalzira.com\/es\/wp-json\/wp\/v2\/users\/2"}],"replies":[{"embeddable":true,"href":"https:\/\/esportsmunicipalsalzira.com\/es\/wp-json\/wp\/v2\/comments?post=5782"}],"version-history":[{"count":0,"href":"https:\/\/esportsmunicipalsalzira.com\/es\/wp-json\/wp\/v2\/posts\/5782\/revisions"}],"wp:featuredmedia":[{"embeddable":true,"href":"https:\/\/esportsmunicipalsalzira.com\/es\/wp-json\/wp\/v2\/media\/5783"}],"wp:attachment":[{"href":"https:\/\/esportsmunicipalsalzira.com\/es\/wp-json\/wp\/v2\/media?parent=5782"}],"wp:term":[{"taxonomy":"category","embeddable":true,"href":"https:\/\/esportsmunicipalsalzira.com\/es\/wp-json\/wp\/v2\/categories?post=5782"},{"taxonomy":"post_tag","embeddable":true,"href":"https:\/\/esportsmunicipalsalzira.com\/es\/wp-json\/wp\/v2\/tags?post=5782"}],"curies":[{"name":"wp","href":"https:\/\/api.w.org\/{rel}","templated":true}]}}