{"id":5865,"date":"2023-08-22T09:12:10","date_gmt":"2023-08-22T07:12:10","guid":{"rendered":"https:\/\/esportsmunicipalsalzira.com\/alertacalor-per-al-dia-22-dagost-sobserva-nivell-de-risc-alt-i-mitja-aalt-en-els-municipis-de-alberic-algemesialzi\/"},"modified":"2023-08-22T09:12:10","modified_gmt":"2023-08-22T07:12:10","slug":"alertacalor-per-al-dia-22-dagost-sobserva-nivell-de-risc-alt-i-mitja-aalt-en-els-municipis-de-alberic-algemesialzi","status":"publish","type":"post","link":"https:\/\/esportsmunicipalsalzira.com\/es\/alertacalor-per-al-dia-22-dagost-sobserva-nivell-de-risc-alt-i-mitja-aalt-en-els-municipis-de-alberic-algemesialzi\/","title":{"rendered":"#AlertaCalor para el d\u00eda 22 de agosto se observa NIVEL DE RIESGO ALTO Y MEDIO a ALTO en los municipios de Alberic, Algemesi,Alzi"},"content":{"rendered":"<p><br \/>\n#AlertaCalor para el d\u00eda 22 de agosto se observa NIVEL DE RIESGO ALTO Y MEDIO en<br \/>\n\ud83d\udd34ALT en los municipios de Alberic, Algemesi, Alzira, Antell, Benimodo, Benimuslem, Carcaixent, Gavarda, Guadassuar, Alcudia, Massalaves, Tous.<br \/>\n\ud83d\udfe0 MEDIO en los municipios de Albalat de la Ribera, Alfarb, AlginetAlmussafes, Benicull de J\u00facar, Benifaio, Carlet, Catadau, Corbera, Cullera, Llombai, Poliny\u00e0 de X\u00faquer, Sollana.<br \/>\n https:\/\/comunitatvalenciana.meteoclim.com<br \/>\n\ud83d\udc49 M\u00e1s informaci\u00f3n: https:\/\/san.gva.es\/ca\/web\/salut-publica\/onada-de-calor<\/p>\n<p>\u26a0\ufe0f CALOR INTENSA Y CAMBIOS A PARTIR DEL DOMINGO 27<br \/>\nMartes 22-08-2023<br \/>\n\u00a9\ufe0fInforaje<\/p>\n<p>Hoy y gran parte de los d\u00edas de esta semana vamos a seguir con tiempo soleado y ambiente suficientemente caluroso, valores m\u00e1ximos que superar\u00e1n los 37\u00b0C en puntos del interior\/prelitoral y cerca de los 35\u00b0C en el litoral.<\/p>\n<p>A partir del s\u00e1bado 26 las temperaturas empezar\u00e1n a bajar ligeramente con algunas nubes por la tarde, y ser\u00e1 de cara al domingo 27 cuando tengamos una bajada notable de las temperaturas y la llegada de aire fr\u00edo en altura, que provocar\u00e1 un tiempo inestable con algunos chubascos.<\/p>\n<p>Los principales modelos meteorol\u00f3gicos no se ponen de acuerdo a d\u00eda de hoy con la situaci\u00f3n que tendremos el domingo 27 y lunes 28 ya que todav\u00eda existe incertidumbre en c\u00f3mo llegar\u00e1 el aire fr\u00edo y la zona que m\u00e1s afectar\u00e1. Iremos detallando la evoluci\u00f3n en los pr\u00f3ximos d\u00edas.<\/p>\n<p><a href=\"https:\/\/esportsmunicipalsalzira.com\/wp-content\/uploads\/2023\/08\/369551088_675171007977641_8977480154840754935_n.jpg\"><img decoding=\"async\" class=\"wp_automatic_fb_img\" title=\"\" src=\"https:\/\/esportsmunicipalsalzira.com\/wp-content\/uploads\/2023\/08\/369551088_675171007977641_8977480154840754935_n.jpg\" \/><\/a><br \/><a href=\"https:\/\/esportsmunicipalsalzira.com\/wp-content\/uploads\/2023\/08\/369697936_675171017977640_7550127651030293781_n.jpg\"><img decoding=\"async\" class=\"wp_automatic_fb_img\" title=\"\" src=\"https:\/\/esportsmunicipalsalzira.com\/wp-content\/uploads\/2023\/08\/369697936_675171017977640_7550127651030293781_n.jpg\" \/><\/a><br \/>\n<br \/>\n<br \/><a href=\"https:\/\/www.facebook.com\/100063537194811\/posts\/796860349108531\">source<\/a>  <\/p>","protected":false},"excerpt":{"rendered":"<p>#AlertaCalor per al dia 22 d&#8217;agost s\u2019observa NIVELL DE RISC ALT I MITJ\u00c0 a \ud83d\udd34ALT en els municipis de Alberic, Algemesi,Alzira, Antell, Benimodo, Benimuslem, Carcaixent, Gavarda, Guadassuar, L\u00b4Alc\u00fadia, Massalaves, Tous. \ud83d\udfe0MITJ\u00c0 en els municipis de Albalat de la Ribera, Alfarb, AlginetAlmussafes, Benicull de X\u00faquer,Benifaio, Carlet, Catadau, Corbera, Cullera, Llombai, Poliny\u00e0 de X\u00f9quer, Sollana. https:\/\/comunitatvalenciana.meteoclim.com \ud83d\udc49 [&hellip;]<\/p>\n","protected":false},"author":2,"featured_media":5866,"comment_status":"open","ping_status":"open","sticky":false,"template":"","format":"standard","meta":{"footnotes":""},"categories":[1],"tags":[],"class_list":["post-5865","post","type-post","status-publish","format-standard","has-post-thumbnail","hentry","category-esports-alzira"],"featured_image_src":{"landsacpe":["https:\/\/esportsmunicipalsalzira.com\/wp-content\/uploads\/2023\/08\/369551088_675171007977641_8977480154840754935_n-680x445.jpg",680,445,true],"list":["https:\/\/esportsmunicipalsalzira.com\/wp-content\/uploads\/2023\/08\/369551088_675171007977641_8977480154840754935_n-463x348.jpg",463,348,true],"medium":["https:\/\/esportsmunicipalsalzira.com\/wp-content\/uploads\/2023\/08\/369551088_675171007977641_8977480154840754935_n-300x300.jpg",300,300,true],"full":["https:\/\/esportsmunicipalsalzira.com\/wp-content\/uploads\/2023\/08\/369551088_675171007977641_8977480154840754935_n.jpg",680,680,false]},"_links":{"self":[{"href":"https:\/\/esportsmunicipalsalzira.com\/es\/wp-json\/wp\/v2\/posts\/5865","targetHints":{"allow":["GET"]}}],"collection":[{"href":"https:\/\/esportsmunicipalsalzira.com\/es\/wp-json\/wp\/v2\/posts"}],"about":[{"href":"https:\/\/esportsmunicipalsalzira.com\/es\/wp-json\/wp\/v2\/types\/post"}],"author":[{"embeddable":true,"href":"https:\/\/esportsmunicipalsalzira.com\/es\/wp-json\/wp\/v2\/users\/2"}],"replies":[{"embeddable":true,"href":"https:\/\/esportsmunicipalsalzira.com\/es\/wp-json\/wp\/v2\/comments?post=5865"}],"version-history":[{"count":0,"href":"https:\/\/esportsmunicipalsalzira.com\/es\/wp-json\/wp\/v2\/posts\/5865\/revisions"}],"wp:featuredmedia":[{"embeddable":true,"href":"https:\/\/esportsmunicipalsalzira.com\/es\/wp-json\/wp\/v2\/media\/5866"}],"wp:attachment":[{"href":"https:\/\/esportsmunicipalsalzira.com\/es\/wp-json\/wp\/v2\/media?parent=5865"}],"wp:term":[{"taxonomy":"category","embeddable":true,"href":"https:\/\/esportsmunicipalsalzira.com\/es\/wp-json\/wp\/v2\/categories?post=5865"},{"taxonomy":"post_tag","embeddable":true,"href":"https:\/\/esportsmunicipalsalzira.com\/es\/wp-json\/wp\/v2\/tags?post=5865"}],"curies":[{"name":"wp","href":"https:\/\/api.w.org\/{rel}","templated":true}]}}