{"id":6056,"date":"2023-10-05T20:54:15","date_gmt":"2023-10-05T18:54:15","guid":{"rendered":"https:\/\/esportsmunicipalsalzira.com\/partits-del-cap-de-setmana-comenca-la-lliga-per-als-nostres-seniors-i-el-nostre-junior-que-descansa-en-la-seua-primera\/"},"modified":"2023-10-05T20:54:15","modified_gmt":"2023-10-05T18:54:15","slug":"partits-del-cap-de-setmana-comenca-la-lliga-per-als-nostres-seniors-i-el-nostre-junior-que-descansa-en-la-seua-primera","status":"publish","type":"post","link":"https:\/\/esportsmunicipalsalzira.com\/es\/partits-del-cap-de-setmana-comenca-la-lliga-per-als-nostres-seniors-i-el-nostre-junior-que-descansa-en-la-seua-primera\/","title":{"rendered":"PARTIDOS DEL FIN DE SEMANA Empieza la liga para nuestros seniors y nuestro junior que descansa en su primera"},"content":{"rendered":"<p>\n\ud83d\udd14PARTIDOS DEL FIN DE SEMANA\ud83d\udd14 Empieza la liga para nuestros seniors y nuestro j\u00fanior que descansa en su primera jornada.<br \/> Destacar que nuestros FEMENINOS, tanto infantil como cadete jugar\u00e1 las semifinales de liga valenciana!!\ud83e\udd29 \u00c1nimos a ladrillos\ud83d\udcaa\ud83c\udffc<br \/>\n Empieza la liga para nuestros seniors y nuestro junior que descansa en su primer d\u00eda.<br \/> Destaca que nuestras MUJERES, tanto infantes como cadetes jugar\u00e1n en semifinales de la liga Valenciana!! \ud83e\udd29 Vamos todos \ud83d\udcaa\ud83c\udffc<a href=\"#\"><\/a> \u00b7 <\/p>\n<p><a href=\"https:\/\/esportsmunicipalsalzira.com\/wp-content\/uploads\/2023\/10\/385007552_18314242555110518_5555999754360710319_n.jpg\"><img decoding=\"async\" class=\"wp_automatic_fb_img\" title=\"\" src=\"https:\/\/esportsmunicipalsalzira.com\/wp-content\/uploads\/2023\/10\/385007552_18314242555110518_5555999754360710319_n.jpg\" \/><\/a><br \/><a href=\"https:\/\/esportsmunicipalsalzira.com\/wp-content\/uploads\/2023\/10\/385783729_18314242564110518_3532864018823780927_n.jpg\"><img decoding=\"async\" class=\"wp_automatic_fb_img\" title=\"\" src=\"https:\/\/esportsmunicipalsalzira.com\/wp-content\/uploads\/2023\/10\/385783729_18314242564110518_3532864018823780927_n.jpg\" \/><\/a><br \/><a href=\"https:\/\/esportsmunicipalsalzira.com\/wp-content\/uploads\/2023\/10\/385036410_18314242573110518_3000035547829901007_n.jpg\"><img decoding=\"async\" class=\"wp_automatic_fb_img\" title=\"\" src=\"https:\/\/esportsmunicipalsalzira.com\/wp-content\/uploads\/2023\/10\/385036410_18314242573110518_3000035547829901007_n.jpg\" \/><\/a><br \/>\n<br \/>\n<br \/><a href=\"https:\/\/www.facebook.com\/100063537194811\/posts\/827695459358353\">source<\/a>  <\/p>","protected":false},"excerpt":{"rendered":"<p>\ud83d\udd14PARTITS DEL CAP DE SETMANA\ud83d\udd14 Comen\u00e7a la lliga per als nostres s\u00e8niors i el nostre j\u00fanior que descansa en la seua primera jornada. Destacar que els nostres FEMENINS, tant l\u2019infantil com el cadet jugar\u00e0 les semifinals de lliga valenciana!!\ud83e\udd29 \u00c0nims a totxs\ud83d\udcaa\ud83c\udffc Comienza la liga para nuestros seniors y nuestro junior que descansa en su [&hellip;]<\/p>\n","protected":false},"author":2,"featured_media":6057,"comment_status":"open","ping_status":"open","sticky":false,"template":"","format":"standard","meta":{"footnotes":""},"categories":[1],"tags":[],"class_list":["post-6056","post","type-post","status-publish","format-standard","has-post-thumbnail","hentry","category-esports-alzira"],"featured_image_src":{"landsacpe":["https:\/\/esportsmunicipalsalzira.com\/wp-content\/uploads\/2023\/10\/385007552_18314242555110518_5555999754360710319_n-1080x445.jpg",1080,445,true],"list":["https:\/\/esportsmunicipalsalzira.com\/wp-content\/uploads\/2023\/10\/385007552_18314242555110518_5555999754360710319_n-463x348.jpg",463,348,true],"medium":["https:\/\/esportsmunicipalsalzira.com\/wp-content\/uploads\/2023\/10\/385007552_18314242555110518_5555999754360710319_n-300x300.jpg",300,300,true],"full":["https:\/\/esportsmunicipalsalzira.com\/wp-content\/uploads\/2023\/10\/385007552_18314242555110518_5555999754360710319_n.jpg",1080,1080,false]},"_links":{"self":[{"href":"https:\/\/esportsmunicipalsalzira.com\/es\/wp-json\/wp\/v2\/posts\/6056","targetHints":{"allow":["GET"]}}],"collection":[{"href":"https:\/\/esportsmunicipalsalzira.com\/es\/wp-json\/wp\/v2\/posts"}],"about":[{"href":"https:\/\/esportsmunicipalsalzira.com\/es\/wp-json\/wp\/v2\/types\/post"}],"author":[{"embeddable":true,"href":"https:\/\/esportsmunicipalsalzira.com\/es\/wp-json\/wp\/v2\/users\/2"}],"replies":[{"embeddable":true,"href":"https:\/\/esportsmunicipalsalzira.com\/es\/wp-json\/wp\/v2\/comments?post=6056"}],"version-history":[{"count":0,"href":"https:\/\/esportsmunicipalsalzira.com\/es\/wp-json\/wp\/v2\/posts\/6056\/revisions"}],"wp:featuredmedia":[{"embeddable":true,"href":"https:\/\/esportsmunicipalsalzira.com\/es\/wp-json\/wp\/v2\/media\/6057"}],"wp:attachment":[{"href":"https:\/\/esportsmunicipalsalzira.com\/es\/wp-json\/wp\/v2\/media?parent=6056"}],"wp:term":[{"taxonomy":"category","embeddable":true,"href":"https:\/\/esportsmunicipalsalzira.com\/es\/wp-json\/wp\/v2\/categories?post=6056"},{"taxonomy":"post_tag","embeddable":true,"href":"https:\/\/esportsmunicipalsalzira.com\/es\/wp-json\/wp\/v2\/tags?post=6056"}],"curies":[{"name":"wp","href":"https:\/\/api.w.org\/{rel}","templated":true}]}}