{"id":6089,"date":"2023-09-29T11:33:21","date_gmt":"2023-09-29T09:33:21","guid":{"rendered":"https:\/\/esportsmunicipalsalzira.com\/el-equipo-espanol-esta-firmando-un-gran-mundial-de-tiro-paralimpico-en-lima-%f0%9d%90%80%f0%9d%90%9d%f0%9d%90%ab%f0%9d%90%a2%f0%9d%90%9a%f0%9d%90%a7-%f0%9d%90%81%f0%9d%90%9e%f0%9d%90%9c\/"},"modified":"2023-09-29T11:33:21","modified_gmt":"2023-09-29T09:33:21","slug":"el-equipo-espanol-esta-firmando-un-gran-mundial-de-tiro-paralimpico-en-lima-%f0%9d%90%80%f0%9d%90%9d%f0%9d%90%ab%f0%9d%90%a2%f0%9d%90%9a%f0%9d%90%a7-%f0%9d%90%81%f0%9d%90%9e%f0%9d%90%9c","status":"publish","type":"post","link":"https:\/\/esportsmunicipalsalzira.com\/es\/el-equipo-espanol-esta-firmando-un-gran-mundial-de-tiro-paralimpico-en-lima-%f0%9d%90%80%f0%9d%90%9d%f0%9d%90%ab%f0%9d%90%a2%f0%9d%90%9a%f0%9d%90%a7-%f0%9d%90%81%f0%9d%90%9e%f0%9d%90%9c\/","title":{"rendered":"El equipo espa\u00f1ol est\u00e1 firmando un gran Mundial de echo paral\u00edmpico, en Lima. \ud835\udc00\ud835\udc1d\ud835\udc2b\ud835\udc22\ud835\udc1a\u0301\ud835\udc27 \ud835\udc01\ud835\udc1e\ud835\udc1c\ud835\udc24\ud835\udc1e\ud835\udc2b, subcampe\u00f3n del mundo en"},"content":{"rendered":"<p>\n\ud83d\udc4f\ud83c\udffb El equipo espa\u00f1ol est\u00e1 firmando un gran Mundial de echo paral\u00edmpico, en Lima. \ud83e\udd48\ud835\udc00\ud835\udc1d\ud835\udc2b\ud835\udc22\ud835\udc1a\u0301\ud835\udc27 \ud835\udc01\ud835\udc1e\ud835\udc1c\ud835\udc24\ud835\udc1e\ud835\udc2b, subcampe\u00f3n del mundo en PT3 -SG-U. \ud83e\udd49\ud835\udc0f\ud835\udc1e\ud835\udc1d\ud835\udc2b\ud835\udc28 \ud835\udc06\ud835\udc28\u0301\ud835\udc26\ud835\udc1e\ud835\udc33 (PT1-SGS) e \ud835\udc08\ud835\udc27\u0303\ud835\udc1a\ud835\udc24\ud835\udc22 \ud835\udc0e\ud835\udc25\ud835\udc28\ud835\udc2b . \ud83d\ude4c \u00a1Enhorabuena!<\/p>\n<p><a href=\"https:\/\/esportsmunicipalsalzira.com\/wp-content\/uploads\/2023\/10\/384761871_625327916450620_2909394300811023955_n.jpg\"><img decoding=\"async\" class=\"wp_automatic_fb_img\" title=\"\" src=\"https:\/\/esportsmunicipalsalzira.com\/wp-content\/uploads\/2023\/10\/384761871_625327916450620_2909394300811023955_n.jpg\" \/><\/a><br \/>\n<br \/>\n<br \/><a href=\"https:\/\/www.facebook.com\/100063537194811\/posts\/823065379821361\">source<\/a>  <\/p>","protected":false},"excerpt":{"rendered":"<p>\ud83d\udc4f\ud83c\udffb El equipo espa\u00f1ol est\u00e1 firmando un gran Mundial de echo paral\u00edmpico, en Lima. \ud83e\udd48\ud835\udc00\ud835\udc1d\ud835\udc2b\ud835\udc22\ud835\udc1a\u0301\ud835\udc27 \ud835\udc01\ud835\udc1e\ud835\udc1c\ud835\udc24\ud835\udc1e\ud835\udc2b, subcampe\u00f3n del mundo en PT3 -SG-U. \ud83e\udd49\ud835\udc0f\ud835\udc1e\ud835\udc1d\ud835\udc2b\ud835\udc28 \ud835\udc06\ud835\udc28\u0301\ud835\udc26\ud835\udc1e\ud835\udc33 (PT1-SGS) e \ud835\udc08\ud835\udc27\u0303\ud835\udc1a\ud835\udc24\ud835\udc22 \ud835\udc0e\ud835\udc25\ud835\udc28\ud835\udc2b . \ud83d\ude4c \u00a1Enhorabuena! Source<\/p>","protected":false},"author":2,"featured_media":6090,"comment_status":"open","ping_status":"open","sticky":false,"template":"","format":"standard","meta":{"footnotes":""},"categories":[1],"tags":[],"class_list":["post-6089","post","type-post","status-publish","format-standard","has-post-thumbnail","hentry","category-esports-alzira"],"featured_image_src":{"landsacpe":["https:\/\/esportsmunicipalsalzira.com\/wp-content\/uploads\/2023\/10\/384761871_625327916450620_2909394300811023955_n-822x445.jpg",822,445,true],"list":["https:\/\/esportsmunicipalsalzira.com\/wp-content\/uploads\/2023\/10\/384761871_625327916450620_2909394300811023955_n-463x348.jpg",463,348,true],"medium":["https:\/\/esportsmunicipalsalzira.com\/wp-content\/uploads\/2023\/10\/384761871_625327916450620_2909394300811023955_n-300x197.jpg",300,197,true],"full":["https:\/\/esportsmunicipalsalzira.com\/wp-content\/uploads\/2023\/10\/384761871_625327916450620_2909394300811023955_n.jpg",822,540,false]},"_links":{"self":[{"href":"https:\/\/esportsmunicipalsalzira.com\/es\/wp-json\/wp\/v2\/posts\/6089","targetHints":{"allow":["GET"]}}],"collection":[{"href":"https:\/\/esportsmunicipalsalzira.com\/es\/wp-json\/wp\/v2\/posts"}],"about":[{"href":"https:\/\/esportsmunicipalsalzira.com\/es\/wp-json\/wp\/v2\/types\/post"}],"author":[{"embeddable":true,"href":"https:\/\/esportsmunicipalsalzira.com\/es\/wp-json\/wp\/v2\/users\/2"}],"replies":[{"embeddable":true,"href":"https:\/\/esportsmunicipalsalzira.com\/es\/wp-json\/wp\/v2\/comments?post=6089"}],"version-history":[{"count":0,"href":"https:\/\/esportsmunicipalsalzira.com\/es\/wp-json\/wp\/v2\/posts\/6089\/revisions"}],"wp:featuredmedia":[{"embeddable":true,"href":"https:\/\/esportsmunicipalsalzira.com\/es\/wp-json\/wp\/v2\/media\/6090"}],"wp:attachment":[{"href":"https:\/\/esportsmunicipalsalzira.com\/es\/wp-json\/wp\/v2\/media?parent=6089"}],"wp:term":[{"taxonomy":"category","embeddable":true,"href":"https:\/\/esportsmunicipalsalzira.com\/es\/wp-json\/wp\/v2\/categories?post=6089"},{"taxonomy":"post_tag","embeddable":true,"href":"https:\/\/esportsmunicipalsalzira.com\/es\/wp-json\/wp\/v2\/tags?post=6089"}],"curies":[{"name":"wp","href":"https:\/\/api.w.org\/{rel}","templated":true}]}}