{"id":6101,"date":"2023-09-28T16:47:54","date_gmt":"2023-09-28T14:47:54","guid":{"rendered":"https:\/\/esportsmunicipalsalzira.com\/col%c2%b7laboradors-seguim-amb-una-altra-nova-incorporacio-a-la-familia-blau-grana-ja-els-coneixeu-van-ser-els-nostres-col\/"},"modified":"2023-09-28T16:47:54","modified_gmt":"2023-09-28T14:47:54","slug":"col%c2%b7laboradors-seguim-amb-una-altra-nova-incorporacio-a-la-familia-blau-grana-ja-els-coneixeu-van-ser-els-nostres-col","status":"publish","type":"post","link":"https:\/\/esportsmunicipalsalzira.com\/es\/col%c2%b7laboradors-seguim-amb-una-altra-nova-incorporacio-a-la-familia-blau-grana-ja-els-coneixeu-van-ser-els-nostres-col\/","title":{"rendered":"COLABORADORES Seguimos con otra nueva incorporaci\u00f3n a la familia azul grana. Ya los conoce, fueron nuestros colectores"},"content":{"rendered":"<p>\n\ud83d\udd35COLABORADORES\ud83d\udd34 Seguimos con otra nueva incorporaci\u00f3n a la familia azul grana. Ya los conoce, fueron nuestros colaboradores principales en nuestro \u00faltimo gran torneo 3\u00d73 de julio. As\u00ed es, se trata de @alzicasa como patrocinador del pantal\u00f3n de juego de nuestros nuevos equipamientos!!\ud83e\udd29\ud83e\udd29 @alzicasa tiene m\u00e1s de 30 a\u00f1os de experiencia en el sector inmobiliario y est\u00e1 formada por un gran equipo de profesionales que te ayudar\u00e1n a encontrar el hogar que tanto caminabas buscando, adapt\u00e1ndose a tus necesidades minuciosamente.<br \/> Puedes encontrarlos en:<br \/> \ud83d\udccdAlzira, Avenida Santos Patronos 2 bajo<br \/> \ud83d\udccdCarcaixent, C\/ San Franscesco de As\u00eds 20. Bienvenidos y gracias por su apoyo\ud83d\udc99\u2764\ufe0f<\/p>\n<p><a href=\"https:\/\/esportsmunicipalsalzira.com\/wp-content\/uploads\/2023\/10\/382236891_18313136158110518_7567505978500341224_n.jpg\"><img decoding=\"async\" class=\"wp_automatic_fb_img\" title=\"\" src=\"https:\/\/esportsmunicipalsalzira.com\/wp-content\/uploads\/2023\/10\/382236891_18313136158110518_7567505978500341224_n.jpg\" \/><\/a><br \/>\n<br \/>\n<br \/><a href=\"https:\/\/www.facebook.com\/100063537194811\/posts\/822928213168411\">source<\/a>  <\/p>","protected":false},"excerpt":{"rendered":"<p>\ud83d\udd35COL\u00b7LABORADORS\ud83d\udd34 Seguim amb una altra nova incorporaci\u00f3 a la fam\u00edlia blau grana. Ja els coneixeu, van ser els nostres col\u00b7laboradors principals en el nostre \u00faltim gran torneig 3&#215;3 de juliol. Aix\u00ed \u00e9s, es tracta de @alzicasa com a patrocinador dels pantalons de joc dels nostres nous equipaments!!\ud83e\udd29\ud83e\udd29 @alzicasa t\u00e9 m\u00e9s de 30 anys d&#8217;experi\u00e8ncia en [&hellip;]<\/p>\n","protected":false},"author":2,"featured_media":6102,"comment_status":"open","ping_status":"open","sticky":false,"template":"","format":"standard","meta":{"footnotes":""},"categories":[1],"tags":[],"class_list":["post-6101","post","type-post","status-publish","format-standard","has-post-thumbnail","hentry","category-esports-alzira"],"featured_image_src":{"landsacpe":["https:\/\/esportsmunicipalsalzira.com\/wp-content\/uploads\/2023\/10\/382236891_18313136158110518_7567505978500341224_n-526x445.jpg",526,445,true],"list":["https:\/\/esportsmunicipalsalzira.com\/wp-content\/uploads\/2023\/10\/382236891_18313136158110518_7567505978500341224_n-463x348.jpg",463,348,true],"medium":["https:\/\/esportsmunicipalsalzira.com\/wp-content\/uploads\/2023\/10\/382236891_18313136158110518_7567505978500341224_n-300x300.jpg",300,300,true],"full":["https:\/\/esportsmunicipalsalzira.com\/wp-content\/uploads\/2023\/10\/382236891_18313136158110518_7567505978500341224_n.jpg",526,526,false]},"_links":{"self":[{"href":"https:\/\/esportsmunicipalsalzira.com\/es\/wp-json\/wp\/v2\/posts\/6101","targetHints":{"allow":["GET"]}}],"collection":[{"href":"https:\/\/esportsmunicipalsalzira.com\/es\/wp-json\/wp\/v2\/posts"}],"about":[{"href":"https:\/\/esportsmunicipalsalzira.com\/es\/wp-json\/wp\/v2\/types\/post"}],"author":[{"embeddable":true,"href":"https:\/\/esportsmunicipalsalzira.com\/es\/wp-json\/wp\/v2\/users\/2"}],"replies":[{"embeddable":true,"href":"https:\/\/esportsmunicipalsalzira.com\/es\/wp-json\/wp\/v2\/comments?post=6101"}],"version-history":[{"count":0,"href":"https:\/\/esportsmunicipalsalzira.com\/es\/wp-json\/wp\/v2\/posts\/6101\/revisions"}],"wp:featuredmedia":[{"embeddable":true,"href":"https:\/\/esportsmunicipalsalzira.com\/es\/wp-json\/wp\/v2\/media\/6102"}],"wp:attachment":[{"href":"https:\/\/esportsmunicipalsalzira.com\/es\/wp-json\/wp\/v2\/media?parent=6101"}],"wp:term":[{"taxonomy":"category","embeddable":true,"href":"https:\/\/esportsmunicipalsalzira.com\/es\/wp-json\/wp\/v2\/categories?post=6101"},{"taxonomy":"post_tag","embeddable":true,"href":"https:\/\/esportsmunicipalsalzira.com\/es\/wp-json\/wp\/v2\/tags?post=6101"}],"curies":[{"name":"wp","href":"https:\/\/api.w.org\/{rel}","templated":true}]}}