{"id":6316,"date":"2024-01-19T10:40:39","date_gmt":"2024-01-19T09:40:39","guid":{"rendered":"https:\/\/esportsmunicipalsalzira.com\/carlossainzoficial-escribe-otra-pagina-de-oro-en-la-historia-del-deporte-espanol-a-sus-61-anos-levanta-su-cuarto-daka\/"},"modified":"2024-01-19T10:40:39","modified_gmt":"2024-01-19T09:40:39","slug":"carlossainzoficial-escribe-otra-pagina-de-oro-en-la-historia-del-deporte-espanol-a-sus-61-anos-levanta-su-cuarto-daka","status":"publish","type":"post","link":"https:\/\/esportsmunicipalsalzira.com\/es\/carlossainzoficial-escribe-otra-pagina-de-oro-en-la-historia-del-deporte-espanol-a-sus-61-anos-levanta-su-cuarto-daka\/","title":{"rendered":"@carlossainzoficial escribe otra p\u00e1gina de oro en la historia del deporte espa\u00f1ol. A sus 61 a\u00f1os levanta su cuarto Daka"},"content":{"rendered":"<p><div><span><\/p>\n<p>@carlossainzoficial escribe otra p\u00e1gina de oro en la historia del deporte espa\u00f1ol. A sus 61 a\u00f1os levanta su cuarto Dakar, haciendo una nueva demostraci\u00f3n de resistencia, lucha, estrategia y superaci\u00f3n. Con las mismas ganas e ilusi\u00f3n que el primer d\u00eda.<br \/> \u00a1Enhorabuena, Carlos!<\/p>\n<p><\/span><\/div>\n<p><a href=\"https:\/\/esportsmunicipalsalzira.com\/wp-content\/uploads\/2024\/01\/420969555_918700816507012_2925083471619955140_n.jpg\"><img decoding=\"async\" class=\"wp_automatic_fb_img\" title=\"\" src=\"https:\/\/esportsmunicipalsalzira.com\/wp-content\/uploads\/2024\/01\/420969555_918700816507012_2925083471619955140_n.jpg\" \/><\/a><br \/>\n<br \/>\n<br \/><a href=\"https:\/\/www.facebook.com\/100063537194811\/posts\/899631532164745\">source<\/a>  <\/p>","protected":false},"excerpt":{"rendered":"<p>@carlossainzoficial escribe otra p\u00e1gina de oro en la historia del deporte espa\u00f1ol. A sus 61 a\u00f1os levanta su cuarto Dakar, haciendo una nueva demostraci\u00f3n de resistencia, lucha, estrategia y superaci\u00f3n. Con las mismas ganas e ilusi\u00f3n que el primer d\u00eda. \u00a1Enhorabuena, Carlos! Source<\/p>","protected":false},"author":2,"featured_media":6317,"comment_status":"open","ping_status":"open","sticky":false,"template":"","format":"standard","meta":{"footnotes":""},"categories":[1],"tags":[],"class_list":["post-6316","post","type-post","status-publish","format-standard","has-post-thumbnail","hentry","category-esports-alzira"],"featured_image_src":{"landsacpe":["https:\/\/esportsmunicipalsalzira.com\/wp-content\/uploads\/2024\/01\/420969555_918700816507012_2925083471619955140_n-600x445.jpg",600,445,true],"list":["https:\/\/esportsmunicipalsalzira.com\/wp-content\/uploads\/2024\/01\/420969555_918700816507012_2925083471619955140_n-463x348.jpg",463,348,true],"medium":["https:\/\/esportsmunicipalsalzira.com\/wp-content\/uploads\/2024\/01\/420969555_918700816507012_2925083471619955140_n-300x260.jpg",300,260,true],"full":["https:\/\/esportsmunicipalsalzira.com\/wp-content\/uploads\/2024\/01\/420969555_918700816507012_2925083471619955140_n.jpg",600,519,false]},"_links":{"self":[{"href":"https:\/\/esportsmunicipalsalzira.com\/es\/wp-json\/wp\/v2\/posts\/6316","targetHints":{"allow":["GET"]}}],"collection":[{"href":"https:\/\/esportsmunicipalsalzira.com\/es\/wp-json\/wp\/v2\/posts"}],"about":[{"href":"https:\/\/esportsmunicipalsalzira.com\/es\/wp-json\/wp\/v2\/types\/post"}],"author":[{"embeddable":true,"href":"https:\/\/esportsmunicipalsalzira.com\/es\/wp-json\/wp\/v2\/users\/2"}],"replies":[{"embeddable":true,"href":"https:\/\/esportsmunicipalsalzira.com\/es\/wp-json\/wp\/v2\/comments?post=6316"}],"version-history":[{"count":0,"href":"https:\/\/esportsmunicipalsalzira.com\/es\/wp-json\/wp\/v2\/posts\/6316\/revisions"}],"wp:featuredmedia":[{"embeddable":true,"href":"https:\/\/esportsmunicipalsalzira.com\/es\/wp-json\/wp\/v2\/media\/6317"}],"wp:attachment":[{"href":"https:\/\/esportsmunicipalsalzira.com\/es\/wp-json\/wp\/v2\/media?parent=6316"}],"wp:term":[{"taxonomy":"category","embeddable":true,"href":"https:\/\/esportsmunicipalsalzira.com\/es\/wp-json\/wp\/v2\/categories?post=6316"},{"taxonomy":"post_tag","embeddable":true,"href":"https:\/\/esportsmunicipalsalzira.com\/es\/wp-json\/wp\/v2\/tags?post=6316"}],"curies":[{"name":"wp","href":"https:\/\/api.w.org\/{rel}","templated":true}]}}