{"id":6332,"date":"2024-01-16T17:09:05","date_gmt":"2024-01-16T16:09:05","guid":{"rendered":"https:\/\/esportsmunicipalsalzira.com\/driver-announcement-valentinkluss-joins-campos-for-eurocup_3-2024-season-adrian-campos-campos-racing-team-princip\/"},"modified":"2024-01-16T17:09:05","modified_gmt":"2024-01-16T16:09:05","slug":"driver-announcement-valentinkluss-joins-campos-for-eurocup_3-2024-season-adrian-campos-campos-racing-team-princip","status":"publish","type":"post","link":"https:\/\/esportsmunicipalsalzira.com\/es\/driver-announcement-valentinkluss-joins-campos-for-eurocup_3-2024-season-adrian-campos-campos-racing-team-princip\/","title":{"rendered":"DRIVER ANNOUNCEMENT @valentinkluss joins campos for @eurocup_3 2024 season Adri\u00e1n Campos (Campos Racing Team Princip"},"content":{"rendered":"<p>\n\ud83d\udea8DRIVER ANNOUNCEMENT\ud83d\udea8<br \/> @valentinkluss joins campos para @eurocup_3 2024 season \ud83d\udd25 \ud83d\udde3\ufe0fAdri\u00e1n Campos (Campos Racing Team Principal): \u201cIt&#039;s a pleasure to welcome. En la defensa de las champions en Eurocup-3, Campos Racing est\u00e1 trabajando en la b\u00fasqueda de la estrecha l\u00ednea line-up disponible. And Valentin es una gran adici\u00f3n a este respecto a lo largo de Christian and Suleiman. We are looking forward to starting the new season.\u201d \ud83d\udde3\ufe0fValentin Kluss (Campos Racing Driver of Eurocup-3): \u201cCampos Racing es sin duda en una de las top teams en f\u00f3rmula racing. El hecho de que me absolutamente happy and proud que el Campos Racing est\u00e1 en la mano de la posibilidad de probar mi potencial en Eurocup-3 en 2024.\u201d WELCOME TO THE TEAM \ud83e\udd29<\/p>\n<p><a href=\"https:\/\/esportsmunicipalsalzira.com\/wp-content\/uploads\/2024\/01\/419221976_18414449845056387_6279534450142764557_n.jpg\"><img decoding=\"async\" class=\"wp_automatic_fb_img\" title=\"\" src=\"https:\/\/esportsmunicipalsalzira.com\/wp-content\/uploads\/2024\/01\/419221976_18414449845056387_6279534450142764557_n.jpg\" \/><\/a><br \/><a href=\"https:\/\/esportsmunicipalsalzira.com\/wp-content\/uploads\/2024\/01\/419225674_18414449842056387_3388411713470788031_n.jpg\"><img decoding=\"async\" class=\"wp_automatic_fb_img\" title=\"\" src=\"https:\/\/esportsmunicipalsalzira.com\/wp-content\/uploads\/2024\/01\/419225674_18414449842056387_3388411713470788031_n.jpg\" \/><\/a><br \/>\n<br \/>\n<br \/><a href=\"https:\/\/www.facebook.com\/100063537194811\/posts\/897921099002455\">source<\/a>  <\/p>","protected":false},"excerpt":{"rendered":"<p>\ud83d\udea8DRIVER ANNOUNCEMENT\ud83d\udea8 @valentinkluss joins campos for @eurocup_3 2024 season \ud83d\udd25 \ud83d\udde3\ufe0fAdri\u00e1n Campos (Campos Racing Team Principal): \u201cIt\u2019s a pleasure to welcome Valentin as we think he is a driver of a huge potential and a brilliant future ahead. As the defending champions in Eurocup-3, Campos Racing is working to build up the strongest driver line-up [&hellip;]<\/p>\n","protected":false},"author":2,"featured_media":6333,"comment_status":"open","ping_status":"open","sticky":false,"template":"","format":"standard","meta":{"footnotes":""},"categories":[1],"tags":[],"class_list":["post-6332","post","type-post","status-publish","format-standard","has-post-thumbnail","hentry","category-esports-alzira"],"featured_image_src":{"landsacpe":["https:\/\/esportsmunicipalsalzira.com\/wp-content\/uploads\/2024\/01\/419221976_18414449845056387_6279534450142764557_n-1140x445.jpg",1140,445,true],"list":["https:\/\/esportsmunicipalsalzira.com\/wp-content\/uploads\/2024\/01\/419221976_18414449845056387_6279534450142764557_n-463x348.jpg",463,348,true],"medium":["https:\/\/esportsmunicipalsalzira.com\/wp-content\/uploads\/2024\/01\/419221976_18414449845056387_6279534450142764557_n-300x300.jpg",300,300,true],"full":["https:\/\/esportsmunicipalsalzira.com\/wp-content\/uploads\/2024\/01\/419221976_18414449845056387_6279534450142764557_n.jpg",1440,1440,false]},"_links":{"self":[{"href":"https:\/\/esportsmunicipalsalzira.com\/es\/wp-json\/wp\/v2\/posts\/6332","targetHints":{"allow":["GET"]}}],"collection":[{"href":"https:\/\/esportsmunicipalsalzira.com\/es\/wp-json\/wp\/v2\/posts"}],"about":[{"href":"https:\/\/esportsmunicipalsalzira.com\/es\/wp-json\/wp\/v2\/types\/post"}],"author":[{"embeddable":true,"href":"https:\/\/esportsmunicipalsalzira.com\/es\/wp-json\/wp\/v2\/users\/2"}],"replies":[{"embeddable":true,"href":"https:\/\/esportsmunicipalsalzira.com\/es\/wp-json\/wp\/v2\/comments?post=6332"}],"version-history":[{"count":0,"href":"https:\/\/esportsmunicipalsalzira.com\/es\/wp-json\/wp\/v2\/posts\/6332\/revisions"}],"wp:featuredmedia":[{"embeddable":true,"href":"https:\/\/esportsmunicipalsalzira.com\/es\/wp-json\/wp\/v2\/media\/6333"}],"wp:attachment":[{"href":"https:\/\/esportsmunicipalsalzira.com\/es\/wp-json\/wp\/v2\/media?parent=6332"}],"wp:term":[{"taxonomy":"category","embeddable":true,"href":"https:\/\/esportsmunicipalsalzira.com\/es\/wp-json\/wp\/v2\/categories?post=6332"},{"taxonomy":"post_tag","embeddable":true,"href":"https:\/\/esportsmunicipalsalzira.com\/es\/wp-json\/wp\/v2\/tags?post=6332"}],"curies":[{"name":"wp","href":"https:\/\/api.w.org\/{rel}","templated":true}]}}