{"id":6362,"date":"2024-01-10T21:53:26","date_gmt":"2024-01-10T20:53:26","guid":{"rendered":"https:\/\/esportsmunicipalsalzira.com\/%f0%9d%97%96%f0%9d%97%ae%f0%9d%97%ba%f0%9d%97%bd%f0%9d%97%b6%f0%9d%97%bc%f0%9d%97%bb%f0%9d%97%ae%f0%9d%98%81-%f0%9d%97%bd%f0%9d%97%bf%f0%9d%97%bc%f0%9d%98%83%f0%9d%97%b6%f0%9d%97%bb%f0%9d%97%b0\/"},"modified":"2024-01-10T21:53:26","modified_gmt":"2024-01-10T20:53:26","slug":"%f0%9d%97%96%f0%9d%97%ae%f0%9d%97%ba%f0%9d%97%bd%f0%9d%97%b6%f0%9d%97%bc%f0%9d%97%bb%f0%9d%97%ae%f0%9d%98%81-%f0%9d%97%bd%f0%9d%97%bf%f0%9d%97%bc%f0%9d%98%83%f0%9d%97%b6%f0%9d%97%bb%f0%9d%97%b0","status":"publish","type":"post","link":"https:\/\/esportsmunicipalsalzira.com\/es\/%f0%9d%97%96%f0%9d%97%ae%f0%9d%97%ba%f0%9d%97%bd%f0%9d%97%b6%f0%9d%97%bc%f0%9d%97%bb%f0%9d%97%ae%f0%9d%98%81-%f0%9d%97%bd%f0%9d%97%bf%f0%9d%97%bc%f0%9d%98%83%f0%9d%97%b6%f0%9d%97%bb%f0%9d%97%b0\/","title":{"rendered":"\ud835\uddd6\ud835\uddee\ud835\uddfa\ud835\uddfd\ud835\uddf6\ud835\uddfc\ud835\uddfb\ud835\uddee\ud835\ude01 \ud835\uddfd\ud835\uddff\ud835\uddfc\ud835\ude03\ud835\uddf6\ud835\uddfb\ud835\uddf0\ud835\uddf6\ud835\uddee\ud835\uddf9 \ud835\uddf9\ud835\uddf9\ud835\uddee\ud835\uddfb \ud835\ude00 \ud835\uddf9\ud835\uddf9\ud835\uddee\ud835\uddff\ud835\uddf4\ud835\ude00 \ud835\uddf3\ud835\uddf2\ud835\uddf1\ud835\uddf2\ud835\uddff\ud835\uddee\ud835\ude01\ud835\ude00. El domingo, con la resaca de los reyes todav\u00eda en el cuerpo, los nuestros lanza"},"content":{"rendered":"<p>\n\ud835\uddd6\ud835\uddee\ud835\uddfa\ud835\uddfd\ud835\uddf6\ud835\uddfc\ud835\uddfb\ud835\uddee\ud835\ude01 \ud835\uddfd\ud835\uddff\ud835\uddfc\ud835\ude03\ud835\uddf6\ud835\uddfb\ud835\uddf0\ud835\uddf6\ud835\uddee\ud835\uddf9 \ud835\uddf9\ud835\uddf9\ud835\uddee\ud835\uddfb \ud835\ude00 \ud835\uddf9\ud835\uddf9\ud835\uddee\ud835\uddff\ud835\uddf4\ud835\ude00 \ud835\uddf3\ud835\uddf2\ud835\uddf1\ud835\uddf2\ud835\uddff\ud835\uddee\ud835\ude01\ud835\ude00. El domingo, con la resaca de los reyes todav\u00eda en el cuerpo, nuestros lanzadores disputaron el campeonato provincial de lanzamientos largos en categor\u00edas federadas con muy buenos resultados. Esta competici\u00f3n se realiz\u00f3 en Valencia. \u26ab\ufe0fManu Canet se proclam\u00f3 CAMPE\u00d3N \ud83e\udd47 a disco SUB20 y s\u00e9ptimo a jabalina.<br \/> \ud83d\udfe2Alfredo G\u00f3mez se proclam\u00f3 CAMPE\u00d3N\ud83e\udd47 a disco M-65.<br \/> \u26aa\ufe0f\u00c0gata Llacer se estren\u00f3 en esta modalidad disputando lanzamiento de disco. Enhorabuena!!! <a class=\"_5ayv _qdx\" href=\"https:\/\/facebook.com\/hashtag\/calarabosa?_ft_=encrypted_tracking_data.0AY-QUENyHpxw2lSeUA9VKdNz_Z6111pRVcglD0Ri3PDNfwLl5MJZx9xgtU5vyrWtlTXPPHDAy0_3HKfX6fQRpIb0ld3XrPUKwnyXK5Dz5bjW9unudlaWTsGfc8_D4tYYOIu5RC_lo4MKV39ulvc5CvZU_IMhOXpZDUykw4opEBPZ1V2hR-05xEC8s6YgSTkEZNVdsBMB1f35UpNPvVIuLN7p9fgZPclPnAbA7fxNcCxExM1MRnWVksI3MY69aXJU6lmkhcHcFi-4AFqhi9l5EZjeFi79q1jAWNJuixxr7GIqBVcu26Udjv_sN-4yM7SwK2B-05rdavW3oqkzbcRwE5woZvQ20mAuioAixl03l6OGJpTchjyX0XPja2Ohc1AQXXk8Q_PLZP3xS7qE15G5Z2zS4J7s4Oz-uURz9ePaYNZwKfX7-i94Kr5tSvksCr70pgyq7F569JzYPWr554Vm9PBHYKLR9WOxuqN2RNjsINx634SLxXE7NpJYHVEKTYMDNB1KDseB0O1d3Rpfn7uS0bR58U2XrlI57HmankFpvx_HO1gHZcfj4E6X5RIp5WbOnnbdwuWpQmPdqSuyFy-K12lGSY7E7a_l4PMz7z1enSZAmYRD2yOH3H5IdMQFuL12QD4BK9BE7NpQ7u6b160Wk2JEb4BzHaHtDGR0D8p8ddm4e3yfxWV0pcjwuFhaG7nwPRvFPOD_fRkKmMRr1xnQPZVIk2XDeUC_vFAOfCLxcPDbI2Q7KX5fOAHaOzzvQ7A11I_ApMVmye2_lthOqW09elpQNzzwp-TRzhDhiIEkGEb_VEqdJtcWtRqH56gV0znh9F0xJDNd8VorIn80SiJYBJ89vstFBqhRzcKEMDN6ud6MAUzacc50n6olTFmKnV61N2sRvpl3Ym7Aq1khF4dVByD9_5z16XR_921tLgVvaE3JJHYj3pi4Ck3eWx_RntEr9rWd7na0wzxFdNgi0SfYzEGDA8mEVacsWC0brF8JItTTDbs35-rC0zZU0FBYeWUDnT0h9YYIGe5R-_MPCSFCKscKuAmvWPNd6P0tdPkYXe8eYGzVbswp9-TVDSBVvor_FpIRm-z0NdEKne-3YdZHhIS0GRj4iBXi2Y3AuaqdmWhB6i2E0HqmyhfuFEY-5RPPZECrCekMLCquiqiFwWPzjgTY_XSrVSTpWWU8_JRILyQHC_eYyCja8vWVuNYEbTU8e4ZIFezgU7A_B9jetNaKJolPCBSNAAfwRCOGx9RjivQ_-PZhPpLcOG2OQxc-_zFQg1wo7ql9gX-qI9l085RpT5j88tncsicIFmcB3en9PMmUz1oHyd0dviwtK3pPgATR16nxtj_9VO6dkUBC2llM3QB7HY0lGVv2RFX6ZkdEfJNPa_DQRtjVAAIMhKK0R7ANxvVyqiJXYXNbtmzkQGHLPV2bX55lVntGY6OP9wtXuiziDszcDE6kFk7QoMbJKz6T5CJJIdSJ19hKo6nhkZGyxjyqJR03y7YdJnKI4LOnLsJH0KbaRJGfm-YFUK_4jFrlGPnnCd4jOoOfYeSg9XObBr6gZRs3geUSvrSgIShe76rYVom00KKVwNfEQVEVmPqXfm3v1WLSv3P7Teu9-Xac-Kc3q5FNg_XNif6vQ3R2TGGuAE9NQFYP8U6nC0HGQMjURuSuLVtLytvxFJrZ_57hpNhvrZeHB7FZJMp-sHMSJ6ms97fXYmDjpej-XRmOB-9cTv-BQjjXyq33C1CEi5lwsVPkKLzNzM8HjyljHru5FpTHoH_XLRm_xQlTPhRHK7BsVZZPHxS2Vf4rk9U4rgaEz3OfxzrfmeysyEY2f0s_B7w11uOJ9daZ2kDTwb6KEbx_zoUzQvV2IQWPJxScE8TR3VOZ_n53xTPgpn9zE3YWZV5IDuufaoDaTyXwrgtjDkxP7_SVf2EyDeO-AuFFMGwDtPBexpI2yU-hMBQ8XDQttLSxEO1bDyC58ecEic_Y8vajH1l5Z8lbVrCFZzWZdvtBDtZtP5UzgXnLjk4v9VVaykvOWQA5Ymg1m5Tt9XokCSJCEoSlLVG3uG1bxdW3aW7yfpDMgMXyMUN1Ny7vvkC4oVmJIqXPtwIeYwEKnLJeZXJBOSnKKo4rwb6JyCctGvmn6n7QpXkG3J5VRKuxMzLbY4HDmK1Gpzv3KCS9y576oH0pCO41ekWgji9_vwVnNZQGBUOalCJddbnMlxUn_NsEHdr3n5yE-L1BJ2NiEc1N6JA3J3Jwc4NSQLYgKaaKyzKwuJKnFqWGD3FXe5ThRSH4btak6kEv0Wcd7bMN70nHKUX3lG4yvW0X01eU3YoQKvQdRja4to2zRSjpZqX4Qz781ZuX1j42or1Vx-plbtDi4Jws_Go_r0fyTp5SBQ662K2Ljo3m0jSVf_myNS9lN13TN-xihCfhjFwZ_0TJuCHcdljtaDbmf3UOMDSR2cvp-EAut1xxtcrv5LpZbGz02MneZERVfX-vxG4FL8vx-7hVVu-htRGn8Giy52idZ7AS4BOuMmPkqjh6ErE&amp;__tn__=%2AsH-R&amp;paipv=0&amp;eav=AfbeS5PBRFsQq43cLzxY6CuZrf3f-uJeJ_QamCpwSOg0WHBn26KWiJ_p-fZjUJg_Wq8\">#calarabosa<\/a> <a class=\"_5ayv _qdx\" href=\"https:\/\/facebook.com\/hashtag\/alejandrosanz?_ft_=encrypted_tracking_data.0AY8nNspE2ll4COg3O8ULf6Wi6Itec1zW04Xe0MLy8ZIChg3XVkvt_qYG2gPqW-ZjC0YCJvkV8DtirUgY9dZgXaDPqiT3hPjV8Mv6VgQXBf0uzyUVHwnqzGmavMkEgsgQD-0iy09hpee8FuolSuh5XuqYl1psS-L7UekN9Ey2dwRT2JpyS2n8VCeLaQsfliXbdyAoHJvlC7EGTKXhCp3ZqljkrKeCpJ90FSN_1rfe7oLaNLZ6uW15C0lCLvmQ9VQB96oi0k1_Lbgxm2Gnf0rUM0r7IVva_bA1Dl2bHkf2dgL-CSs1ottwEugc9UCpf2o88WGYpT9dyNTb6kU21IWfE5I1BlI5vTUcd88M5FnjU5KKVda2ePKcSI4I-HIVlNyJ1xuAmogXNJ9cNhRcuvyO1rZZ_XZbpGuiy2PlEvF5lG3XDxKIH8LvHpyQYuZULu28jDhsBNvr0iSoNMxBrcIsphgBfBZoVuPKcy_LKt5QAg5bu8h_Anyo9herBPfu-X-HTzjrnkh2UUntTDDRuuIUNiOuwTZzVN8LYtuADAAZmKRS-gfUkwHen_PACCQlp7OuP-z5wxxEVriRCGu8KrFFdJtp5V1vwyxhwmPWOU1hIh862q1lUeGcZmesCQ_vv9-k5s5dhPAdVYtopgEhemHRERXCZu_yjsAsNZTqTgAECPLY6aluSw_pWYV0BpgUba_ZAMa6MepTxmqFj-MS91XQ7vkJJdxhsDkv0DOr8a3pQ04rga2iR6YNw86mMQiPp-jy5pBm2it86fOEjg9C92ZBExEEAC8C2dgbgM_4jwt06QlFySZAcQvaa8i22Hs_F75QnbSin9mTZnM8KRCky2BcKi61STkUN31KlfFbRTcvNvm_cKGXIpmUyBYUpDXwM6wYxTD3fHGM-AlKXUInhVOO_1STzIfqEsh_FnhhHIXkADV8y-irVEKRPtV5h8VD3aUaUJVYi5EtuqaoxqIOb2PXmIqPmWw7wRdiLZ1vWn9Vq_0_65JEn2ruR61sqPgdmwttpacHZTwZD6ZjLpmgaUqGK8iUNIGHeu4fQMG0g6PwW6XoAwxXDjQGMEr44ECTJIGL38R6LUcHhenVUcwYmx4knH3NNGvfArU9PvGC1mFXx7RvLw-xQ2pahQmrMxUaF6s2dE1YgyFDkK080ZhtmnWbJN-icmhdsENhCO8YpVukzRQ7OthgdQsir8UvvDDp2hRlSAYAwZ4UhZK-It153wPoBD-RtimBzewBiA4mGH2sAeM_pb_sM0d-WE2VX2I_43CqZ11HJ3K-Ri6byq-DzMhcMYcd9OTmyhvGz8QnFUYC2XRJKwDPy7daj7KGo0YTG1mVyKZXs19D6LLuRv3oIe2i9BBcJ23llMh9cC8r54NXtmkqJNLE9QqjFpFd0oQRGOGggBNMAB0O8kheRO-_9KOXpQIFkVjB8z0BkyH8jPotRie1-3UTm_Wujwq3d9ArJaNzVHyenkWcZjD-ZbhevC1UTDb1jPeHgKUEfD4fAaNJIsorah81lIIhbUOXs8h0-OJB38AdIwgC4Uwgezfq9DHzfdEVCLS4WECB41olFc3TdYKDi-SQKbbgjRquxdLNvjMiNbrxi3PGlAshXPsaDm_z54zz1_GSdLqYOdnFlSGAnPRoWWrgFN3iaAxiAQUNG-AcplQ7PfbSmDz0ghmLdT3ajtLZyUck6xRNB1tJeRpFPgvoEA48vcCxpy4gsd3wFGlGKBuSXZmhNDvk7sfUp-Gdp8ari4qYtzZjTfL3kYMceZX9db5pxlSFPlE_qXvM85_ebbOmMwEO5bwdRS7st6WTc8jbaHzHM4iNWzv1FsopS-XID1NZ9yAcJfgvRXxtv4pcdkM_5rZyqiPpVNTd_dKNJLtx-kR2_tmrNcahDOVwXbN11uzSya5f_kY-dbFD_md5-oOYj0RHGpbfkgPOFWgeMW0vwB3HpOvFr_DoyytS9_J0ooN2p3H3_Oy62IgKNcXjeuFk9GMbeeuTqVuB7SU9ZV8AnduW3xPJmcV0xZTCkdO6rJzOpwfi1lEiyUZOUwcQI8DjMF54CtdzGMl_fgBN6CAUshG21SacgED35usjOUE6AfVLEIKTYKiG8bakOZok8AVEmt4lqY4FG2MaLSfAIP8PHUKVs3Qa7KB2Ih4n1vLY5jlbOuvWP2dL1F_MMUOn4Oo-rhcMui7ntRIJg_7v14ibuwn4LKHBZRxpZGQ3hSxQIZf1WkHO-v7pN4iIMdjCMtkffJNcq-z048PaPEeDD7zX2RHGRzFxR0NWhv5Oq5bQEfV_diHowdGZTte0XXmXIiPcnOhrHGamBEngtmNfvsUGKbFstE3sEgcRwzRhUVf_thh3G3CEdmNxIu9q8Aa1XLUYZLfEHP_g4Yq61m_GgUyXpI8QFIVMd94JrK2aIeb6voGNieuPeEM_-OJ4gpftI5A9sraZbYH_UzSwuuo1_E5tNEvruTcOe8jIun3QiP0Gwt4U-ycTLLvUyhFZpTwfVa0PHw86xSmnkw6Fc9_vtS8sBn4xWXQ&amp;__tn__=%2AsH-R&amp;paipv=0&amp;eav=AfYkh_hIrb7k3Ni9KE0Kw68J3svFjXK3P23XXKcsUGhm8EDLOnmBnMKjD-PvZP1JIQQ\">#AlejandroSanz<\/a> <a class=\"_5ayv _qdx\" href=\"https:\/\/facebook.com\/hashtag\/saludintegrativa?_ft_=encrypted_tracking_data.0AY81GDH6GV6PvO3QcRQceSGFS1H83bfmLKdjevcyzN5qY0qnXo84r9LE3lMxgywZnIYZYmLzdR-h8mCIuLkbL9r6LKZVJnhRcS8IkdjzMnnEteNprl87XzhFPA7yZwfAHOXxItaLJvETcFS88gzYDD2WUP0SNbNoiK8_eGWxIMTYIuA9FY95Hq2U7dm4NfDQuIu7PGgxGYJbjEJqNcOijKo2YESBurpEdJluG-eQ2ZHTMHBpUz6ZecgQXDfxt7qEGpmL3XZeOBNejnczZ2SSvzi8xx0PXNYy3G10OUzqjI0lPVf2a02o4O7iXl2WpY4hw-nhZM69bHhr7DGyLtyGCDzehiIWadh9sl3aDJaNoEHA48MCQgTgJjfh88aYcGGqhLEDdmCHJRAYokYHOyKaedxEyMHKOQrmMcApAgo2fMP5fk_XJ4tve3BpJRJEXuEpP7FV5kLG97iLBsnJonmYylVGRh7c4kcY4FA4UHGP3esaL-AmWVnolztPH54VdCcNzPUOJ1Jz3_xVBgZ49kgtbFrvOJ5t10CX15z5tO5QQw1cjJrScHYia150Utx1FSqNF7a_fVmeebR7P8gZx-YEpQaqqIDAKPIA4kq01smRis1smbUwIYQwU7CS3FBFHt50mQ4gDfhXJB0PNK0ZVLZIcJ1v7aFsjHiM420PhXGJ_Lwa-lbO1KEzGRQKTATZ4hgmsWUNbKA7s4Z15XxybKIbF_ea5mu2MXSRO4wieLnySdQxzHRrcg4wO9o-DJ-UX7Gro6YEdQ9D7hDCY6HCgVRXsFbZco6_HUao1nG5ysoneUpam-AAvD7OCp_w8jEPQscipUhLzhssmzyeU4wnveCDp0UnWwbVeDICuENZh5TMCj6zyarjNLjjPgtDiW5c4CL03Q4l_70kb0xtJLGO0tMDy318TBLl1-1enyQ-VpR3SuQz6pUEJIUeHReo8Y-CVrQUg4JFSfX7v354FAjUo-vd0EgfeoxK9pSsecuMBFp55CAgY-f7KiD1wuVa4vCCGU29PSXN1ccIJvMEWuAeOWaOmWRaK7VV5TsVhY9Bx7iTJkNaEZ6r2vDXZo6scSYW4AKKW9AlV9nUjGBo0SmXBQfjBeNSwTRn4zkNXEQIyvb7EDIrwim0JU7k2PUMnWuBjlUy5YcVWLb3TfBtL47ZyV01vQTlwuuUsvTZnpuNPRStdG9azFF7mg1GUqGOou6hZwwVLg2XrwVTltFHulXElnTPUCCcATT7dcM4nB61LzDainuG5g9vrZ23Q8hRsKRWR54A89dQt1zWdNJtl07ioWL6kas1k3dftka6hZcm5CgaPvITN3CYWfzKqigSwOq2aeG1psVnBWIhPJoMnugcBKKRTrPZNHE7qgncSBOEj--Ap7AVee0uvB_uTtxb1ZreUV7Ud4mWpG7Qpz3LCmp8facSIuRpGU38b0pMBEFW7sE6bSB1MimDC2YGKk8-z-oM6AvRby67GZH_B_EauUmjzS0ZDSee7xpUIX4XO7_hXVSfTcoqDKDwqosJkUXU_bZ94ep4gQCvbpvHGHA2wIf6mGAGw025px9Z3vfD8StjVHAD4aiSlSCxcC5hIGULFK2EiPleYRMVO8gxdUxWMDbb_NzfSfMgm1MQnkBR9fbs-t3oznLWQEXENRbhDlLFmRjkQaZaARX1uzKXHR4N-nT3sQPwP3f0WjXFBwdseyTKe6bpzzKHHjJ60mjgWwvPBdfIhCC__fkewlZCfIJ_rIMd6gKB1XbO_cYqS21UJVMyxmZutk7uHpuN9rpZeN-WB58QwBAULgezd7lKndbouuVMMzMArzFM_xh59qBq8nhWWKHsov-rOHiv-XhzeOL48Nn-qqqdBpOFBWFEsfNdElRvdNWxffvwz-qkst6CRiDXtqb6Zu2_bPjwusTck_0765P8aVwOpuiJbKw_CHBevUYkqpYymSjwjFrX0_vaiBSiIsSet1-jHSLHYM01ldhOWZalNV4GxraoA46jX7Tk1xB5tM7TKKNk9JuiuxxwTUlU483P6FMj2FQYBfd_iGQmkRkbwFg5G7GU4uozsDX0v52Qhf00mDFJJaVuxnIZsQ8SDvdDmdC1hh4vm1ZW3W4PtOWqhJA-X5aQ159K8x9h_7xU8galhTESfCj9trQxzKsNdo_1bibxQnRSXE-l-bY-eAdOjwACmoEnpSWSM0vwDkzpcuwVYIbfwg7qXrgg6RE6gbtutu9Tde2HBSNlBsfHfOHegTpYH5muOMXd3cyGIvu8sXfFedjPdPx568qBnkG8H9voZQWBm0YwUY2Dcm0rC6E-p6EBKHuPIOXVflGfdg3CqBpcGUgo56eToqw7K5p8cW2wrRSBvcsKeIW_vwSVawoAeckjv2KPt3q5qoUJ8s-8VdMkPq3Q7m8VmvzuFY35cCzPyHyL5kDX1Sg7kXvoWmkCmkh7493FthSv6bYJ7a8hbrUh_4XfG4B-Y9_p2cPK3pvWCvuCzHixsjAAKwbDD2WZfEi3WXuEoAzg3x5gKWSpus8v2veJvYjEjps&amp;__tn__=%2AsH-R&amp;paipv=0&amp;eav=AfaIrpBYokornX2ZCuVXaxMTZpyGOdsz1sfJdoQbj6lcJFNDi9MN0nBnE2clF3r4NL0\">#saludintegrativa<\/a><\/p>\n<p><a href=\"https:\/\/esportsmunicipalsalzira.com\/wp-content\/uploads\/2024\/01\/418996999_885465470249938_284472328648229749_n.jpg\"><img decoding=\"async\" class=\"wp_automatic_fb_img\" title=\"\" src=\"https:\/\/esportsmunicipalsalzira.com\/wp-content\/uploads\/2024\/01\/418996999_885465470249938_284472328648229749_n.jpg\" \/><\/a><br \/><a href=\"https:\/\/esportsmunicipalsalzira.com\/wp-content\/uploads\/2024\/01\/419002124_885465503583268_1527768238668967895_n.jpg\"><img decoding=\"async\" class=\"wp_automatic_fb_img\" title=\"\" src=\"https:\/\/esportsmunicipalsalzira.com\/wp-content\/uploads\/2024\/01\/419002124_885465503583268_1527768238668967895_n.jpg\" \/><\/a><br \/>\n<br \/>\n<br \/><a href=\"https:\/\/www.facebook.com\/100063537194811\/posts\/893693546091877\">source<\/a>  <\/p>","protected":false},"excerpt":{"rendered":"<p>\ud835\uddd6\ud835\uddee\ud835\uddfa\ud835\uddfd\ud835\uddf6\ud835\uddfc\ud835\uddfb\ud835\uddee\ud835\ude01 \ud835\uddfd\ud835\uddff\ud835\uddfc\ud835\ude03\ud835\uddf6\ud835\uddfb\ud835\uddf0\ud835\uddf6\ud835\uddee\ud835\uddf9 \ud835\uddf9\ud835\uddf9\ud835\uddee\ud835\uddfb\ud835\uddf0\u0327\ud835\uddee\ud835\uddfa\ud835\uddf2\ud835\uddfb\ud835\ude01\ud835\ude00 \ud835\uddf9\ud835\uddf9\ud835\uddee\ud835\uddff\ud835\uddf4\ud835\ude00 \ud835\uddf3\ud835\uddf2\ud835\uddf1\ud835\uddf2\ud835\uddff\ud835\uddee\ud835\ude01\ud835\ude00. Diumenge, amb la ressaca dels reis encara al cos, els nostres llan\u00e7adors van disputar el campionat provincial de llan\u00e7aments llargs en categories federades amb molts bons resultats. Aquesta competici\u00f3 es va realizar a Val\u00e8ncia. \u26ab\ufe0fManu Canet es va proclamar CAMPI\u00d3 \ud83e\udd47 a disc SUB20 i set\u00e8 a javelina. \ud83d\udfe2Alfredo G\u00f3mez [&hellip;]<\/p>\n","protected":false},"author":2,"featured_media":6363,"comment_status":"open","ping_status":"open","sticky":false,"template":"","format":"standard","meta":{"footnotes":""},"categories":[1],"tags":[],"class_list":["post-6362","post","type-post","status-publish","format-standard","has-post-thumbnail","hentry","category-esports-alzira"],"featured_image_src":{"landsacpe":["https:\/\/esportsmunicipalsalzira.com\/wp-content\/uploads\/2024\/01\/418996999_885465470249938_284472328648229749_n-1140x445.jpg",1140,445,true],"list":["https:\/\/esportsmunicipalsalzira.com\/wp-content\/uploads\/2024\/01\/418996999_885465470249938_284472328648229749_n-463x348.jpg",463,348,true],"medium":["https:\/\/esportsmunicipalsalzira.com\/wp-content\/uploads\/2024\/01\/418996999_885465470249938_284472328648229749_n-300x103.jpg",300,103,true],"full":["https:\/\/esportsmunicipalsalzira.com\/wp-content\/uploads\/2024\/01\/418996999_885465470249938_284472328648229749_n.jpg",1600,549,false]},"_links":{"self":[{"href":"https:\/\/esportsmunicipalsalzira.com\/es\/wp-json\/wp\/v2\/posts\/6362","targetHints":{"allow":["GET"]}}],"collection":[{"href":"https:\/\/esportsmunicipalsalzira.com\/es\/wp-json\/wp\/v2\/posts"}],"about":[{"href":"https:\/\/esportsmunicipalsalzira.com\/es\/wp-json\/wp\/v2\/types\/post"}],"author":[{"embeddable":true,"href":"https:\/\/esportsmunicipalsalzira.com\/es\/wp-json\/wp\/v2\/users\/2"}],"replies":[{"embeddable":true,"href":"https:\/\/esportsmunicipalsalzira.com\/es\/wp-json\/wp\/v2\/comments?post=6362"}],"version-history":[{"count":0,"href":"https:\/\/esportsmunicipalsalzira.com\/es\/wp-json\/wp\/v2\/posts\/6362\/revisions"}],"wp:featuredmedia":[{"embeddable":true,"href":"https:\/\/esportsmunicipalsalzira.com\/es\/wp-json\/wp\/v2\/media\/6363"}],"wp:attachment":[{"href":"https:\/\/esportsmunicipalsalzira.com\/es\/wp-json\/wp\/v2\/media?parent=6362"}],"wp:term":[{"taxonomy":"category","embeddable":true,"href":"https:\/\/esportsmunicipalsalzira.com\/es\/wp-json\/wp\/v2\/categories?post=6362"},{"taxonomy":"post_tag","embeddable":true,"href":"https:\/\/esportsmunicipalsalzira.com\/es\/wp-json\/wp\/v2\/tags?post=6362"}],"curies":[{"name":"wp","href":"https:\/\/api.w.org\/{rel}","templated":true}]}}