{"id":6444,"date":"2024-02-05T10:00:46","date_gmt":"2024-02-05T09:00:46","guid":{"rendered":"https:\/\/esportsmunicipalsalzira.com\/el-ceip-ausias-march-va-organitzar-ahir-una-bicicletada-en-el-marc-de-la-programacio-de-la-seua-setmana-del-medi-ambie\/"},"modified":"2024-02-05T10:00:46","modified_gmt":"2024-02-05T09:00:46","slug":"el-ceip-ausias-march-va-organitzar-ahir-una-bicicletada-en-el-marc-de-la-programacio-de-la-seua-setmana-del-medi-ambie","status":"publish","type":"post","link":"https:\/\/esportsmunicipalsalzira.com\/es\/el-ceip-ausias-march-va-organitzar-ahir-una-bicicletada-en-el-marc-de-la-programacio-de-la-seua-setmana-del-medi-ambie\/","title":{"rendered":"El CEIP Ausi\u00e0s March organiz\u00f3 ayer una bicicletada, en el marco de la programaci\u00f3n de su Semana del Medio Ambie"},"content":{"rendered":"<div><span><\/p>\n<p>El CEIP Ausi\u00e0s March organiz\u00f3 ayer una bicicletada, en el marco de la programaci\u00f3n de su Semana del Medio Ambiente y de la Paz.<\/p>\n<p> Asistieron el alcalde, Alfons Dom\u00ednguez y la concejala de Educaci\u00f3n e Infancia, Virtuts Piera.<\/p>\n<p><\/span><\/div>\n<p><a href=\"https:\/\/esportsmunicipalsalzira.com\/wp-content\/uploads\/2024\/02\/426265931_772905644870843_3651317416051510864_n.jpg\"><img decoding=\"async\" class=\"wp_automatic_fb_img\" title=\"\" src=\"https:\/\/esportsmunicipalsalzira.com\/wp-content\/uploads\/2024\/02\/426265931_772905644870843_3651317416051510864_n.jpg\" \/><\/a><br \/><a href=\"https:\/\/esportsmunicipalsalzira.com\/wp-content\/uploads\/2024\/02\/425995822_772905631537511_5772718407060365331_n.jpg\"><img decoding=\"async\" class=\"wp_automatic_fb_img\" title=\"\" src=\"https:\/\/esportsmunicipalsalzira.com\/wp-content\/uploads\/2024\/02\/425995822_772905631537511_5772718407060365331_n.jpg\" \/><\/a><br \/><a href=\"https:\/\/esportsmunicipalsalzira.com\/wp-content\/uploads\/2024\/02\/425595560_772905638204177_6298268486681141615_n.jpg\"><img decoding=\"async\" class=\"wp_automatic_fb_img\" title=\"\" src=\"https:\/\/esportsmunicipalsalzira.com\/wp-content\/uploads\/2024\/02\/425595560_772905638204177_6298268486681141615_n.jpg\" \/><\/a><br \/><a href=\"https:\/\/esportsmunicipalsalzira.com\/wp-content\/uploads\/2024\/02\/425691017_772905641537510_6165845601284223581_n.jpg\"><img decoding=\"async\" class=\"wp_automatic_fb_img\" title=\"\" src=\"https:\/\/esportsmunicipalsalzira.com\/wp-content\/uploads\/2024\/02\/425691017_772905641537510_6165845601284223581_n.jpg\" \/><\/a><br \/><a href=\"https:\/\/esportsmunicipalsalzira.com\/wp-content\/uploads\/2024\/02\/425996577_772905634870844_624342298821228733_n.jpg\"><img decoding=\"async\" class=\"wp_automatic_fb_img\" title=\"\" src=\"https:\/\/esportsmunicipalsalzira.com\/wp-content\/uploads\/2024\/02\/425996577_772905634870844_624342298821228733_n.jpg\" \/><\/a><br \/>\n<br \/>\n<br \/><a href=\"https:\/\/www.facebook.com\/100063537194811\/posts\/911646607629904\">source<\/a>  <\/p>","protected":false},"excerpt":{"rendered":"<p>El CEIP Ausi\u00e0s March organiz\u00f3 ayer una bicicletada, en el marco de la programaci\u00f3n de su Semana del Medio Ambiente y de la Paz. Asistieron el alcalde, Alfons Dom\u00ednguez y la concejala de Educaci\u00f3n e Infancia, Virtuts Piera. Source<\/p>","protected":false},"author":2,"featured_media":6445,"comment_status":"open","ping_status":"open","sticky":false,"template":"","format":"standard","meta":{"footnotes":""},"categories":[1],"tags":[],"class_list":["post-6444","post","type-post","status-publish","format-standard","has-post-thumbnail","hentry","category-esports-alzira"],"featured_image_src":{"landsacpe":["https:\/\/esportsmunicipalsalzira.com\/wp-content\/uploads\/2024\/02\/426265931_772905644870843_3651317416051510864_n-1140x445.jpg",1140,445,true],"list":["https:\/\/esportsmunicipalsalzira.com\/wp-content\/uploads\/2024\/02\/426265931_772905644870843_3651317416051510864_n-463x348.jpg",463,348,true],"medium":["https:\/\/esportsmunicipalsalzira.com\/wp-content\/uploads\/2024\/02\/426265931_772905644870843_3651317416051510864_n-300x225.jpg",300,225,true],"full":["https:\/\/esportsmunicipalsalzira.com\/wp-content\/uploads\/2024\/02\/426265931_772905644870843_3651317416051510864_n.jpg",1440,1080,false]},"_links":{"self":[{"href":"https:\/\/esportsmunicipalsalzira.com\/es\/wp-json\/wp\/v2\/posts\/6444","targetHints":{"allow":["GET"]}}],"collection":[{"href":"https:\/\/esportsmunicipalsalzira.com\/es\/wp-json\/wp\/v2\/posts"}],"about":[{"href":"https:\/\/esportsmunicipalsalzira.com\/es\/wp-json\/wp\/v2\/types\/post"}],"author":[{"embeddable":true,"href":"https:\/\/esportsmunicipalsalzira.com\/es\/wp-json\/wp\/v2\/users\/2"}],"replies":[{"embeddable":true,"href":"https:\/\/esportsmunicipalsalzira.com\/es\/wp-json\/wp\/v2\/comments?post=6444"}],"version-history":[{"count":0,"href":"https:\/\/esportsmunicipalsalzira.com\/es\/wp-json\/wp\/v2\/posts\/6444\/revisions"}],"wp:featuredmedia":[{"embeddable":true,"href":"https:\/\/esportsmunicipalsalzira.com\/es\/wp-json\/wp\/v2\/media\/6445"}],"wp:attachment":[{"href":"https:\/\/esportsmunicipalsalzira.com\/es\/wp-json\/wp\/v2\/media?parent=6444"}],"wp:term":[{"taxonomy":"category","embeddable":true,"href":"https:\/\/esportsmunicipalsalzira.com\/es\/wp-json\/wp\/v2\/categories?post=6444"},{"taxonomy":"post_tag","embeddable":true,"href":"https:\/\/esportsmunicipalsalzira.com\/es\/wp-json\/wp\/v2\/tags?post=6444"}],"curies":[{"name":"wp","href":"https:\/\/api.w.org\/{rel}","templated":true}]}}