{"id":6458,"date":"2024-02-02T08:58:52","date_gmt":"2024-02-02T07:58:52","guid":{"rendered":"https:\/\/esportsmunicipalsalzira.com\/mitja-seleccio-valenciana-que-anira-al-campionat-despanya-de-tecnica-sera-dalzira-alzira-radio-107-9-fm-noticia-alzira\/"},"modified":"2024-02-02T08:58:52","modified_gmt":"2024-02-02T07:58:52","slug":"mitja-seleccio-valenciana-que-anira-al-campionat-despanya-de-tecnica-sera-dalzira-alzira-radio-107-9-fm-noticia-alzira","status":"publish","type":"post","link":"https:\/\/esportsmunicipalsalzira.com\/es\/mitja-seleccio-valenciana-que-anira-al-campionat-despanya-de-tecnica-sera-dalzira-alzira-radio-107-9-fm-noticia-alzira\/","title":{"rendered":"Media selecci\u00f3n valenciana que acudir\u00e1 al campeonato de Espa\u00f1a de t\u00e9cnica ser\u00e1 de Alzira | Alzira Radio 107.9 fm | Noticia Alzira"},"content":{"rendered":"<p><a href=\"https:\/\/alziraradio.com\/mitja-seleccio-valenciana-que-anira-al-campionat-despanya-de-tecnica-sera-dalzira\/?fbclid=IwAR29w7JfN89_Ft7WCWEUKxJV1bu2zOawLRhy-ZSDnuNjrwkuX30GVyzmmzw\"><img decoding=\"async\" title=\"Media selecci\u00f3n valenciana que acudir\u00e1 al campeonato de Espa\u00f1a de t\u00e9cnica ser\u00e1 de Alzira | Alzira Radio 107.9 fm | Noticia Alzira\" src=\"https:\/\/esportsmunicipalsalzira.com\/wp-content\/uploads\/2024\/02\/16162210502177354842\" \/><\/a> <\/p>\n<p><a href=\"https:\/\/alziraradio.com\/mitja-seleccio-valenciana-que-anira-al-campionat-despanya-de-tecnica-sera-dalzira\/?fbclid=IwAR29w7JfN89_Ft7WCWEUKxJV1bu2zOawLRhy-ZSDnuNjrwkuX30GVyzmmzw\">Media selecci\u00f3n valenciana que acudir\u00e1 al campeonato de Espa\u00f1a de t\u00e9cnica ser\u00e1 de Alzira | Alzira Radio 107.9 fm | Noticia Alzira<\/a><\/p>\n<p><br \/>\n<br \/><a href=\"https:\/\/www.facebook.com\/100063537194811\/posts\/909420654519166\">source<\/a>  <\/p>","protected":false},"excerpt":{"rendered":"<p>Media selecci\u00f3n valenciana que acudir\u00e1 al campeonato de Espa\u00f1a de t\u00e9cnica ser\u00e1 de Alzira | Alzira Radio 107.9 fm | Noticia Alzira Source<\/p>","protected":false},"author":2,"featured_media":6459,"comment_status":"open","ping_status":"open","sticky":false,"template":"","format":"standard","meta":{"footnotes":""},"categories":[1],"tags":[],"class_list":["post-6458","post","type-post","status-publish","format-standard","has-post-thumbnail","hentry","category-esports-alzira"],"featured_image_src":{"landsacpe":["https:\/\/esportsmunicipalsalzira.com\/wp-content\/uploads\/2024\/02\/16162210502177354842.jpeg",500,261,false],"list":["https:\/\/esportsmunicipalsalzira.com\/wp-content\/uploads\/2024\/02\/16162210502177354842-463x261.jpeg",463,261,true],"medium":["https:\/\/esportsmunicipalsalzira.com\/wp-content\/uploads\/2024\/02\/16162210502177354842-300x157.jpeg",300,157,true],"full":["https:\/\/esportsmunicipalsalzira.com\/wp-content\/uploads\/2024\/02\/16162210502177354842.jpeg",500,261,false]},"_links":{"self":[{"href":"https:\/\/esportsmunicipalsalzira.com\/es\/wp-json\/wp\/v2\/posts\/6458","targetHints":{"allow":["GET"]}}],"collection":[{"href":"https:\/\/esportsmunicipalsalzira.com\/es\/wp-json\/wp\/v2\/posts"}],"about":[{"href":"https:\/\/esportsmunicipalsalzira.com\/es\/wp-json\/wp\/v2\/types\/post"}],"author":[{"embeddable":true,"href":"https:\/\/esportsmunicipalsalzira.com\/es\/wp-json\/wp\/v2\/users\/2"}],"replies":[{"embeddable":true,"href":"https:\/\/esportsmunicipalsalzira.com\/es\/wp-json\/wp\/v2\/comments?post=6458"}],"version-history":[{"count":0,"href":"https:\/\/esportsmunicipalsalzira.com\/es\/wp-json\/wp\/v2\/posts\/6458\/revisions"}],"wp:featuredmedia":[{"embeddable":true,"href":"https:\/\/esportsmunicipalsalzira.com\/es\/wp-json\/wp\/v2\/media\/6459"}],"wp:attachment":[{"href":"https:\/\/esportsmunicipalsalzira.com\/es\/wp-json\/wp\/v2\/media?parent=6458"}],"wp:term":[{"taxonomy":"category","embeddable":true,"href":"https:\/\/esportsmunicipalsalzira.com\/es\/wp-json\/wp\/v2\/categories?post=6458"},{"taxonomy":"post_tag","embeddable":true,"href":"https:\/\/esportsmunicipalsalzira.com\/es\/wp-json\/wp\/v2\/tags?post=6458"}],"curies":[{"name":"wp","href":"https:\/\/api.w.org\/{rel}","templated":true}]}}