{"id":6502,"date":"2024-01-28T15:48:43","date_gmt":"2024-01-28T14:48:43","guid":{"rendered":"https:\/\/esportsmunicipalsalzira.com\/xxv-mitja-marato-ciutat-dalzira-este-mati-sha-celebrat-la-xxv-mitja-marato-de-21km-a-alzira-al-lavinguda-del-parc\/"},"modified":"2024-01-28T15:48:43","modified_gmt":"2024-01-28T14:48:43","slug":"xxv-mitja-marato-ciutat-dalzira-este-mati-sha-celebrat-la-xxv-mitja-marato-de-21km-a-alzira-al-lavinguda-del-parc","status":"publish","type":"post","link":"https:\/\/esportsmunicipalsalzira.com\/es\/xxv-mitja-marato-ciutat-dalzira-este-mati-sha-celebrat-la-xxv-mitja-marato-de-21km-a-alzira-al-lavinguda-del-parc\/","title":{"rendered":"XXV MEDIA MARAT\u00d3N CIUDAD DE ALZIRA Esta ma\u00f1ana se ha celebrado la XXV Media Marat\u00f3n de 21km en Alzira en la avenida del Parque"},"content":{"rendered":"<p>\n\ud83c\udfc3\u200d\u2640\ufe0f XXV MEDIO MARAT\u00d3N CIUDAD DE ALZIRA \ud83c\udfc3 Esta ma\u00f1ana se ha celebrado la XXV Media Marat\u00f3n de 21km en Alzira en la avenida del Parque \ud83c\udf33 Se ha realizado en memoria de Jose Antonio Moratalla \u2728 Enhorabuena a todos los participantes ganadores y ganadoras, \u00a1enhorabuena! \u2764\ufe0f Han asistido el concejal de Deportes, Vicent de la Concepci\u00f3n, junto al concejal de Patrimonio Tur\u00edstico, Xavi P\u00e9rez, y los concejales Jose Lu\u00eds Palacios y Benjam\u00edn Ferrer \ud83d\udc4f Colabora el ayuntamiento \ud83e\udd29<\/p>\n<p><a href=\"https:\/\/esportsmunicipalsalzira.com\/wp-content\/uploads\/2024\/02\/423006378_18409655083042219_9203267977626462780_n.jpg\"><img decoding=\"async\" class=\"wp_automatic_fb_img\" title=\"\" src=\"https:\/\/esportsmunicipalsalzira.com\/wp-content\/uploads\/2024\/02\/423006378_18409655083042219_9203267977626462780_n.jpg\" \/><\/a><br \/><a href=\"https:\/\/esportsmunicipalsalzira.com\/wp-content\/uploads\/2024\/02\/423005643_18409655092042219_8431980478221983800_n.jpg\"><img decoding=\"async\" class=\"wp_automatic_fb_img\" title=\"\" src=\"https:\/\/esportsmunicipalsalzira.com\/wp-content\/uploads\/2024\/02\/423005643_18409655092042219_8431980478221983800_n.jpg\" \/><\/a><br \/><a href=\"https:\/\/esportsmunicipalsalzira.com\/wp-content\/uploads\/2024\/02\/423196076_18409655164042219_736770956252839286_n.jpg\"><img decoding=\"async\" class=\"wp_automatic_fb_img\" title=\"\" src=\"https:\/\/esportsmunicipalsalzira.com\/wp-content\/uploads\/2024\/02\/423196076_18409655164042219_736770956252839286_n.jpg\" \/><\/a><br \/><a href=\"https:\/\/esportsmunicipalsalzira.com\/wp-content\/uploads\/2024\/02\/423194346_18409655182042219_6019415390953269961_n.jpg\"><img decoding=\"async\" class=\"wp_automatic_fb_img\" title=\"\" src=\"https:\/\/esportsmunicipalsalzira.com\/wp-content\/uploads\/2024\/02\/423194346_18409655182042219_6019415390953269961_n.jpg\" \/><\/a><br \/><a href=\"https:\/\/esportsmunicipalsalzira.com\/wp-content\/uploads\/2024\/02\/423194604_18409655185042219_4201929074947637581_n.jpg\"><img decoding=\"async\" class=\"wp_automatic_fb_img\" title=\"\" src=\"https:\/\/esportsmunicipalsalzira.com\/wp-content\/uploads\/2024\/02\/423194604_18409655185042219_4201929074947637581_n.jpg\" \/><\/a><br \/>\n<br \/>\n<br \/><a href=\"https:\/\/www.facebook.com\/100063537194811\/posts\/906166528177912\">source<\/a>  <\/p>","protected":false},"excerpt":{"rendered":"<p>\ud83c\udfc3\u200d\u2640\ufe0f XXV MITJA MARAT\u00d3 CIUTAT D\u2019ALZIRA \ud83c\udfc3 Este mat\u00ed s\u2019ha celebrat la XXV Mitja Marat\u00f3 de 21km a Alzira al l\u2019avinguda del Parc \ud83c\udf33 S\u2019ha realitzat en mem\u00f2ria de Jose Antonio Moratalla \u2728 Enhorabona a tots els participants i als guanyadors i guanyadores, enhorabona! \u2764\ufe0f Han assistit el regidor d\u2019Esports, Vicent de la Concepci\u00f3n, junt [&hellip;]<\/p>\n","protected":false},"author":2,"featured_media":6503,"comment_status":"open","ping_status":"open","sticky":false,"template":"","format":"standard","meta":{"footnotes":""},"categories":[1],"tags":[],"class_list":["post-6502","post","type-post","status-publish","format-standard","has-post-thumbnail","hentry","category-esports-alzira"],"featured_image_src":{"landsacpe":["https:\/\/esportsmunicipalsalzira.com\/wp-content\/uploads\/2024\/02\/423006378_18409655083042219_9203267977626462780_n-1080x445.jpg",1080,445,true],"list":["https:\/\/esportsmunicipalsalzira.com\/wp-content\/uploads\/2024\/02\/423006378_18409655083042219_9203267977626462780_n-463x348.jpg",463,348,true],"medium":["https:\/\/esportsmunicipalsalzira.com\/wp-content\/uploads\/2024\/02\/423006378_18409655083042219_9203267977626462780_n-300x300.jpg",300,300,true],"full":["https:\/\/esportsmunicipalsalzira.com\/wp-content\/uploads\/2024\/02\/423006378_18409655083042219_9203267977626462780_n.jpg",1080,1080,false]},"_links":{"self":[{"href":"https:\/\/esportsmunicipalsalzira.com\/es\/wp-json\/wp\/v2\/posts\/6502","targetHints":{"allow":["GET"]}}],"collection":[{"href":"https:\/\/esportsmunicipalsalzira.com\/es\/wp-json\/wp\/v2\/posts"}],"about":[{"href":"https:\/\/esportsmunicipalsalzira.com\/es\/wp-json\/wp\/v2\/types\/post"}],"author":[{"embeddable":true,"href":"https:\/\/esportsmunicipalsalzira.com\/es\/wp-json\/wp\/v2\/users\/2"}],"replies":[{"embeddable":true,"href":"https:\/\/esportsmunicipalsalzira.com\/es\/wp-json\/wp\/v2\/comments?post=6502"}],"version-history":[{"count":0,"href":"https:\/\/esportsmunicipalsalzira.com\/es\/wp-json\/wp\/v2\/posts\/6502\/revisions"}],"wp:featuredmedia":[{"embeddable":true,"href":"https:\/\/esportsmunicipalsalzira.com\/es\/wp-json\/wp\/v2\/media\/6503"}],"wp:attachment":[{"href":"https:\/\/esportsmunicipalsalzira.com\/es\/wp-json\/wp\/v2\/media?parent=6502"}],"wp:term":[{"taxonomy":"category","embeddable":true,"href":"https:\/\/esportsmunicipalsalzira.com\/es\/wp-json\/wp\/v2\/categories?post=6502"},{"taxonomy":"post_tag","embeddable":true,"href":"https:\/\/esportsmunicipalsalzira.com\/es\/wp-json\/wp\/v2\/tags?post=6502"}],"curies":[{"name":"wp","href":"https:\/\/api.w.org\/{rel}","templated":true}]}}