{"id":6538,"date":"2023-12-22T13:38:07","date_gmt":"2023-12-22T12:38:07","guid":{"rendered":"https:\/\/esportsmunicipalsalzira.com\/ud-alzira-gala-de-navidad-ayer-celebramos-en-gruporex-nuestra-gala-de-navidad-donde-se-premio-a-tecnicos-y-person\/"},"modified":"2023-12-22T13:38:07","modified_gmt":"2023-12-22T12:38:07","slug":"ud-alzira-gala-de-navidad-ayer-celebramos-en-gruporex-nuestra-gala-de-navidad-donde-se-premio-a-tecnicos-y-person","status":"publish","type":"post","link":"https:\/\/esportsmunicipalsalzira.com\/es\/ud-alzira-gala-de-navidad-ayer-celebramos-en-gruporex-nuestra-gala-de-navidad-donde-se-premio-a-tecnicos-y-person\/","title":{"rendered":"UD Alzira | Gala de Navidad Ayer celebramos en @gruporex nuestra Gala de Navidad, donde se premi\u00f3 a t\u00e9cnicos y personas"},"content":{"rendered":"<p>\nUD Alzira | Gala de Navidad \ud83c\udfc5 Ayer celebramos en @gruporex nuestra Gala de Navidad, donde se premi\u00f3 a t\u00e9cnicos y personal del club por su labor y dedicaci\u00f3n hacia \u00e9ste. La UD ALZIRA os desea felices fiestas. \ud83c\udf84\ud83c\udf85\ud83c\udffc<\/p>\n<p><a href=\"https:\/\/esportsmunicipalsalzira.com\/wp-content\/uploads\/2024\/02\/413824415_880191664108035_4142331840830776264_n.jpg\"><img decoding=\"async\" class=\"wp_automatic_fb_img\" title=\"\" src=\"https:\/\/esportsmunicipalsalzira.com\/wp-content\/uploads\/2024\/02\/413824415_880191664108035_4142331840830776264_n.jpg\" \/><\/a><br \/><a href=\"https:\/\/esportsmunicipalsalzira.com\/wp-content\/uploads\/2024\/02\/412888179_880191697441365_1467240964516894270_n.jpg\"><img decoding=\"async\" class=\"wp_automatic_fb_img\" title=\"\" src=\"https:\/\/esportsmunicipalsalzira.com\/wp-content\/uploads\/2024\/02\/412888179_880191697441365_1467240964516894270_n.jpg\" \/><\/a><br \/><a href=\"https:\/\/esportsmunicipalsalzira.com\/wp-content\/uploads\/2024\/02\/412815869_880191670774701_217175937418895829_n.jpg\"><img decoding=\"async\" class=\"wp_automatic_fb_img\" title=\"\" src=\"https:\/\/esportsmunicipalsalzira.com\/wp-content\/uploads\/2024\/02\/412815869_880191670774701_217175937418895829_n.jpg\" \/><\/a><br \/><a href=\"https:\/\/esportsmunicipalsalzira.com\/wp-content\/uploads\/2024\/02\/412887815_880191687441366_5486326266447234226_n.jpg\"><img decoding=\"async\" class=\"wp_automatic_fb_img\" title=\"\" src=\"https:\/\/esportsmunicipalsalzira.com\/wp-content\/uploads\/2024\/02\/412887815_880191687441366_5486326266447234226_n.jpg\" \/><\/a><br \/><a href=\"https:\/\/esportsmunicipalsalzira.com\/wp-content\/uploads\/2024\/02\/413947976_880191674108034_4056702996798377583_n.jpg\"><img decoding=\"async\" class=\"wp_automatic_fb_img\" title=\"\" src=\"https:\/\/esportsmunicipalsalzira.com\/wp-content\/uploads\/2024\/02\/413947976_880191674108034_4056702996798377583_n.jpg\" \/><\/a><br \/>\n<br \/>\n<br \/><a href=\"https:\/\/www.facebook.com\/100063537194811\/posts\/880235304104368\">source<\/a>  <\/p>","protected":false},"excerpt":{"rendered":"<p>UD Alzira | Gala de Navidad \ud83c\udfc5 Ayer celebramos en @gruporex nuestra Gala de Navidad, donde se premi\u00f3 a t\u00e9cnicos y personal del club por su labor y dedicaci\u00f3n hacia \u00e9ste. La UD ALZIRA os desea felices fiestas. \ud83c\udf84\ud83c\udf85\ud83c\udffc Source<\/p>","protected":false},"author":2,"featured_media":6539,"comment_status":"open","ping_status":"open","sticky":false,"template":"","format":"standard","meta":{"footnotes":""},"categories":[1],"tags":[],"class_list":["post-6538","post","type-post","status-publish","format-standard","has-post-thumbnail","hentry","category-esports-alzira"],"featured_image_src":{"landsacpe":["https:\/\/esportsmunicipalsalzira.com\/wp-content\/uploads\/2024\/02\/413824415_880191664108035_4142331840830776264_n.jpg",516,273,false],"list":["https:\/\/esportsmunicipalsalzira.com\/wp-content\/uploads\/2024\/02\/413824415_880191664108035_4142331840830776264_n-463x273.jpg",463,273,true],"medium":["https:\/\/esportsmunicipalsalzira.com\/wp-content\/uploads\/2024\/02\/413824415_880191664108035_4142331840830776264_n-300x159.jpg",300,159,true],"full":["https:\/\/esportsmunicipalsalzira.com\/wp-content\/uploads\/2024\/02\/413824415_880191664108035_4142331840830776264_n.jpg",516,273,false]},"_links":{"self":[{"href":"https:\/\/esportsmunicipalsalzira.com\/es\/wp-json\/wp\/v2\/posts\/6538","targetHints":{"allow":["GET"]}}],"collection":[{"href":"https:\/\/esportsmunicipalsalzira.com\/es\/wp-json\/wp\/v2\/posts"}],"about":[{"href":"https:\/\/esportsmunicipalsalzira.com\/es\/wp-json\/wp\/v2\/types\/post"}],"author":[{"embeddable":true,"href":"https:\/\/esportsmunicipalsalzira.com\/es\/wp-json\/wp\/v2\/users\/2"}],"replies":[{"embeddable":true,"href":"https:\/\/esportsmunicipalsalzira.com\/es\/wp-json\/wp\/v2\/comments?post=6538"}],"version-history":[{"count":0,"href":"https:\/\/esportsmunicipalsalzira.com\/es\/wp-json\/wp\/v2\/posts\/6538\/revisions"}],"wp:featuredmedia":[{"embeddable":true,"href":"https:\/\/esportsmunicipalsalzira.com\/es\/wp-json\/wp\/v2\/media\/6539"}],"wp:attachment":[{"href":"https:\/\/esportsmunicipalsalzira.com\/es\/wp-json\/wp\/v2\/media?parent=6538"}],"wp:term":[{"taxonomy":"category","embeddable":true,"href":"https:\/\/esportsmunicipalsalzira.com\/es\/wp-json\/wp\/v2\/categories?post=6538"},{"taxonomy":"post_tag","embeddable":true,"href":"https:\/\/esportsmunicipalsalzira.com\/es\/wp-json\/wp\/v2\/tags?post=6538"}],"curies":[{"name":"wp","href":"https:\/\/api.w.org\/{rel}","templated":true}]}}