{"id":6570,"date":"2023-12-17T11:34:25","date_gmt":"2023-12-17T10:34:25","guid":{"rendered":"https:\/\/esportsmunicipalsalzira.com\/musical-el-rey-leon-el-club-ritimica-fenix-alzira-es-va-estrenar-ahir-amb-el-seu-primer-musical-de-nadal-el-el-re\/"},"modified":"2023-12-17T11:34:25","modified_gmt":"2023-12-17T10:34:25","slug":"musical-el-rey-leon-el-club-ritimica-fenix-alzira-es-va-estrenar-ahir-amb-el-seu-primer-musical-de-nadal-el-el-re","status":"publish","type":"post","link":"https:\/\/esportsmunicipalsalzira.com\/es\/musical-el-rey-leon-el-club-ritimica-fenix-alzira-es-va-estrenar-ahir-amb-el-seu-primer-musical-de-nadal-el-el-re\/","title":{"rendered":"MUSICAL \u201cEL REY LE\u00d3N\u201d El Club R\u00edtimica F\u00e9nix Alzira se estren\u00f3 ayer con su primer musical de Navidad, el \u201cEl Re"},"content":{"rendered":"<p>\n\ud83c\udfac MUSICAL \u201cEL REY LE\u00d3N\u201d \ud83c\udfac El Club R\u00edtimica F\u00e9nix Alzira se estren\u00f3 ayer con su primer musical de Navidad, el \u201cEl Rey Le\u00f3n\u201d\ud83e\udd81 Fue todo un \u00e9xito y una puesta en escena maravillosa en la pista del Pabell\u00f3n P\u00e9rez Puig \ud83d\ude0d Gracias por su trabajo y hacernos disfrutar\u2764\ufe0f Asisti\u00f3 el concejal de Deportes, Vicent de la Concepci\u00f3n\ud83d\udc4f<\/p>\n<p><a href=\"https:\/\/esportsmunicipalsalzira.com\/wp-content\/uploads\/2024\/02\/412126714_18401802628042219_6687529994010406742_n.jpg\"><img decoding=\"async\" class=\"wp_automatic_fb_img\" title=\"\" src=\"https:\/\/esportsmunicipalsalzira.com\/wp-content\/uploads\/2024\/02\/412126714_18401802628042219_6687529994010406742_n.jpg\" \/><\/a><br \/><a href=\"https:\/\/esportsmunicipalsalzira.com\/wp-content\/uploads\/2024\/02\/410206152_18401802640042219_7429735891607808297_n.jpg\"><img decoding=\"async\" class=\"wp_automatic_fb_img\" title=\"\" src=\"https:\/\/esportsmunicipalsalzira.com\/wp-content\/uploads\/2024\/02\/410206152_18401802640042219_7429735891607808297_n.jpg\" \/><\/a><br \/><a href=\"https:\/\/esportsmunicipalsalzira.com\/wp-content\/uploads\/2024\/02\/410213075_18401802649042219_833982221654299439_n.jpg\"><img decoding=\"async\" class=\"wp_automatic_fb_img\" title=\"\" src=\"https:\/\/esportsmunicipalsalzira.com\/wp-content\/uploads\/2024\/02\/410213075_18401802649042219_833982221654299439_n.jpg\" \/><\/a><br \/><a href=\"https:\/\/esportsmunicipalsalzira.com\/wp-content\/uploads\/2024\/02\/412144516_18401802658042219_703582394977104786_n.jpg\"><img decoding=\"async\" class=\"wp_automatic_fb_img\" title=\"\" src=\"https:\/\/esportsmunicipalsalzira.com\/wp-content\/uploads\/2024\/02\/412144516_18401802658042219_703582394977104786_n.jpg\" \/><\/a><br \/><a href=\"https:\/\/esportsmunicipalsalzira.com\/wp-content\/uploads\/2024\/02\/410235226_18401802667042219_6683527528881057696_n.jpg\"><img decoding=\"async\" class=\"wp_automatic_fb_img\" title=\"\" src=\"https:\/\/esportsmunicipalsalzira.com\/wp-content\/uploads\/2024\/02\/410235226_18401802667042219_6683527528881057696_n.jpg\" \/><\/a><br \/>\n<br \/>\n<br \/><a href=\"https:\/\/www.facebook.com\/100063537194811\/posts\/877249437736288\">source<\/a>  <\/p>","protected":false},"excerpt":{"rendered":"<p>\ud83c\udfac MUSICAL \u201cEL REY LE\u00d3N\u201d \ud83c\udfac El Club R\u00edtimica F\u00e9nix Alzira es va estrenar ahir amb el seu primer musical de Nadal, el \u201cEl Rey Le\u00f3n\u201d\ud83e\udd81 Va ser tot un \u00e8xit i una posada en escena meravellosa a la pista del Pavell\u00f3 P\u00e9rez Puig\ud83d\ude0d Gr\u00e0cies pel vostre treball i fer-nos disfrutar\u2764\ufe0f Va assistir el regidor [&hellip;]<\/p>\n","protected":false},"author":2,"featured_media":6571,"comment_status":"open","ping_status":"open","sticky":false,"template":"","format":"standard","meta":{"footnotes":""},"categories":[1],"tags":[],"class_list":["post-6570","post","type-post","status-publish","format-standard","has-post-thumbnail","hentry","category-esports-alzira"],"featured_image_src":{"landsacpe":["https:\/\/esportsmunicipalsalzira.com\/wp-content\/uploads\/2024\/02\/412126714_18401802628042219_6687529994010406742_n-1080x445.jpg",1080,445,true],"list":["https:\/\/esportsmunicipalsalzira.com\/wp-content\/uploads\/2024\/02\/412126714_18401802628042219_6687529994010406742_n-463x348.jpg",463,348,true],"medium":["https:\/\/esportsmunicipalsalzira.com\/wp-content\/uploads\/2024\/02\/412126714_18401802628042219_6687529994010406742_n-300x300.jpg",300,300,true],"full":["https:\/\/esportsmunicipalsalzira.com\/wp-content\/uploads\/2024\/02\/412126714_18401802628042219_6687529994010406742_n.jpg",1080,1080,false]},"_links":{"self":[{"href":"https:\/\/esportsmunicipalsalzira.com\/es\/wp-json\/wp\/v2\/posts\/6570","targetHints":{"allow":["GET"]}}],"collection":[{"href":"https:\/\/esportsmunicipalsalzira.com\/es\/wp-json\/wp\/v2\/posts"}],"about":[{"href":"https:\/\/esportsmunicipalsalzira.com\/es\/wp-json\/wp\/v2\/types\/post"}],"author":[{"embeddable":true,"href":"https:\/\/esportsmunicipalsalzira.com\/es\/wp-json\/wp\/v2\/users\/2"}],"replies":[{"embeddable":true,"href":"https:\/\/esportsmunicipalsalzira.com\/es\/wp-json\/wp\/v2\/comments?post=6570"}],"version-history":[{"count":0,"href":"https:\/\/esportsmunicipalsalzira.com\/es\/wp-json\/wp\/v2\/posts\/6570\/revisions"}],"wp:featuredmedia":[{"embeddable":true,"href":"https:\/\/esportsmunicipalsalzira.com\/es\/wp-json\/wp\/v2\/media\/6571"}],"wp:attachment":[{"href":"https:\/\/esportsmunicipalsalzira.com\/es\/wp-json\/wp\/v2\/media?parent=6570"}],"wp:term":[{"taxonomy":"category","embeddable":true,"href":"https:\/\/esportsmunicipalsalzira.com\/es\/wp-json\/wp\/v2\/categories?post=6570"},{"taxonomy":"post_tag","embeddable":true,"href":"https:\/\/esportsmunicipalsalzira.com\/es\/wp-json\/wp\/v2\/tags?post=6570"}],"curies":[{"name":"wp","href":"https:\/\/api.w.org\/{rel}","templated":true}]}}