{"id":6591,"date":"2024-02-12T11:46:54","date_gmt":"2024-02-12T10:46:54","guid":{"rendered":"https:\/\/esportsmunicipalsalzira.com\/alzira-estara-representada-por-partida-doble-en-el-europeo-de-halterofilia\/"},"modified":"2024-02-12T11:46:54","modified_gmt":"2024-02-12T10:46:54","slug":"alzira-estara-representada-por-partida-doble-en-el-europeo-de-halterofilia","status":"publish","type":"post","link":"https:\/\/esportsmunicipalsalzira.com\/es\/alzira-estara-representada-por-partida-doble-en-el-europeo-de-halterofilia\/","title":{"rendered":"Alzira estar\u00e1 representada por partida doble en el europeo de halterofilia"},"content":{"rendered":"<p>\n\ud83c\udfcb\ufe0f\u200d\u2640\ufe0f Alba S\u00e1nchez competir\u00e1 con la selecci\u00f3n espa\u00f1ola, mientras M\u00f3nica Carri\u00f3 ejercer\u00e1 de jueza<br \/>\n<a href=\"https:\/\/m.facebook.com\/groups\/1637656506549279\/permalink\/3538934479754796\/?m_entstream_source=timeline&amp;_ft_=encrypted_tracking_data.0AY-mgSlHB23WdPuP2ryeOV-UHGvr0y5eWlFIBf-w-3oYx2IR0zfAGyzRxxZoz9UBOg9O8exkhmBfLTtO54uHbzW_zPPm7Vl32HFKOjSzIj_7t4_V2VUxBy5n3MwHzgG9fFTr4TQQRfuQvfqNf1Ziejl1MqNjYdTXz1TRiL6vFEcz2qVKCSUBAiE9e76EmRTLGWu8fHbMyXM70QvuZj1k6Erw_Im7nuH5JLO_L5vl75d2o3-1_CzJKZFL8COSpVrR3c7BS-X-xeiADvrpN2-KDec9uZ0z23cRUTshFQQSV1luh3u0qsq1H7L3HC-fKi1up4JdBP5J6DQQQvbBAJT1sfZeU6WdLr-wTj50bkkm5a8OHNL2OOtYRB2yAXwX75vzxUN73z8dx80c6j5X6dHBMYMFKURz7IMvzDmtemGfJojuyi0ydH9csNcyJeafFsyYauJ_7VtJDQDKBmu0sQUhRQa7VAAUtoB77rG47jCgRVmI5OVgSM93Pfm-iRisoMU1XtqMG4ct7BrJNfisosJNRT22eYL8RuvrGNq1lL9DUa-vlUZXiI4McIxF-unFkTAKJO3Ry5QwNJNdV7urE2BvmDQwI2l8mZ5XUPCtdNCgYnGHSSiiTpqJ5Szc_eXGkoOVUTYZeTOzq3QZ5EG3gxZKfwgrN9SqHv7X8IXLi-Br5S_zj6pPOUuTchwsa4Aa-erD4MSIe4DAVRVPi0ZRe6SrYEh_WJhB003Pd__MaEp_D4Me7RfTvCA9wQ6BCbdjLRUvR0xhs7UWKBXbk_RREjjyyDguWdJ_bM-jwsNPeN87EFh5ql2geru8Q1XTeqGT1lulr5W7rGtIsucDB83OmS_1zUBLHbYsIU7ML-LT_Ut3-ZlPFBN761zihuILozzpEal4l51WK_E8m0C1gOIr7HzHKJv5MV3_t2AqtTz_RX-5yOZnn06vp5dfEUkOnsvXMKihujdXrjmfOI8XE0QodpUkmAIYQ3DnYND_AOzdseFyCE2qYomnv5FqmInShfbsZSP1bGSFjZNq7l2mzWlBRd50J6cnLOugg1H3lO2p3ZZKGDc_7jNqboEDeO17vdBuvBiso9O2gvDcXVx4PbTowmuffFCuqdHE6piapH84j63WGSBu0DjTXiSRCNyfip1aqhTGzrGAFJLvT9s64PRBO5dmsEf7zI06wflPKRNZ8fbTh9OpKvNdCGlKHqAMUaJwJ0xvM5u9nHzidpOUHNIAtt6HAxOEgwkSg9gzPjnoyMpWvbOoPgQrR6soSKcr4xgkA_g4tMHWcdvY_TfhkbgjkO44VPBKsd6pmjykVC8msU0l0voFa6KBA399W4fJYfWNgSlp1JrgZt98TxYEl-Rm-7E8DdJIXxDnjFDn0_LDXRwrtZ_Lpk7w9d8h-Js3Afg-pE1-wTnXB-wW56itrCZ6pET_FVeNMPrOcLY6LjLIxcDj4dLXS2YLfgwPOs0txuNQ--w-uav-F7unojq8l1gnayt06bNsZJSnYnqIG0iydbNlAj32Eg7BnRrp-tLnszazIozpt2EPLC-SQs2nv9A5K5IqVz9IUa2ewkeFMjOEjm5BCPQzpMHptEknnPPRPtFeP0j4RGvsB33DLroHHx8vxB1Bfy6srDEA6WvIydVpVOMHdWG4980z6LX5dIu8uUtwU8pvMz5VakirY-l5XFGnUnndOITrl7zq0mHnVbpRFj3ukMnW-udlj-FwSebk7c4MyqQD3phM0spRH9MMxSeYpOvvJ8aVEjmlCDzpb9w0nQKHNqgwDDCXyt478J0EpH7yzMrW-iRgG0UdqB7_MxtXb-9iyicja_AoWTZcx_UpNTKA6KA-6BNSN_cGxQH34Gt5IAuxEmV0Ltf5lGXCntIv_z3U2OBxnDuf4iMgPYd1vFGF5fFD-R_EmKslIgnRfgqLfRDziBmIHz1k24UfFfRB5eS3FKB_MDT9WCrw8YnWprycSUTsxJlWp0CrlHb5qlbg6oY4ea59Pn4ofeIdGPgCMe2G1uxjTyvR0Q3CXCvviCTF9AV7qNC1a6O2cQ_g16x3erBlsPrCsnIhwRiRZ5dJgQf6PNC2rAqBGEnvom0g4u6tofp7iuWgTLe35JeLm3nVb2EjSqHNPQV7DF1t0ZXx9JdIGzEH12O7EKX2OMbFHGLp5dY_B7fRF-sStV1V6_D8mx95MxvL0V6duKUIbCRWn35b98nG2aGQfTrUlpMzczOAjsVwYzwrP5rzjnSuerxMJcyB4UAV2-EhDMp-K_v1eduDh2E3PESVcezpYl19KsXGq46hJjwCwNCznwskxKOz_98RR-ZUa-iq7RNff8hjRiSQnnYQIq-8Jzzf1xZrL0tyxVSPbNzq2n9Q-Xj9eGyowg4qcGNsmX67fsBfsZN6102PcpFjJu3u5YlVVyLs4YGnnSNh1k5nx88QBA8P32NSsxbzli-fDhSwD50_Oi-5OqLTAVzmtVM8Emawmiy1_frQL-ef4PYPFTU0TpwDAqggnbyFMrM1hQHm029GsjlUE67Fvh1fQ0ZBGiak2p7Lv6vAra3Da6lyPblopsDWQkNUdfOk31x1fbx91goHdMRFgDyyXCkt83aODIiJNll-eXreibQLpm0BmPgoSgwWFzJljb0_IME9QF8W4JYW37uTUXIaDhxbR08Yq7xXqZUDPNM3GtFl3M8p7nc0osx5-RNBsRDNkyP7s5-4oeQo5i-GGiKQ4P1QoZfIkGbxHImIfpP1pT1z1VzPPmY6C6Di_Jnjr_90S6Cr-M5IoqblfE415dVYjJFfnCD7a_whGEWr_c1AS-6wmwxYqCC7Mq118GRfC92H6H2hfRHEpSt3VuB0MTDrIwbDiBtQQMKFVj-2z3NBN2U_Ycv6OVBha2YINyxbzN-i3eXqOhFYuF8iwzy_S544TtJDN7z7LhuFU4MQGd557e7mGGEMnsMJfhAptPwsgcd-lp-u21GO2Ssg2X3O8fzLkZW_4SmH88h1DXfzup-uQQB9Lvij0_CD21kOePtm-ebiyY1doW3QTYFI-J3nH1dJecd6xijLP9nmNkeqRhSoFRfo5BWBNPZUSt1VteJe3MAkXxKB_5jPIduSHqHfCkuSVHXsxFiRbuV-HEGKX9_dThXc6C063evGv09iyszTvtrux_js67Eyq3xkG6j3DY8scPB-IMAaZLT52_BqPoIN3uzaUvXTAW9YcUuUeq_E8WcIVu9e7xRUz9SHWhQYGTNLNXtP&amp;__tn__=%2As%2AsH-R&amp;paipv=0&amp;eav=AfbbNcTvkoQ2T19DTqwplpeqcrdGVyA5YracPo1NhJAe9XvRl0vdsX8dUi2jG0jVMvQ\" aria-label=\"Abrir historia\" class=\"_5msj\"><\/a>\n<\/p>\n<p><a href=\"https:\/\/www.levante-emv.com\/ribera\/2024\/02\/12\/alzira-estara-representada-partida-doble-europeo-halterofilia-98074953.html?fbclid=IwAR0TX14PzDKoFV8I1XsZ35v_T1cXN8jUTPxpTcxvWfW-dafKbn01X17EhTw\"><img decoding=\"async\" title=\"Alzira estar\u00e1 representada por partida doble en el europeo de halterofilia\" src=\"https:\/\/esportsmunicipalsalzira.com\/wp-content\/uploads\/2024\/02\/10900767158808890641\" \/><\/a> <\/p>\n<p><a href=\"https:\/\/www.levante-emv.com\/ribera\/2024\/02\/12\/alzira-estara-representada-partida-doble-europeo-halterofilia-98074953.html?fbclid=IwAR0TX14PzDKoFV8I1XsZ35v_T1cXN8jUTPxpTcxvWfW-dafKbn01X17EhTw\">Alzira estar\u00e1 representada por partida doble en el europeo de halterofilia<\/a><\/p>\n<p><br \/>\n<br \/><a href=\"https:\/\/www.facebook.com\/100063537194811\/posts\/916778230450075\">source<\/a>  <\/p>","protected":false},"excerpt":{"rendered":"<p>\ud83c\udfcb\ufe0f\u200d\u2640\ufe0f Alba S\u00e1nchez competir\u00e1 con la selecci\u00f3n espa\u00f1ola, mientras M\u00f3nica Carri\u00f3 ejercer\u00e1 de jueza Alzira estar\u00e1 representada por partida doble en el europeo de halterofilia<\/p>","protected":false},"author":2,"featured_media":6592,"comment_status":"open","ping_status":"open","sticky":false,"template":"","format":"standard","meta":{"footnotes":""},"categories":[1],"tags":[],"class_list":["post-6591","post","type-post","status-publish","format-standard","has-post-thumbnail","hentry","category-esports-alzira"],"featured_image_src":{"landsacpe":["https:\/\/esportsmunicipalsalzira.com\/wp-content\/uploads\/2024\/02\/10900767158808890641.jpeg",500,261,false],"list":["https:\/\/esportsmunicipalsalzira.com\/wp-content\/uploads\/2024\/02\/10900767158808890641-463x261.jpeg",463,261,true],"medium":["https:\/\/esportsmunicipalsalzira.com\/wp-content\/uploads\/2024\/02\/10900767158808890641-300x157.jpeg",300,157,true],"full":["https:\/\/esportsmunicipalsalzira.com\/wp-content\/uploads\/2024\/02\/10900767158808890641.jpeg",500,261,false]},"_links":{"self":[{"href":"https:\/\/esportsmunicipalsalzira.com\/es\/wp-json\/wp\/v2\/posts\/6591","targetHints":{"allow":["GET"]}}],"collection":[{"href":"https:\/\/esportsmunicipalsalzira.com\/es\/wp-json\/wp\/v2\/posts"}],"about":[{"href":"https:\/\/esportsmunicipalsalzira.com\/es\/wp-json\/wp\/v2\/types\/post"}],"author":[{"embeddable":true,"href":"https:\/\/esportsmunicipalsalzira.com\/es\/wp-json\/wp\/v2\/users\/2"}],"replies":[{"embeddable":true,"href":"https:\/\/esportsmunicipalsalzira.com\/es\/wp-json\/wp\/v2\/comments?post=6591"}],"version-history":[{"count":0,"href":"https:\/\/esportsmunicipalsalzira.com\/es\/wp-json\/wp\/v2\/posts\/6591\/revisions"}],"wp:featuredmedia":[{"embeddable":true,"href":"https:\/\/esportsmunicipalsalzira.com\/es\/wp-json\/wp\/v2\/media\/6592"}],"wp:attachment":[{"href":"https:\/\/esportsmunicipalsalzira.com\/es\/wp-json\/wp\/v2\/media?parent=6591"}],"wp:term":[{"taxonomy":"category","embeddable":true,"href":"https:\/\/esportsmunicipalsalzira.com\/es\/wp-json\/wp\/v2\/categories?post=6591"},{"taxonomy":"post_tag","embeddable":true,"href":"https:\/\/esportsmunicipalsalzira.com\/es\/wp-json\/wp\/v2\/tags?post=6591"}],"curies":[{"name":"wp","href":"https:\/\/api.w.org\/{rel}","templated":true}]}}