{"id":6603,"date":"2024-02-10T13:45:54","date_gmt":"2024-02-10T12:45:54","guid":{"rendered":"https:\/\/esportsmunicipalsalzira.com\/este-mati-sha-celebrat-a-la-placa-major-la-carrera-solidaria-de-manos-unidas-gracies-per-la-participacio-de-la-ciutad\/"},"modified":"2024-02-10T13:45:54","modified_gmt":"2024-02-10T12:45:54","slug":"este-mati-sha-celebrat-a-la-placa-major-la-carrera-solidaria-de-manos-unidas-gracies-per-la-participacio-de-la-ciutad","status":"publish","type":"post","link":"https:\/\/esportsmunicipalsalzira.com\/es\/este-mati-sha-celebrat-a-la-placa-major-la-carrera-solidaria-de-manos-unidas-gracies-per-la-participacio-de-la-ciutad\/","title":{"rendered":"Esta ma\u00f1ana se ha celebrado en la Plaza Mayor la Carrera Solidaria de Manos Unidas Gracias por la participaci\u00f3n de la ciudad"},"content":{"rendered":"<p>\nEsta ma\u00f1ana se ha celebrado en la Plaza Mayor la Carrera Solidaria de Manos Unidas \ud83c\udfc3\ud83c\udfc3\u200d\u2640\ufe0f Gracias por la participaci\u00f3n de la ciudadan\u00eda \ud83e\udd29 Han asistido el alcalde, Alfons Dom\u00ednguez, junto al concejal de deportes, Vicent de la Concepci\u00f3n, la concejala de Servicios Sociales e Igualdad, Amelia Blanquer, la concejala de Juventud, Lara Ferrer, el concejal de Patrimonio Hist\u00f3rico y Turismo, Xavi P\u00e9rez, y los concejales Ana Jover, Bernat Rios y Jose Lu\u00eds Palacios \ud83d\udc4f<\/p>\n<p><a href=\"https:\/\/esportsmunicipalsalzira.com\/wp-content\/uploads\/2024\/02\/427833545_776122567882484_480449118344833684_n.jpg\"><img decoding=\"async\" class=\"wp_automatic_fb_img\" title=\"\" src=\"https:\/\/esportsmunicipalsalzira.com\/wp-content\/uploads\/2024\/02\/427833545_776122567882484_480449118344833684_n.jpg\" \/><\/a><br \/><a href=\"https:\/\/esportsmunicipalsalzira.com\/wp-content\/uploads\/2024\/02\/427021904_776122761215798_4020573026394529784_n.jpg\"><img decoding=\"async\" class=\"wp_automatic_fb_img\" title=\"\" src=\"https:\/\/esportsmunicipalsalzira.com\/wp-content\/uploads\/2024\/02\/427021904_776122761215798_4020573026394529784_n.jpg\" \/><\/a><br \/><a href=\"https:\/\/esportsmunicipalsalzira.com\/wp-content\/uploads\/2024\/02\/427824026_776122631215811_8140456998009011406_n.jpg\"><img decoding=\"async\" class=\"wp_automatic_fb_img\" title=\"\" src=\"https:\/\/esportsmunicipalsalzira.com\/wp-content\/uploads\/2024\/02\/427824026_776122631215811_8140456998009011406_n.jpg\" \/><\/a><br \/><a href=\"https:\/\/esportsmunicipalsalzira.com\/wp-content\/uploads\/2024\/02\/427832959_776122744549133_4803637200130174256_n.jpg\"><img decoding=\"async\" class=\"wp_automatic_fb_img\" title=\"\" src=\"https:\/\/esportsmunicipalsalzira.com\/wp-content\/uploads\/2024\/02\/427832959_776122744549133_4803637200130174256_n.jpg\" \/><\/a><br \/><a href=\"https:\/\/esportsmunicipalsalzira.com\/wp-content\/uploads\/2024\/02\/427851596_776122641215810_9359193830410824_n.jpg\"><img decoding=\"async\" class=\"wp_automatic_fb_img\" title=\"\" src=\"https:\/\/esportsmunicipalsalzira.com\/wp-content\/uploads\/2024\/02\/427851596_776122641215810_9359193830410824_n.jpg\" \/><\/a><br \/>\n<br \/>\n<br \/><a href=\"https:\/\/www.facebook.com\/100063537194811\/posts\/915423617252203\">source<\/a>  <\/p>","protected":false},"excerpt":{"rendered":"<p>Este mat\u00ed s\u2019ha celebrat a la Pla\u00e7a Major la Carrera Solid\u00e0ria de Manos Unidas \ud83c\udfc3\ud83c\udfc3\u200d\u2640\ufe0f Gr\u00e0cies per la participaci\u00f3 de la ciutadania \ud83e\udd29 Han assistit l\u2019alcalde, Alfons Dom\u00ednguez, junt al regidor d\u2019esports, Vicent de la Concepci\u00f3n, la regidora de Serveis Socials i Igualtat, Amelia Blanquer, la regidora de Joventut, Lara Ferrer, el regidor de Patrimoni [&hellip;]<\/p>\n","protected":false},"author":2,"featured_media":6604,"comment_status":"open","ping_status":"open","sticky":false,"template":"","format":"standard","meta":{"footnotes":""},"categories":[1],"tags":[],"class_list":["post-6603","post","type-post","status-publish","format-standard","has-post-thumbnail","hentry","category-esports-alzira"],"featured_image_src":{"landsacpe":["https:\/\/esportsmunicipalsalzira.com\/wp-content\/uploads\/2024\/02\/427833545_776122567882484_480449118344833684_n-1080x445.jpg",1080,445,true],"list":["https:\/\/esportsmunicipalsalzira.com\/wp-content\/uploads\/2024\/02\/427833545_776122567882484_480449118344833684_n-463x348.jpg",463,348,true],"medium":["https:\/\/esportsmunicipalsalzira.com\/wp-content\/uploads\/2024\/02\/427833545_776122567882484_480449118344833684_n-300x300.jpg",300,300,true],"full":["https:\/\/esportsmunicipalsalzira.com\/wp-content\/uploads\/2024\/02\/427833545_776122567882484_480449118344833684_n.jpg",1080,1080,false]},"_links":{"self":[{"href":"https:\/\/esportsmunicipalsalzira.com\/es\/wp-json\/wp\/v2\/posts\/6603","targetHints":{"allow":["GET"]}}],"collection":[{"href":"https:\/\/esportsmunicipalsalzira.com\/es\/wp-json\/wp\/v2\/posts"}],"about":[{"href":"https:\/\/esportsmunicipalsalzira.com\/es\/wp-json\/wp\/v2\/types\/post"}],"author":[{"embeddable":true,"href":"https:\/\/esportsmunicipalsalzira.com\/es\/wp-json\/wp\/v2\/users\/2"}],"replies":[{"embeddable":true,"href":"https:\/\/esportsmunicipalsalzira.com\/es\/wp-json\/wp\/v2\/comments?post=6603"}],"version-history":[{"count":0,"href":"https:\/\/esportsmunicipalsalzira.com\/es\/wp-json\/wp\/v2\/posts\/6603\/revisions"}],"wp:featuredmedia":[{"embeddable":true,"href":"https:\/\/esportsmunicipalsalzira.com\/es\/wp-json\/wp\/v2\/media\/6604"}],"wp:attachment":[{"href":"https:\/\/esportsmunicipalsalzira.com\/es\/wp-json\/wp\/v2\/media?parent=6603"}],"wp:term":[{"taxonomy":"category","embeddable":true,"href":"https:\/\/esportsmunicipalsalzira.com\/es\/wp-json\/wp\/v2\/categories?post=6603"},{"taxonomy":"post_tag","embeddable":true,"href":"https:\/\/esportsmunicipalsalzira.com\/es\/wp-json\/wp\/v2\/tags?post=6603"}],"curies":[{"name":"wp","href":"https:\/\/api.w.org\/{rel}","templated":true}]}}