{"id":6619,"date":"2023-12-13T10:20:06","date_gmt":"2023-12-13T09:20:06","guid":{"rendered":"https:\/\/esportsmunicipalsalzira.com\/lalcalde-alfons-dominguez-i-el-regidor-desports-vicent-de-la-concepcion-han-assistit-al-tradicional-%f0%9d%90%9d%f0%9d%90%a2%f0%9d%90%a7%f0%9d%90%9a%f0%9d%90%ab-%f0%9d%90%9d%f0%9d%90%9e\/"},"modified":"2023-12-13T10:20:06","modified_gmt":"2023-12-13T09:20:06","slug":"lalcalde-alfons-dominguez-i-el-regidor-desports-vicent-de-la-concepcion-han-assistit-al-tradicional-%f0%9d%90%9d%f0%9d%90%a2%f0%9d%90%a7%f0%9d%90%9a%f0%9d%90%ab-%f0%9d%90%9d%f0%9d%90%9e","status":"publish","type":"post","link":"https:\/\/esportsmunicipalsalzira.com\/es\/lalcalde-alfons-dominguez-i-el-regidor-desports-vicent-de-la-concepcion-han-assistit-al-tradicional-%f0%9d%90%9d%f0%9d%90%a2%f0%9d%90%a7%f0%9d%90%9a%f0%9d%90%ab-%f0%9d%90%9d%f0%9d%90%9e\/","title":{"rendered":"El alcalde, Alfons Dom\u00ednguez, y el concejal de Deportes, Vicent de la Concepci\u00f3n, han asistido al tradicional \ud835\udc1d\ud835\udc22\ud835\udc27\ud835\udc1a\ud835\udc2b \ud835\udc1d\ud835\udc1e \ud835\udc0d\ud835\udc1a\ud835\udc1d"},"content":{"rendered":"<p>\n\ud83c\udf1f\ud83c\udf5d El alcalde, Alfons Dom\u00ednguez, y el concejal de Deportes, Vicent de la Concepci\u00f3n, han asistido al tradicional \ud835\udc1d\ud835\udc22\ud835\udc27\ud835\udc1a\ud835\udc2b \ud835\udc1d\ud835\udc1e \ud835\udc0d\ud835\udc1a\ud835\udc1d\ud835\udc1a\ud835\udc25 \ud835\udc1d \ud835\udc28\ud835\udc1c\ud835\udc22\ud835\udc1a\ud835\udc1c\ud835\udc22\ud835\udc28\u0301 \ud835\udc0c\ud835\udc1a\ud835\udc2b\ud835\udc22\ud835\udc2c\ud835\udc1a \ud835\udc06\ud835\udc28\u0301\ud835\udc26\ud835\udc1e\ud835\udc33. \ud83d\udc69\u200d\ud83e\uddb0\ud83d\udde3 Una jornada que ha servit per a \ud835\udc22\ud835\udc27\ud835\udc2d\ud835\udc1e\ud835\udc2b\ud835\udc1c\ud835\udc1a\ud835\udc27\ud835\udc2f\ud835\udc22\ud835\udc1a\ud835\udc2b \ud835\udc28\ud835\udc29\ud835\udc22\ud835\udc27\ud835\udc22\ud835\udc28\ud835\udc27\ud835\udc2c \ud835\udc22 \ud835\udc1c\ud835\udc28\ud835\udc27\ud835\udc1e\u0301\ud835\udc22\ud835\udc31\ud835\udc1e\ud835\udc2b \ud835\udc25\ud835\udc1e\ud835\udc2c \ud835\udc27\ud835\udc1e\ud835\udc1c\ud835\udc1e\ud835\udc2c\ud835\udc2c\ud835\udc22\ud835\udc2d\ud835\udc1a\ud835\udc2d\ud835\udc2c \ud835\udc22 \ud835\udc22\ud835\udc27\ud835\udc2a\ud835\udc2e\ud835\udc22\ud835\udc1e\ud835\udc2d\ud835\udc2e\ud835\udc1d\ud835\udc2c d&#039;esta associaci\u00f3 que t\u00e9 com a finalitat millorar tant f\u00edsicament com psicol\u00f2gicament la salut de les dones en esta etapa.<\/p>\n<p><a href=\"https:\/\/esportsmunicipalsalzira.com\/wp-content\/uploads\/2024\/02\/409984350_740307531463988_3161916475619621190_n.jpg\"><img decoding=\"async\" class=\"wp_automatic_fb_img\" title=\"\" src=\"https:\/\/esportsmunicipalsalzira.com\/wp-content\/uploads\/2024\/02\/409984350_740307531463988_3161916475619621190_n.jpg\" \/><\/a><br \/><a href=\"https:\/\/esportsmunicipalsalzira.com\/wp-content\/uploads\/2024\/02\/410000245_740307481463993_1476060745307987146_n.jpg\"><img decoding=\"async\" class=\"wp_automatic_fb_img\" title=\"\" src=\"https:\/\/esportsmunicipalsalzira.com\/wp-content\/uploads\/2024\/02\/410000245_740307481463993_1476060745307987146_n.jpg\" \/><\/a><br \/><a href=\"https:\/\/esportsmunicipalsalzira.com\/wp-content\/uploads\/2024\/02\/410191135_740307501463991_428370962844335502_n.jpg\"><img decoding=\"async\" class=\"wp_automatic_fb_img\" title=\"\" src=\"https:\/\/esportsmunicipalsalzira.com\/wp-content\/uploads\/2024\/02\/410191135_740307501463991_428370962844335502_n.jpg\" \/><\/a><br \/><a href=\"https:\/\/esportsmunicipalsalzira.com\/wp-content\/uploads\/2024\/02\/410005943_740307514797323_7325422409699969739_n.jpg\"><img decoding=\"async\" class=\"wp_automatic_fb_img\" title=\"\" src=\"https:\/\/esportsmunicipalsalzira.com\/wp-content\/uploads\/2024\/02\/410005943_740307514797323_7325422409699969739_n.jpg\" \/><\/a><br \/><a href=\"https:\/\/esportsmunicipalsalzira.com\/wp-content\/uploads\/2024\/02\/410027986_740307521463989_602000172321737820_n.jpg\"><img decoding=\"async\" class=\"wp_automatic_fb_img\" title=\"\" src=\"https:\/\/esportsmunicipalsalzira.com\/wp-content\/uploads\/2024\/02\/410027986_740307521463989_602000172321737820_n.jpg\" \/><\/a><br \/>\n<br \/>\n<br \/><a href=\"https:\/\/www.facebook.com\/100063537194811\/posts\/873857691408796\">source<\/a>  <\/p>","protected":false},"excerpt":{"rendered":"<p>\ud83c\udf1f\ud83c\udf5d L&#8217;alcalde, Alfons Dom\u00ednguez, i el regidor d\u2019Esports, Vicent de la Concepci\u00f3n, han assistit al tradicional \ud835\udc1d\ud835\udc22\ud835\udc27\ud835\udc1a\ud835\udc2b \ud835\udc1d\ud835\udc1e \ud835\udc0d\ud835\udc1a\ud835\udc1d\ud835\udc1a\ud835\udc25 \ud835\udc1d\ud835\udc1e \ud835\udc25\u2019\ud835\udc00\ud835\udc2c\ud835\udc2c\ud835\udc28\ud835\udc1c\ud835\udc22\ud835\udc1a\ud835\udc1c\ud835\udc22\ud835\udc28\u0301 \ud835\udc0c\ud835\udc1a\ud835\udc2b\ud835\udc22\ud835\udc2c\ud835\udc1a \ud835\udc06\ud835\udc28\u0301\ud835\udc26\ud835\udc1e\ud835\udc33. \ud83d\udc69\u200d\ud83e\uddb0\ud83d\udde3 Una jornada que ha servit per a \ud835\udc22\ud835\udc27\ud835\udc2d\ud835\udc1e\ud835\udc2b\ud835\udc1c\ud835\udc1a\ud835\udc27\ud835\udc2f\ud835\udc22\ud835\udc1a\ud835\udc2b \ud835\udc28\ud835\udc29\ud835\udc22\ud835\udc27\ud835\udc22\ud835\udc28\ud835\udc27\ud835\udc2c \ud835\udc22 \ud835\udc1c\ud835\udc28\ud835\udc27\ud835\udc1e\u0301\ud835\udc22\ud835\udc31\ud835\udc1e\ud835\udc2b \ud835\udc25\ud835\udc1e\ud835\udc2c \ud835\udc27\ud835\udc1e\ud835\udc1c\ud835\udc1e\ud835\udc2c\ud835\udc2c\ud835\udc22\ud835\udc2d\ud835\udc1a\ud835\udc2d\ud835\udc2c \ud835\udc22 \ud835\udc22\ud835\udc27\ud835\udc2a\ud835\udc2e\ud835\udc22\ud835\udc1e\ud835\udc2d\ud835\udc2e\ud835\udc1d\ud835\udc2c d\u2019esta associaci\u00f3 que t\u00e9 com a finalitat millorar tant f\u00edsicament com psicol\u00f2gicament la salut de les [&hellip;]<\/p>\n","protected":false},"author":2,"featured_media":6620,"comment_status":"open","ping_status":"open","sticky":false,"template":"","format":"standard","meta":{"footnotes":""},"categories":[1],"tags":[],"class_list":["post-6619","post","type-post","status-publish","format-standard","has-post-thumbnail","hentry","category-esports-alzira"],"featured_image_src":{"landsacpe":["https:\/\/esportsmunicipalsalzira.com\/wp-content\/uploads\/2024\/02\/409984350_740307531463988_3161916475619621190_n-1080x445.jpg",1080,445,true],"list":["https:\/\/esportsmunicipalsalzira.com\/wp-content\/uploads\/2024\/02\/409984350_740307531463988_3161916475619621190_n-463x348.jpg",463,348,true],"medium":["https:\/\/esportsmunicipalsalzira.com\/wp-content\/uploads\/2024\/02\/409984350_740307531463988_3161916475619621190_n-300x300.jpg",300,300,true],"full":["https:\/\/esportsmunicipalsalzira.com\/wp-content\/uploads\/2024\/02\/409984350_740307531463988_3161916475619621190_n.jpg",1080,1080,false]},"_links":{"self":[{"href":"https:\/\/esportsmunicipalsalzira.com\/es\/wp-json\/wp\/v2\/posts\/6619","targetHints":{"allow":["GET"]}}],"collection":[{"href":"https:\/\/esportsmunicipalsalzira.com\/es\/wp-json\/wp\/v2\/posts"}],"about":[{"href":"https:\/\/esportsmunicipalsalzira.com\/es\/wp-json\/wp\/v2\/types\/post"}],"author":[{"embeddable":true,"href":"https:\/\/esportsmunicipalsalzira.com\/es\/wp-json\/wp\/v2\/users\/2"}],"replies":[{"embeddable":true,"href":"https:\/\/esportsmunicipalsalzira.com\/es\/wp-json\/wp\/v2\/comments?post=6619"}],"version-history":[{"count":0,"href":"https:\/\/esportsmunicipalsalzira.com\/es\/wp-json\/wp\/v2\/posts\/6619\/revisions"}],"wp:featuredmedia":[{"embeddable":true,"href":"https:\/\/esportsmunicipalsalzira.com\/es\/wp-json\/wp\/v2\/media\/6620"}],"wp:attachment":[{"href":"https:\/\/esportsmunicipalsalzira.com\/es\/wp-json\/wp\/v2\/media?parent=6619"}],"wp:term":[{"taxonomy":"category","embeddable":true,"href":"https:\/\/esportsmunicipalsalzira.com\/es\/wp-json\/wp\/v2\/categories?post=6619"},{"taxonomy":"post_tag","embeddable":true,"href":"https:\/\/esportsmunicipalsalzira.com\/es\/wp-json\/wp\/v2\/tags?post=6619"}],"curies":[{"name":"wp","href":"https:\/\/api.w.org\/{rel}","templated":true}]}}