{"id":6709,"date":"2023-11-28T12:47:43","date_gmt":"2023-11-28T11:47:43","guid":{"rendered":"https:\/\/esportsmunicipalsalzira.com\/el-futboli-vicent-dolz-27-de-novembre-de-2023-el-futboli-podcast-en-ivoox\/"},"modified":"2023-11-28T12:47:43","modified_gmt":"2023-11-28T11:47:43","slug":"el-futboli-vicent-dolz-27-de-novembre-de-2023-el-futboli-podcast-en-ivoox","status":"publish","type":"post","link":"https:\/\/esportsmunicipalsalzira.com\/es\/el-futboli-vicent-dolz-27-de-novembre-de-2023-el-futboli-podcast-en-ivoox\/","title":{"rendered":"El Futbol\u00edn: Vicent Dolz \u2013 27 de noviembre de 2023 \u2013 El Futbol\u00edn \u2013 Podcast en iVoox"},"content":{"rendered":"<div><span><\/p>\n<p>Salva Rivera, David Chord\u00e0 y Aitor S\u00e1nchez analizan la victoria del Alzira contra la Nuc\u00eda. Entrevistamos a Vicent Dolz tanto sobre el primer equipo como sobre el f\u00fatbol 11 que coordina.<\/p>\n<\/p>\n<p><\/span><\/div>\n<p><a href=\"https:\/\/m.facebook.com\/groups\/alzirahablayescucha\/permalink\/2492470744268300\/?m_entstream_source=timeline&amp;_ft_=encrypted_tracking_data.0AY8ecgweMTR7z8IClPiZhv6-tcWKVyS77s6Ytxv4MvqDJl0MIrluROyb8IY6dl0xKlmqohdnJLFSkcMpDIx-dLL4kIw-xbwh8nVom5hwC2tmYuWnydwf_ruijXuggcJbc8w3nN-aNTNU0QhzqQdUR6DR11tAGd0-cTDPa4Z8dJm7pRgHFn4qs8IK5UJNaYSV8uE-8ovorx91xfRkU__MI7WAYCIqrZp9xrLxd7vS3RzEnOjR0G7TLmMZjMk-jlM1EN535x2uYmqAaUfpyoASeftWiXcdDShdscKBOTwaWrnG23IQ12FlrmNy7dSQv_o-wrsa0fiybiQRqSHaesM0k1X8wOoUIjnhhvFl0yKA3UyrGk31ie9mSkJXnVTmO91IUIXyUCeUKDpOk6ecnLYA16zev2LuUCQp1bHfylxhrF6_j78X38EXIjE_oiLHy3hEWabxPKjJ2RC8HZfYoMo8FmLTiM8lKg356d9oeZ-PCzkBIY4sM_SxR4ijA6EqCF2jIe6I2PcjYsCSkWT86N_XaeWQ7rJC6__FBz36HlY3UPQ8XixEJcVEeeDj6_qBZl0wx6PVAc28daKwd8n7c2yeGC0uVttSH13o8l9fLxt7mqw2M1Ae1VvJ4WyG9nWeNfOOXO7Wwu8uKXmtvBMbeMZV-EaD_mVdtOiAElAu9nmaZDkLiBncblz6FLm_g31SGdJnw31PH8SoAVwtSFd6QHYMJMutCakz1Seo9O9p4lTVU7FlSHnbowA80Ctjb7poUB6XVOG5mhNSX3m_pxEuZIBouJY4Stz2Egsipr1dANEMSu5Z9_BIi1iy0XQ60By1PpNXg1n7VWXDAEN2GpNlvn69q6XH8cqtPH7oGcNvAzkIU1QHoWVwxjshbgjAkNJY0Wmh87GvcmWY1_Zp29CN72m4MtOKUDmZl5mf89aWScT7fUjqzauopVL4EaHs0UDvo6ru2T6WA9K27XKOYZl_9rZ2Sm49iMCJ-6W44pfEEY2Bo60fpcMHlx4lBh_FCnf5_ewkI7fJxsQ966UNKdqvZIBdOJApWuW9sXKOzzh6bDhCYmsRbQPV8cn0v4UIpCs_QFcs0JTuQ09Gyurld5DZPtZrSZ_wp3POk0yI9ZcWMn70PtbmHMPrHUd1zyaggQb23S4Bgp_rO42Mq8aRJp1r5khBhLDNmwDNvnuMpjt74hdAMUdfDX2aPyPVGFXeGQvqnSf85MbYZUVoaqkHn_w7GNs055Bad_CYFMNm7BvfFIUpwGjOxAuaQI2Pl-28PMC4xspRPBzPLm5t5YWhfBoMxb0T2b6Ji4DrXSjPY1cvlYfhZWQJzdvl5uUXtZWAhOayrW_nTXUV6tIgsgBjYdIN8vX2LXe94SYD8Rmfl9MbvXNsnXGmyZ1CKz3yE_D6a4mmBqFZ3jmi0R7ZJgslr2pwDq0Rl2qfB-L7AyYE0slI9j-wy5xVO2o-ozH0gTjWKVpPvP4sGNVE_l4UJfzG7HDMPkdSk_AupAgtQPtmCZc3_sKSQoBme_JbceGR1A5zCJ-yBI_1EsQQWVDaRFuCyZhFqMBLyml7FuUhDHR4IdKAJYcdXcp9btGd21eCbpl2356UJNN12yNoE2BSbVMJJqaQOfEkTsiA6Xt5MLuIFdiGIZ2wA_1H7JFDQVrPuUI0j5uIrMK4lLHPIJ0HI8bXRwoZHGlvHg0djLOy5iO44idf3lqWeMWyAoYNHpn4nmUmWi9s9V7LTqHKJ6kEL7YaG9x7eRcw8waSoy_Lo6VA-LEZHC71WDwTTzR7jLIYxxHxlm5xi4iud1GaMeUnPQmyjEBYG1L7FxQDzvzTM1MX0jVAEBIoRKzHjBmdj1NUQkvrm3N0rerF21dYfTgwaWscq5mivlk2jZCRZ2VHNZw61T6gAxKmMkvCZaGrVxS2dlqDPzhGQI3q3e15GajbennEELweALUJuVJGjGYRRlRrF1yaF4oXaY_552peWcJ32NxePlwJ4MsycA1nCBPLB51nNz-A_wYECMyjf6BcfCaeRKjQOv1-RGL8r3WRC2N7zSa2Vnhf5V9vKBLkL8uiTfZ-7Bcoo-hctl0VAyJjC_T6XZeVpz-PRuMzp76dOwR_PsUpCoEktmGMbc-pyPNmQR4uI-p9pIJ2r-lRX5YdbbmEftqrJvfUksTFdZFAw68ByZSknrDRrnsXCcXJ4kYenDGh4S9dnXScHha0PvP5dFesW12dXl4D6B_hKafB6FDvBEi5kffPjPMYun-B2V0-9Yhsyxyv4wvtfF4qtOyHKFaBZe4_K9Q_-2DWnzETa9AtdX00C7dQr6G8PxigTbc_zWhmAb3Mjglyt47Y-CUda9XJDDqL6SropBU3x34UzskG3GIVttQgLiQVpWd27dxLYti7ag0z8Ju39d_u-yf_Anr4LoHPpdl6jmZl7v4MakfGivS3i-qnMLlrt8ryvv29cS92yVHej5zT3Me4SZYlZtOEn9BvtAbyXLN1-SlNGNeZCM1HodJQj6-khy6XL413CQIHheONiT9wpI8fjNmawyGW0VW12oIwDZVoGLjVtPbh5J1KbyaLZYqCEoQl6fEl1nEWkopTNkfokdDsHo7KcEgnwHawJB76PH8N4ljkSmO5uU_4b8DROdkfPpnAqYw7GV0nHUxv5bbD8vueWh5jfihl81GG7PoFvy0d0m8G8wmheTv7Ww8e0Deep779KMTJdDX5Qj3AxdIWeg_aL__2B6KIOB_mv2s4KMucXS_Q9X7usALf0toE0YmS_nBSkbzkRnZqOO5GE6QlufEDoT1cyl37Y2cpLjExzjVXHgWQqfED0PyimLWj3ncC-mogvy6G9MP9s5Vg-Dc-Fio9tGFZQ_GKxD5pIoqTfZ4PVXfETiCgJ-foFkxOZ-CQVlQdM-Gk45se5fcrNlpXhvqROmCClXbHtygPur2rj0t0OgdsZIHX1C6RkKHXkdJ2DfMcsLcDDzBQusrbTu8rhiUllesVgfyx47XTnijUyybIWGbCcdrMJRyDD7jqNV6u0R6kLxzPMZt-ciUjIXAvBYMe3_fVIRNSS0XoMPGPwWRia_CeUEnAU2k747T26RqzsKUv9_aEfl2S5jDSajnECZmBsUI3kNDHd9Jf_M47MQ8UcDDfMOpW4MAjPaWgvI_cjY850cm_3KkbXD6BgBHjvSo-VfEVgVYmMPW_Tt0OfNA9NoaiqnTcKpJoKa0c8PE8qXjkTpNKhauMjvH9GMmj&amp;__tn__=%2As%2AsH-R&amp;paipv=0&amp;eav=AfYByTG66fBcTCjnLXWAKajnhMsGh01gT4LSFNp6quewcmlkYH-08_XH7WGGFi3VlZ0\" aria-label=\"Abrir historia\" class=\"_5msj\"><\/a><\/p>\n<p><a href=\"https:\/\/www.ivoox.com\/futboli-vicent-dolz-27-novembre-audios-mp3_rf_120172727_1.html?fbclid=IwAR2YzQlZdxlWO2FDOMW7bo1fM2qWd6Z2npHm6zaKu9X_2x9A9bQbpabCLy4\"><img decoding=\"async\" title=\"El Futbol\u00edn: Vicent Dolz - 27 de noviembre de 2023 - El Futbol\u00edn - Podcast en iVoox\" src=\"https:\/\/esportsmunicipalsalzira.com\/wp-content\/uploads\/2024\/02\/3271736321463143974\" \/><\/a> <\/p>\n<p><a href=\"https:\/\/www.ivoox.com\/futboli-vicent-dolz-27-novembre-audios-mp3_rf_120172727_1.html?fbclid=IwAR2YzQlZdxlWO2FDOMW7bo1fM2qWd6Z2npHm6zaKu9X_2x9A9bQbpabCLy4\">El Futbol\u00edn: Vicent Dolz \u2013 27 de noviembre de 2023 \u2013 El Futbol\u00edn \u2013 Podcast en iVoox<\/a><\/p>\n<p><br \/>\n<br \/><a href=\"https:\/\/www.facebook.com\/100063537194811\/posts\/864192189042013\">source<\/a>  <\/p>","protected":false},"excerpt":{"rendered":"<p>Salva Rivera, David Chord\u00e0 y Aitor S\u00e1nchez analizan la victoria del Alzira contra la Nuc\u00eda. Entrevistamos a Vicent Dolz tanto sobre el primer equipo como sobre el f\u00fatbol 11 que coordina. El Futbol\u00edn: Vicent Dolz \u2013 27 de noviembre de 2023 \u2013 El Futbol\u00edn \u2013 Podcast en iVoox Source<\/p>","protected":false},"author":2,"featured_media":6710,"comment_status":"open","ping_status":"open","sticky":false,"template":"","format":"standard","meta":{"footnotes":""},"categories":[1],"tags":[],"class_list":["post-6709","post","type-post","status-publish","format-standard","has-post-thumbnail","hentry","category-esports-alzira"],"featured_image_src":{"landsacpe":["https:\/\/esportsmunicipalsalzira.com\/wp-content\/uploads\/2024\/02\/3271736321463143974.jpeg",350,182,false],"list":["https:\/\/esportsmunicipalsalzira.com\/wp-content\/uploads\/2024\/02\/3271736321463143974.jpeg",350,182,false],"medium":["https:\/\/esportsmunicipalsalzira.com\/wp-content\/uploads\/2024\/02\/3271736321463143974-300x156.jpeg",300,156,true],"full":["https:\/\/esportsmunicipalsalzira.com\/wp-content\/uploads\/2024\/02\/3271736321463143974.jpeg",350,182,false]},"_links":{"self":[{"href":"https:\/\/esportsmunicipalsalzira.com\/es\/wp-json\/wp\/v2\/posts\/6709","targetHints":{"allow":["GET"]}}],"collection":[{"href":"https:\/\/esportsmunicipalsalzira.com\/es\/wp-json\/wp\/v2\/posts"}],"about":[{"href":"https:\/\/esportsmunicipalsalzira.com\/es\/wp-json\/wp\/v2\/types\/post"}],"author":[{"embeddable":true,"href":"https:\/\/esportsmunicipalsalzira.com\/es\/wp-json\/wp\/v2\/users\/2"}],"replies":[{"embeddable":true,"href":"https:\/\/esportsmunicipalsalzira.com\/es\/wp-json\/wp\/v2\/comments?post=6709"}],"version-history":[{"count":0,"href":"https:\/\/esportsmunicipalsalzira.com\/es\/wp-json\/wp\/v2\/posts\/6709\/revisions"}],"wp:featuredmedia":[{"embeddable":true,"href":"https:\/\/esportsmunicipalsalzira.com\/es\/wp-json\/wp\/v2\/media\/6710"}],"wp:attachment":[{"href":"https:\/\/esportsmunicipalsalzira.com\/es\/wp-json\/wp\/v2\/media?parent=6709"}],"wp:term":[{"taxonomy":"category","embeddable":true,"href":"https:\/\/esportsmunicipalsalzira.com\/es\/wp-json\/wp\/v2\/categories?post=6709"},{"taxonomy":"post_tag","embeddable":true,"href":"https:\/\/esportsmunicipalsalzira.com\/es\/wp-json\/wp\/v2\/tags?post=6709"}],"curies":[{"name":"wp","href":"https:\/\/api.w.org\/{rel}","templated":true}]}}