{"id":6711,"date":"2024-02-17T17:29:15","date_gmt":"2024-02-17T16:29:15","guid":{"rendered":"https:\/\/esportsmunicipalsalzira.com\/el-futboli-vicent-dolz-27-de-novembre-de-2023-el-futboli-podcast-en-ivoox-2\/"},"modified":"2024-02-17T17:29:15","modified_gmt":"2024-02-17T16:29:15","slug":"el-futboli-vicent-dolz-27-de-novembre-de-2023-el-futboli-podcast-en-ivoox-2","status":"publish","type":"post","link":"https:\/\/esportsmunicipalsalzira.com\/es\/el-futboli-vicent-dolz-27-de-novembre-de-2023-el-futboli-podcast-en-ivoox-2\/","title":{"rendered":"El Futbol\u00edn: Vicent Dolz \u2013 27 de noviembre de 2023 \u2013 El Futbol\u00edn \u2013 Podcast en iVoox"},"content":{"rendered":"<div><span><\/p>\n<p>Salva Rivera, David Chord\u00e0 y Aitor S\u00e1nchez analizan la victoria del Alzira contra la Nuc\u00eda. Entrevistamos a Vicent Dolz tanto sobre el primer equipo como sobre el f\u00fatbol 11 que coordina.<\/p>\n<\/p>\n<p><\/span><\/div>\n<p><a href=\"https:\/\/m.facebook.com\/groups\/alzirahablayescucha\/permalink\/2492470744268300\/?m_entstream_source=timeline&amp;_ft_=encrypted_tracking_data.0AY_tvSwAnK6GuRKJIEgcbXaovD97I0Cui4ag91wT2Uv6aalAzwAzljUFxQMKldVoglQ-nNhZNvUyio8_uDVOiOk_Y_xpIiZNfb_4Ilqaqwb5AjkAWceOJNzgK7f4twyIIQlKOt5_R52M3jDTDwR9kPPkCMMsbZI4qZsXyQdhlefiQ-Dr8CbuLHdB2fB15PmEsv2CNdWhdy_al8o2cUfgWWox1PMp50YZo9V48Aom44UxzzdoeS6DiBi1mOEpkWtNGO8Gln-ozFcC2NzoCXkAqCWeYYiPQIqpD9DSalPjSYduoMGBF6SaO3spvvMcq-6HT4jDkA_skQuzms1QfUb2h25ACibjZOlOMhW_aS18VJsW8sx-nfqIk6bWwbRWPIhIB2tNZhWmXvJYgH6_4gskE8l6a2qBEAziBOgh5OCZsxpulq1izAk6ed4TBFKGj7nwr6uNG96o3cji-EqqQ1mj4rRIQDWPrXYwm77N_LHaxtsi74qh288OJ8qg6tR6v_7KeUXAtPAgsMMcVXKkh81UclnR_j3PR9LIc1pSuAK-8OCqO8nHcBB3R5HjAP_FatTPULUIqlJvAhruRb70-tjsIRRJoXMi_aDafkVI5ZbmZuWexR2UM6lcov8fK-FBUZ6rHVq7VXbtvFsElfO8Db5vvecAEGMRNZDh0W18AoqMU2xx7_zKiguj3pmRDlQrYyRH8zO_UhXTYPaV0CelfjkhT_2cHHBsCSMv4EHscZZ72DLN4BinLYJ-cOzKJpJi7Fu82M85cuLNXCsizohbM7bUq3uFM9_DoY37nNoWVqGaapgactiHD9jTuYqP1iOL1f14zRNlvts3xaJw6VZecBB5LGcAjy8-Yc-JpnbTayoy--o8CCOqovx8aOrG-ft36iL7DVA_aceCE6Drm2Grg4cZfGWQm3ZmuksKnDeqqeTiArlwzPBi9eNGw0X41gtfSUZPNDk_ncKB9teK8yVtzKgMZpQ-5plasc23rLDMSECl0btC63ZmLAMsDN4XZQn68hw5sA5SBDjC8r2D2IV4ovLtNeg4Fe1kNYAAlpW6PQHBtXASNaDUVnhTGGILY2Ld0gVnUahNLEx-YTo-2K8skPFkN96DOdjV6YyFRtQ6WC6eshCU9wPWdgWzVwaGm1iUtQtIaMRK8Gp4yPXUWEHctvrk0CjfOlky3jxIpSjKUJGHnttrG2VonVjzc7n8IYajRyo80KL5aNNPuPdW-vIJ7PzacWSDF_xexFjcGD9btG6eF38fF4OYWs3lT4MLs67zbN3J-sx_7NcPDoTRlFZNySXb8i_-oWaGkqPvOYorBDD5LC2eP079B_Seom675if6URq5xZ4SRa7JtaerWUW063YLrYhZsSYeRn4bMvloj2jxRacYI-4osed0IhEHSr5ozRsI-ljXCtuuBiAOXfnYikj2X1XXbw6t6A91Cma9TiebjrZwTPhQOlP5I7dzM3rYQW6uvUDfNA4IscnmEststw7Dw0bDj2Xbtvkpgb0ucx9BKeiWH5Rn1OPGXI4H6zAZeOwWDoHefn2nZ_vPNIPBj4ZNGSsqun1Mo9dJeeRMzO-FOahJ2KtBXOFN_NVhAyHQ5s5Fugzie5-E2eVQMdP_m0xe2FcGEe8itd9Obt3_wmq9zYT3sDPpe2IQ6P6O-MrfXQrJuL8XXhB_n3w16dqsNE6gEWtFmgR-NHDchohMoohXL8fXyw3UgLmiwB6oaOGFEhutzs-FIuZSXdUVPg1P35_NbBgH0rhBDOu4rJZVcNIPf4CVB6RiPIKIpcPXqgowBRVTK_69n2sqIMhAOif8SkopbvUAOJa0U7tmpjFv3KZOAwC90i6MyxZT5GZKmBmRgmecqcIbBCD9Icvt42Z5aAHaQXjd4CbyRpLDxH6f-BNTIRNExXHy9UmrNBNxXoYIrA4l9_uN2uYtONVZAMUsX8pbckVyO2KPUDd31v5eX0WkISdDiPFaEbgO_IheGb6B_OTVh-mXk1t11Yq5v5djiqj5iHeTo3bYbYE6DNgcBlwRWv05qRBWl0rpL6RLFQnLI49kIPv6v-L4-HJT23U7YJtg4MZrsatKftKsuYhaueAnpiE5sDyMmW9K9n_eKSL_qu8LJhKr9QKkJiqv5mPwr2U3fI4PH_qlQuS4MH7ay3GoGBiX4GfZBQuyNOAIiXp-0xlo6Ih3tMKu3akh3r3ao_hLazlue5g4hJcB-40n_RWksbTan1edh-NXlngPwC6iWwMTW586N5X0aX0zbYlZqrKmZl6r5vHHw8pelTqiM1bUYnUMpViLPX5_9YMg_1fbsTv10R-25ktstaX2V617WVabprjNnIe8_mOdE4OIwW7jZaBmdxo1WdJwXN3tLf0cwuW-XcVLgAWhP76b9SvLdlAEXD7NxDDMMUb1SrvxbokUDBry3zp2LhMd0EqQ0q78q0d0KM_Rg2eGVLHd-X5W5ykxEOuZWyXeXgF9RA3nhq2921phQf-zAYI0Qxx1hvuZdI-MLwU8RBOddcapB-mEaWS9X7xG0ipsCDZeltNp4FUYCmau48uiXWJarFkPrVRpyCOLnW9IXm5VXCqJ34-EhYCc2psB-QpCfXm9Az0sW4rMUXbaUKG4QGT0fGtbhlKkT9KeUj4TZNOZ9BRgu-Y1jXtS7p5ABiHpnqOaRlz-1VGEw3OU5pynDMy0ngbvBcUUQF2tRA7uPFJiTVqiBOxPXnGdXe6gt-e9wfdRlzVsQEQJw7gYQDJvVU67FPKMn0HhGXiRed3FQery5wVYUUTJ6J0_aLiqPFTSivNGgAFd27KwUQ5kL8p2OEJbKGnDA0OpMutaHKRLGc0Jsf01QHkepGENVqiWnxr9okDoAseANkti5AEXkZCcMNJdYpOMXpf_iYW9xgidOxrvkhNNzWt-tLSfEf4XEPyDMceCepMFhgHNu1JP-Ldt8wGrWFTPIUxn52i3gSXnRGEYtEhWgCZBrlOoiCjS_0-T1HwXdI0aQE6RAJiPZ3UadiGD4RbGW5g-UyaF16u7ljaEIDdfEKhHEGDCLkzoqeQ2DNLphwtNj_VU3DP8-Aauo4YDzb9YfZNTT2tZPsHM54vtNbfuAp652-v26oU5GRRmAqoNrCmrQEWTGz2C2vy6t4bdXBeE4aMmOc0nYUv3Xihe-ZazwYByRWJhaWb4Ea6P0_ZORAzfTfaq-WHgXlc_2BPjcnriSVG0uYHwC3eUREQwP5Tzj4PXDA2O&amp;__tn__=%2As%2AsH-R&amp;paipv=0&amp;eav=AfbXN7kkWJrbT2eJCOZFutfj748U-JaiWCxICMIdr8poTugOvBk0rYrYaUu2cLPh3Qs\" aria-label=\"Abrir historia\" class=\"_5msj\"><\/a><\/p>\n<p><a href=\"https:\/\/www.ivoox.com\/futboli-vicent-dolz-27-novembre-audios-mp3_rf_120172727_1.html?fbclid=IwAR21zvccZSqD6QPtYRGjO1yZuJvnkGXZXTV0G4csYHnef9roWvW5Y343Hm4\">El Futbol\u00edn: Vicent Dolz \u2013 27 de noviembre de 2023 \u2013 El Futbol\u00edn \u2013 Podcast en iVoox<\/a><\/p>\n<p><br \/>\n<br \/><a href=\"https:\/\/www.facebook.com\/100063537194811\/posts\/2492470744268300\">source<\/a>  <\/p>","protected":false},"excerpt":{"rendered":"<p>Salva Rivera, David Chord\u00e0 y Aitor S\u00e1nchez analizan la victoria del Alzira contra la Nuc\u00eda. Entrevistamos a Vicent Dolz tanto sobre el primer equipo como sobre el f\u00fatbol 11 que coordina. El Futbol\u00edn: Vicent Dolz \u2013 27 de noviembre de 2023 \u2013 El Futbol\u00edn \u2013 Podcast en iVoox Source<\/p>","protected":false},"author":2,"featured_media":0,"comment_status":"open","ping_status":"open","sticky":false,"template":"","format":"standard","meta":{"footnotes":""},"categories":[1],"tags":[],"class_list":["post-6711","post","type-post","status-publish","format-standard","hentry","category-esports-alzira"],"featured_image_src":{"landsacpe":false,"list":false,"medium":false,"full":false},"_links":{"self":[{"href":"https:\/\/esportsmunicipalsalzira.com\/es\/wp-json\/wp\/v2\/posts\/6711","targetHints":{"allow":["GET"]}}],"collection":[{"href":"https:\/\/esportsmunicipalsalzira.com\/es\/wp-json\/wp\/v2\/posts"}],"about":[{"href":"https:\/\/esportsmunicipalsalzira.com\/es\/wp-json\/wp\/v2\/types\/post"}],"author":[{"embeddable":true,"href":"https:\/\/esportsmunicipalsalzira.com\/es\/wp-json\/wp\/v2\/users\/2"}],"replies":[{"embeddable":true,"href":"https:\/\/esportsmunicipalsalzira.com\/es\/wp-json\/wp\/v2\/comments?post=6711"}],"version-history":[{"count":0,"href":"https:\/\/esportsmunicipalsalzira.com\/es\/wp-json\/wp\/v2\/posts\/6711\/revisions"}],"wp:attachment":[{"href":"https:\/\/esportsmunicipalsalzira.com\/es\/wp-json\/wp\/v2\/media?parent=6711"}],"wp:term":[{"taxonomy":"category","embeddable":true,"href":"https:\/\/esportsmunicipalsalzira.com\/es\/wp-json\/wp\/v2\/categories?post=6711"},{"taxonomy":"post_tag","embeddable":true,"href":"https:\/\/esportsmunicipalsalzira.com\/es\/wp-json\/wp\/v2\/tags?post=6711"}],"curies":[{"name":"wp","href":"https:\/\/api.w.org\/{rel}","templated":true}]}}