{"id":6714,"date":"2023-11-28T09:15:30","date_gmt":"2023-11-28T08:15:30","guid":{"rendered":"https:\/\/esportsmunicipalsalzira.com\/2024-fia-f2-line-up-announcement-we-are-very-pleased-to-announce-redbull-junior-drivers-isackhadjar-and-pepemartioffic\/"},"modified":"2023-11-28T09:15:30","modified_gmt":"2023-11-28T08:15:30","slug":"2024-fia-f2-line-up-announcement-we-are-very-pleased-to-announce-redbull-junior-drivers-isackhadjar-and-pepemartioffic","status":"publish","type":"post","link":"https:\/\/esportsmunicipalsalzira.com\/es\/2024-fia-f2-line-up-announcement-we-are-very-pleased-to-announce-redbull-junior-drivers-isackhadjar-and-pepemartioffic\/","title":{"rendered":"2024 FIA F2 LINE-UP ANNOUNCEMENT We are very pleased to announce RedBull Junior Drivers @isackhadjar and @pepemartioffic"},"content":{"rendered":"<p><br \/>\n\ud83d\udea82024 FIA F2 LINE-UP anuncios<\/p>\n<p>Adri\u00e1n Campos (Campos Racing Team Principal): \u201cWe are proud to have a driver line-up consistente de 2 Red Bull junior drivers para el 2024 FIA Formula 2 season. Isack and Pepe son dos verdaderos young pilotos pero sus skills y talento a trav\u00e9s de lo que son r\u00e1pidos progresos en su categor\u00eda. Se debe a un gran pleasura para el trabajo junto y para que se encuentre el m\u00e1ximo para alcanzar los posibles resultados. Y hab\u00eda no dudados en el 2024 promises to be an exciting season for Campos Racing. En la pr\u00f3xima semana has already begun for us. Let&#039;s rock!\u201d <\/p>\n<p>Isack Hadjar (Campos Racing Driver of Formula 2): \u201cI&#039;m really looking forward start working with the team! Y no hay experiencia en la FIA F2 championship and with campos de carreras potenciales y capabilities, we will reach the top!\u201d  <\/p>\n<p>Pepe Mart\u00ed (Campos Racing Driver of Formula 2): \u201cIt&#039;s a dream come true to jump into a Formula 2, te&#039;s otro step en mi jornada y learning a reach Formula 1 in the future. Se well with Campos Racing, el team que lo vienen por encima de mi single seater career, y te es muy opcionalidad en el test here en el Abu Dhabi y me looking forward para learning quickly and joying every lap! Thanks to the team, mi padres y el Red Bull Junior Team para make it happen, see you on Wednesday!\u201d<br \/><a href=\"https:\/\/esportsmunicipalsalzira.com\/wp-content\/uploads\/2024\/02\/406045339_18404965423056387_7556284035760901099_n.jpg\"><img decoding=\"async\" class=\"wp_automatic_fb_img\" title=\"\" src=\"https:\/\/esportsmunicipalsalzira.com\/wp-content\/uploads\/2024\/02\/406045339_18404965423056387_7556284035760901099_n.jpg\" \/><\/a><br \/><a href=\"https:\/\/esportsmunicipalsalzira.com\/wp-content\/uploads\/2024\/02\/406045161_18404965432056387_6560820308757809500_n.jpg\"><img decoding=\"async\" class=\"wp_automatic_fb_img\" title=\"\" src=\"https:\/\/esportsmunicipalsalzira.com\/wp-content\/uploads\/2024\/02\/406045161_18404965432056387_6560820308757809500_n.jpg\" \/><\/a><br \/><a href=\"https:\/\/esportsmunicipalsalzira.com\/wp-content\/uploads\/2024\/02\/406081212_18404965435056387_1233108446369434277_n.jpg\"><img decoding=\"async\" class=\"wp_automatic_fb_img\" title=\"\" src=\"https:\/\/esportsmunicipalsalzira.com\/wp-content\/uploads\/2024\/02\/406081212_18404965435056387_1233108446369434277_n.jpg\" \/><\/a><br \/>\n<br \/>\n<br \/><a href=\"https:\/\/www.facebook.com\/100063537194811\/posts\/863544629106769\">source<\/a>  <\/p>","protected":false},"excerpt":{"rendered":"<p>\ud83d\udea82024 FIA F2 LINE-UP ANNOUNCEMENT\ud83d\udea8 We are very pleased to announce RedBull Junior Drivers @isackhadjar and @pepemartiofficial for the new 2024 @formula2 season\ud83d\udd25 Adri\u00e1n Campos (Campos Racing Team Principal): \u201cWe are proud to have a driver line-up consisting of two Red Bull junior drivers for the 2024 FIA Formula 2 season. Isack and Pepe are [&hellip;]<\/p>\n","protected":false},"author":2,"featured_media":6715,"comment_status":"open","ping_status":"open","sticky":false,"template":"","format":"standard","meta":{"footnotes":""},"categories":[1],"tags":[],"class_list":["post-6714","post","type-post","status-publish","format-standard","has-post-thumbnail","hentry","category-esports-alzira"],"featured_image_src":{"landsacpe":["https:\/\/esportsmunicipalsalzira.com\/wp-content\/uploads\/2024\/02\/406045339_18404965423056387_7556284035760901099_n-1140x445.jpg",1140,445,true],"list":["https:\/\/esportsmunicipalsalzira.com\/wp-content\/uploads\/2024\/02\/406045339_18404965423056387_7556284035760901099_n-463x348.jpg",463,348,true],"medium":["https:\/\/esportsmunicipalsalzira.com\/wp-content\/uploads\/2024\/02\/406045339_18404965423056387_7556284035760901099_n-300x300.jpg",300,300,true],"full":["https:\/\/esportsmunicipalsalzira.com\/wp-content\/uploads\/2024\/02\/406045339_18404965423056387_7556284035760901099_n.jpg",1440,1440,false]},"_links":{"self":[{"href":"https:\/\/esportsmunicipalsalzira.com\/es\/wp-json\/wp\/v2\/posts\/6714","targetHints":{"allow":["GET"]}}],"collection":[{"href":"https:\/\/esportsmunicipalsalzira.com\/es\/wp-json\/wp\/v2\/posts"}],"about":[{"href":"https:\/\/esportsmunicipalsalzira.com\/es\/wp-json\/wp\/v2\/types\/post"}],"author":[{"embeddable":true,"href":"https:\/\/esportsmunicipalsalzira.com\/es\/wp-json\/wp\/v2\/users\/2"}],"replies":[{"embeddable":true,"href":"https:\/\/esportsmunicipalsalzira.com\/es\/wp-json\/wp\/v2\/comments?post=6714"}],"version-history":[{"count":0,"href":"https:\/\/esportsmunicipalsalzira.com\/es\/wp-json\/wp\/v2\/posts\/6714\/revisions"}],"wp:featuredmedia":[{"embeddable":true,"href":"https:\/\/esportsmunicipalsalzira.com\/es\/wp-json\/wp\/v2\/media\/6715"}],"wp:attachment":[{"href":"https:\/\/esportsmunicipalsalzira.com\/es\/wp-json\/wp\/v2\/media?parent=6714"}],"wp:term":[{"taxonomy":"category","embeddable":true,"href":"https:\/\/esportsmunicipalsalzira.com\/es\/wp-json\/wp\/v2\/categories?post=6714"},{"taxonomy":"post_tag","embeddable":true,"href":"https:\/\/esportsmunicipalsalzira.com\/es\/wp-json\/wp\/v2\/tags?post=6714"}],"curies":[{"name":"wp","href":"https:\/\/api.w.org\/{rel}","templated":true}]}}