{"id":6728,"date":"2023-11-25T01:33:14","date_gmt":"2023-11-25T00:33:14","guid":{"rendered":"https:\/\/esportsmunicipalsalzira.com\/gala-de-lesport-esta-vesprada-sha-celebrat-al-palau-desports-lesdeveniment-esportiu-de-reconeixement-i-lliurament-d\/"},"modified":"2023-11-25T01:33:14","modified_gmt":"2023-11-25T00:33:14","slug":"gala-de-lesport-esta-vesprada-sha-celebrat-al-palau-desports-lesdeveniment-esportiu-de-reconeixement-i-lliurament-d","status":"publish","type":"post","link":"https:\/\/esportsmunicipalsalzira.com\/es\/gala-de-lesport-esta-vesprada-sha-celebrat-al-palau-desports-lesdeveniment-esportiu-de-reconeixement-i-lliurament-d\/","title":{"rendered":"GALA DEL DEPORTE Esta tarde se ha celebrado en el Palacio de Deportes el evento deportivo de reconocimiento y entrega de"},"content":{"rendered":"<p>\n\ud83e\udd38\u200d\u2640\ufe0fGALA DEL DEPORTE\ud83e\udd38\u200d\u2642\ufe0f Esta tarde se ha celebrado en el Palacio de Deportes el evento deportivo de reconocimiento y entrega de premios a los mejores y las mejores deportistas de la ciudad\u2b50\ufe0f La Insignia de Oro de la ciudad la recibir\u00e1 Braulio Correal Rosell el pr\u00f3ximo 30 de diciembre, enhorabuena\ud83e\udd29 M\u00f3nica Carri\u00f3 como representante de Comisi\u00f3n Permanente de Deportes, ha sido la presentadora del acto\ud83c\udfa4 Adem\u00e1s, se han realizado exhibiciones en directo de diversas disciplinas con el CEAM de la mano de Quique Espa\u00f1a con una exhibici\u00f3n gimnasia junto a personas mayores, con el t\u00e9cnico Fernando Giner en la exhibici\u00f3n inclusiva de A-Ball, f\u00fatbol sala sobre silla de ruedas y tambi\u00e9n se ha contado con la colaboraci\u00f3n de alumnado del IES Rei en Jaume\ud83d\ude0d Han asistido el alcalde, Alfons Dom\u00ednguez, junto al concejal de Deportes, Vicent de la Concepci\u00f3n y la Corporaci\u00f3n Municipal\ud83d\udc4f \u00a1Gracias por su implicaci\u00f3n con el deporte!\ud83d\udcaa<\/p>\n<p><a href=\"https:\/\/esportsmunicipalsalzira.com\/wp-content\/uploads\/2024\/02\/403883655_18397547452042219_8055660384576832525_n.jpg\"><img decoding=\"async\" class=\"wp_automatic_fb_img\" title=\"\" src=\"https:\/\/esportsmunicipalsalzira.com\/wp-content\/uploads\/2024\/02\/403883655_18397547452042219_8055660384576832525_n.jpg\" \/><\/a><br \/><a href=\"https:\/\/esportsmunicipalsalzira.com\/wp-content\/uploads\/2024\/02\/403887439_18397547461042219_6564171521117115925_n.jpg\"><img decoding=\"async\" class=\"wp_automatic_fb_img\" title=\"\" src=\"https:\/\/esportsmunicipalsalzira.com\/wp-content\/uploads\/2024\/02\/403887439_18397547461042219_6564171521117115925_n.jpg\" \/><\/a><br \/><a href=\"https:\/\/esportsmunicipalsalzira.com\/wp-content\/uploads\/2024\/02\/405743372_18397547470042219_8272950811898311222_n.jpg\"><img decoding=\"async\" class=\"wp_automatic_fb_img\" title=\"\" src=\"https:\/\/esportsmunicipalsalzira.com\/wp-content\/uploads\/2024\/02\/405743372_18397547470042219_8272950811898311222_n.jpg\" \/><\/a><br \/><a href=\"https:\/\/esportsmunicipalsalzira.com\/wp-content\/uploads\/2024\/02\/403895107_18397547494042219_2330330779071594045_n.jpg\"><img decoding=\"async\" class=\"wp_automatic_fb_img\" title=\"\" src=\"https:\/\/esportsmunicipalsalzira.com\/wp-content\/uploads\/2024\/02\/403895107_18397547494042219_2330330779071594045_n.jpg\" \/><\/a><br \/><a href=\"https:\/\/esportsmunicipalsalzira.com\/wp-content\/uploads\/2024\/02\/403863338_18397547491042219_7616015034793699971_n.jpg\"><img decoding=\"async\" class=\"wp_automatic_fb_img\" title=\"\" src=\"https:\/\/esportsmunicipalsalzira.com\/wp-content\/uploads\/2024\/02\/403863338_18397547491042219_7616015034793699971_n.jpg\" \/><\/a><br \/>\n<br \/>\n<br \/><a href=\"https:\/\/www.facebook.com\/100063537194811\/posts\/861688542625711\">source<\/a>  <\/p>","protected":false},"excerpt":{"rendered":"<p>\ud83e\udd38\u200d\u2640\ufe0fGALA DE L\u2019ESPORT\ud83e\udd38\u200d\u2642\ufe0f Esta vesprada s\u2019ha celebrat al Palau d\u2019Esports l\u2019esdeveniment esportiu de reconeixement i lliurament de premis als millors i les millors esportistes de la ciutat\u2b50\ufe0f La Ins\u00edgnia d\u2019Or de la ciutat la rebr\u00e0 Braulio Correal Rosell el proper 30 de desembre, enhorabona\ud83e\udd29 M\u00f3nica Carri\u00f3 com a representant de Comissi\u00f3 Permanent d\u2019Esports, ha sigut [&hellip;]<\/p>\n","protected":false},"author":2,"featured_media":6729,"comment_status":"open","ping_status":"open","sticky":false,"template":"","format":"standard","meta":{"footnotes":""},"categories":[1],"tags":[],"class_list":["post-6728","post","type-post","status-publish","format-standard","has-post-thumbnail","hentry","category-esports-alzira"],"featured_image_src":{"landsacpe":["https:\/\/esportsmunicipalsalzira.com\/wp-content\/uploads\/2024\/02\/403883655_18397547452042219_8055660384576832525_n-1080x445.jpg",1080,445,true],"list":["https:\/\/esportsmunicipalsalzira.com\/wp-content\/uploads\/2024\/02\/403883655_18397547452042219_8055660384576832525_n-463x348.jpg",463,348,true],"medium":["https:\/\/esportsmunicipalsalzira.com\/wp-content\/uploads\/2024\/02\/403883655_18397547452042219_8055660384576832525_n-300x300.jpg",300,300,true],"full":["https:\/\/esportsmunicipalsalzira.com\/wp-content\/uploads\/2024\/02\/403883655_18397547452042219_8055660384576832525_n.jpg",1080,1080,false]},"_links":{"self":[{"href":"https:\/\/esportsmunicipalsalzira.com\/es\/wp-json\/wp\/v2\/posts\/6728","targetHints":{"allow":["GET"]}}],"collection":[{"href":"https:\/\/esportsmunicipalsalzira.com\/es\/wp-json\/wp\/v2\/posts"}],"about":[{"href":"https:\/\/esportsmunicipalsalzira.com\/es\/wp-json\/wp\/v2\/types\/post"}],"author":[{"embeddable":true,"href":"https:\/\/esportsmunicipalsalzira.com\/es\/wp-json\/wp\/v2\/users\/2"}],"replies":[{"embeddable":true,"href":"https:\/\/esportsmunicipalsalzira.com\/es\/wp-json\/wp\/v2\/comments?post=6728"}],"version-history":[{"count":0,"href":"https:\/\/esportsmunicipalsalzira.com\/es\/wp-json\/wp\/v2\/posts\/6728\/revisions"}],"wp:featuredmedia":[{"embeddable":true,"href":"https:\/\/esportsmunicipalsalzira.com\/es\/wp-json\/wp\/v2\/media\/6729"}],"wp:attachment":[{"href":"https:\/\/esportsmunicipalsalzira.com\/es\/wp-json\/wp\/v2\/media?parent=6728"}],"wp:term":[{"taxonomy":"category","embeddable":true,"href":"https:\/\/esportsmunicipalsalzira.com\/es\/wp-json\/wp\/v2\/categories?post=6728"},{"taxonomy":"post_tag","embeddable":true,"href":"https:\/\/esportsmunicipalsalzira.com\/es\/wp-json\/wp\/v2\/tags?post=6728"}],"curies":[{"name":"wp","href":"https:\/\/api.w.org\/{rel}","templated":true}]}}