{"id":6738,"date":"2023-11-23T09:46:05","date_gmt":"2023-11-23T08:46:05","guid":{"rendered":"https:\/\/esportsmunicipalsalzira.com\/%f0%9d%91%aa%f0%9d%92%82%f0%9d%92%91-%f0%9d%92%85%f0%9d%92%86-%f0%9d%92%94%f0%9d%92%86%f0%9d%92%95%f0%9d%92%8e%f0%9d%92%82%f0%9d%92%8f%f0%9d%92%82-%f0%9d%92%85%f0%9d%92%86-%f0%9d%92%84%f0%9d%92%82\/"},"modified":"2023-11-23T09:46:05","modified_gmt":"2023-11-23T08:46:05","slug":"%f0%9d%91%aa%f0%9d%92%82%f0%9d%92%91-%f0%9d%92%85%f0%9d%92%86-%f0%9d%92%94%f0%9d%92%86%f0%9d%92%95%f0%9d%92%8e%f0%9d%92%82%f0%9d%92%8f%f0%9d%92%82-%f0%9d%92%85%f0%9d%92%86-%f0%9d%92%84%f0%9d%92%82","status":"publish","type":"post","link":"https:\/\/esportsmunicipalsalzira.com\/es\/%f0%9d%91%aa%f0%9d%92%82%f0%9d%92%91-%f0%9d%92%85%f0%9d%92%86-%f0%9d%92%94%f0%9d%92%86%f0%9d%92%95%f0%9d%92%8e%f0%9d%92%82%f0%9d%92%8f%f0%9d%92%82-%f0%9d%92%85%f0%9d%92%86-%f0%9d%92%84%f0%9d%92%82\/","title":{"rendered":"\ud835\udc6a\ud835\udc82\ud835\udc91 \ud835\udc85\ud835\udc86 \ud835\udc94\ud835\udc86\ud835\udc95\ud835\udc8e\ud835\udc82\ud835\udc8f\ud835\udc82 \ud835\udc85\ud835\udc86 \ud835\udc84\ud835\udc82\ud835\udc8e\ud835\udc91\ud835\udc8a\ud835\udc90\ud835\udc8f\ud835\udc94 \ud835\udc9d \ud835\udc8f\ud835\udc86\ud835\udc94 El pasado s\u00e1bado 18 de noviembre, en Aldaia se celebr\u00f3 el \ud835\udc02\ud835\udc1a\ud835\udc26\ud835\udc29\ud835\udc22\ud835\udc28\ud835\udc27\ud835\udc1a\ud835\udc2d \ud835\udc1d\ud835\udc1e \ud835\udc25\ud835\udc1a"},"content":{"rendered":"<p><br \/>\n\ud83e\udd47\ud83e\udd48\ud83e\udd49 \ud835\udc6a\ud835\udc82\ud835\udc91 \ud835\udc85\ud835\udc86 \ud835\udc94\ud835\udc86\ud835\udc95\ud835\udc8e\ud835\udc82\ud835\udc8f\ud835\udc82 \ud835\udc85\ud835\udc86 \ud835\udc84\ud835\udc82\ud835\udc8e\ud835\udc91\ud835\udc8a\ud835\udc90\ud835\udc8f\ud835\udc94 \ud835\udc8a \ud835\udc84\ud835\udc82\ud835\udc8e\ud835\udc91\ud835\udc8a\ud835\udc90\ud835\udc8f\ud835\udc86\ud835\udc94<\/p>\n<p>\ud83d\udc49 El passat dissabte 18 de novembre, a Aldaia es va celebrar el \ud835\udc02\ud835\udc1a\ud835\udc26\ud835\udc29\ud835\udc22\ud835\udc28\ud835\udc27\ud835\udc1a\ud835\udc2d \ud835\udc1d\ud835\udc1e \ud835\udc25\ud835\udc1a \ud835\udc02\ud835\udc28\ud835\udc26\ud835\udc2e\ud835\udc27\ud835\udc22\ud835\udc2d\ud835\udc1a\ud835\udc2d \ud835\udc15\ud835\udc1a\ud835\udc25\ud835\udc1e\ud835\udc27\ud835\udc1c\ud835\udc22\ud835\udc1a\ud835\udc27\ud835\udc1a \ud835\udc12\ud835\udc2e\ud835\udc1b \ud835\udfcf\ud835\udfd5 \/ \ud835\udc12\ud835\udc2e\ud835\udc1b \ud835\udfcf\ud835\udfd3 d&#8217;Halterofilia.<\/p>\n<p>Del club d&#8217;Halterofilia d&#8217;Alzira:<\/p>\n<p>\ud83e\udd47\ud83e\udd47 \ud835\udc0d\ud835\udc2e\ud835\udc2b\ud835\udc22\ud835\udc1a \ud835\udc13\ud835\udc28\ud835\udc2b\ud835\udc2b\ud835\udc1e\ud835\udc2c, Campiona de la Comunitat Valenciana [40kg &#8211; Sub 15 \/ Sub 17]. Dos medalles d&#8217;or.<\/p>\n<p>\ud83e\udd49 \ud835\udc11\ud835\udc2e\ud835\udc1b\ud835\udc1e\u0301\ud835\udc27 \ud835\udc0e\u0301\ud835\udc2b\ud835\udc2d\ud835\udc22\ud835\udc33, 3r de la Comunitat Valenciana [81 kg &#8211; Sub 17]. Medalla bronze.<\/p>\n<p>\ud83e\udd48 \ud835\udc04\ud835\udc2f\ud835\udc1a \ud835\udc00\ud835\udc25\ud835\udc1f\ud835\udc1a\ud835\udc2b\ud835\udc28, Subcampiona de la Comunitat Valenciana [59 kg &#8211; Sub 17], Medalla de plata.<\/p>\n<p>\ud83e\udd47 \ud835\udc07\ud835\udc1e\u0301\ud835\udc1c\ud835\udc2d\ud835\udc28\ud835\udc2b \ud835\udc12\ud835\udc28\ud835\udc2d\ud835\udc28, Campi\u00f3 de la Comunitat Valenciana [73 kg &#8211; sub 17], una medalla  d&#8217;Or.<\/p>\n<p>\ud83e\udd47\ud83e\udd48 \ud835\udc09\ud835\udc2e\ud835\udc1a\ud835\udc27 \ud835\udc0c\ud835\udc28\ud835\udc2b\ud835\udc1e\ud835\udc27\ud835\udc28, Campi\u00f3 i Subcampi\u00f3 de la Comunitat Valenciana [61 kg &#8211; sub 15 i sub 17], medalla d&#8217;or i plata.<\/p>\n<p>\ud83e\udd47 \ud835\udc00\ud835\udc2b\ud835\udc22\ud835\udc1a\ud835\udc1d\ud835\udc27\ud835\udc1a \ud835\udc0f\ud835\udc1e\ud835\udc27\u0303\ud835\udc1a, Campiona de la Comunitat Valenciana [71 kg &#8211; sub 15], medalla d&#8217;Or.<\/p>\n<p>\ud83e\udd49 \ud835\udc02\ud835\udc25\ud835\udc1a\ud835\udc2e\ud835\udc1d\ud835\udc22\ud835\udc1a \ud835\udc05\ud835\udc22\ud835\udc25\ud835\udc22\ud835\udc29, 3\u00aa de la Comunitat Valenciana [71 kg &#8211; sub 15], medalla de bronze.<\/p>\n<p>\ud83e\udd47\ud83e\udd47 \ud835\udc13\ud835\udc22\ud835\udc21\ud835\udc1a\ud835\udc2b\ud835\udc1a \ud835\udc06\ud835\udc22\ud835\udc2c\ud835\udc1e\ud835\udc25\ud835\udc25 \ud835\udc12\ud835\udc1a\ud835\udc25\ud835\udc1d\ud835\udc22\ud835\udc2f\ud835\udc1a\ud835\udc2b, Campiona de la Comunitat Valenciana [+81  kg &#8211; sub 15 i sub 17], dos medalles d&#8217;Or.<\/p>\n<p>\ud83e\udd49 \ud835\udc08\ud835\udc24\ud835\udc1e\ud835\udc2b \ud835\udc15\ud835\udc22\ud835\udc25\ud835\udc1a, 3r de la Comunitat Valenciana [61 kg &#8211; sub 15], una medalla de bronze.<\/p>\n<p>\ud83d\ude4c \ud835\udc08\ud835\udc33\ud835\udc1a\ud835\udc27 \ud835\udc0f\ud835\udc1e\u0301\ud835\udc2b\ud835\udc1e\ud835\udc33 \ud835\udc22 \ud835\udc00\ud835\udc25\ud835\udc2f\ud835\udc1a\ud835\udc2b\ud835\udc28 \ud835\udc02\ud835\udc21\ud835\udc28\ud835\udc2b\ud835\udc1d\ud835\udc1a\u0301, quarts en les categories de 73 i 61kg sub 15.<\/p>\n<p>\ud83d\udc65 En l&#8217;entrega de medalles, estava l&#8217;alzirenya M\u00f3nica Carri\u00f3, Vicepresidenta de la Real Federaci\u00f3 Espanyola d&#8217;Halterofilia.<\/p>\n<p>\ud83d\udc4f El pr\u00f2xim 16 i 17 de desembre 5 dels competidors del club Halterof\u00edlia Alzira (Eva, Thiara, Juan, H\u00e9ctor i Rub\u00e9n) participaran en el Campionat d&#8217;Espanya sub 17.<\/p>\n<p>Enhorabona a tots i totes! \ud83e\udd73<\/p>\n<p>Servei Municipal d&#8217;Esports Alzira<br \/>\nHalterofilia Alzira<br \/><a href=\"https:\/\/esportsmunicipalsalzira.com\/wp-content\/uploads\/2024\/02\/403729093_728996365928438_6503688376601012600_n.jpg\"><img decoding=\"async\" class=\"wp_automatic_fb_img\" title=\"\" src=\"https:\/\/esportsmunicipalsalzira.com\/wp-content\/uploads\/2024\/02\/403729093_728996365928438_6503688376601012600_n.jpg\" \/><\/a><br \/><a href=\"https:\/\/esportsmunicipalsalzira.com\/wp-content\/uploads\/2024\/02\/403723702_728996399261768_1879730913402813506_n.jpg\"><img decoding=\"async\" class=\"wp_automatic_fb_img\" title=\"\" src=\"https:\/\/esportsmunicipalsalzira.com\/wp-content\/uploads\/2024\/02\/403723702_728996399261768_1879730913402813506_n.jpg\" \/><\/a><br \/><a href=\"https:\/\/esportsmunicipalsalzira.com\/wp-content\/uploads\/2024\/02\/403729477_728996402595101_3344541881408494336_n.jpg\"><img decoding=\"async\" class=\"wp_automatic_fb_img\" title=\"\" src=\"https:\/\/esportsmunicipalsalzira.com\/wp-content\/uploads\/2024\/02\/403729477_728996402595101_3344541881408494336_n.jpg\" \/><\/a><br \/><a href=\"https:\/\/esportsmunicipalsalzira.com\/wp-content\/uploads\/2024\/02\/402663009_728996405928434_6334303602989198112_n.jpg\"><img decoding=\"async\" class=\"wp_automatic_fb_img\" title=\"\" src=\"https:\/\/esportsmunicipalsalzira.com\/wp-content\/uploads\/2024\/02\/402663009_728996405928434_6334303602989198112_n.jpg\" \/><\/a><br \/><a href=\"https:\/\/esportsmunicipalsalzira.com\/wp-content\/uploads\/2024\/02\/405079432_728996389261769_5681725763371493249_n.jpg\"><img decoding=\"async\" class=\"wp_automatic_fb_img\" title=\"\" src=\"https:\/\/esportsmunicipalsalzira.com\/wp-content\/uploads\/2024\/02\/405079432_728996389261769_5681725763371493249_n.jpg\" \/><\/a><br \/>\n<br \/>\n<br \/><a href=\"https:\/\/www.facebook.com\/100063537194811\/posts\/860328779428354\">Source<\/a>  <\/p>\n","protected":false},"excerpt":{"rendered":"<p>\ud83e\udd47\ud83e\udd48\ud83e\udd49 \ud835\udc6a\ud835\udc82\ud835\udc91 \ud835\udc85\ud835\udc86 \ud835\udc94\ud835\udc86\ud835\udc95\ud835\udc8e\ud835\udc82\ud835\udc8f\ud835\udc82 \ud835\udc85\ud835\udc86 \ud835\udc84\ud835\udc82\ud835\udc8e\ud835\udc91\ud835\udc8a\ud835\udc90\ud835\udc8f\ud835\udc94 \ud835\udc8a \ud835\udc84\ud835\udc82\ud835\udc8e\ud835\udc91\ud835\udc8a\ud835\udc90\ud835\udc8f\ud835\udc86\ud835\udc94 \ud83d\udc49 El passat dissabte 18 de novembre, a Aldaia es va celebrar el \ud835\udc02\ud835\udc1a\ud835\udc26\ud835\udc29\ud835\udc22\ud835\udc28\ud835\udc27\ud835\udc1a\ud835\udc2d \ud835\udc1d\ud835\udc1e \ud835\udc25\ud835\udc1a \ud835\udc02\ud835\udc28\ud835\udc26\ud835\udc2e\ud835\udc27\ud835\udc22\ud835\udc2d\ud835\udc1a\ud835\udc2d \ud835\udc15\ud835\udc1a\ud835\udc25\ud835\udc1e\ud835\udc27\ud835\udc1c\ud835\udc22\ud835\udc1a\ud835\udc27\ud835\udc1a \ud835\udc12\ud835\udc2e\ud835\udc1b \ud835\udfcf\ud835\udfd5 \/ \ud835\udc12\ud835\udc2e\ud835\udc1b \ud835\udfcf\ud835\udfd3 d&#8217;Halterofilia. Del club d&#8217;Halterofilia d&#8217;Alzira: \ud83e\udd47\ud83e\udd47 \ud835\udc0d\ud835\udc2e\ud835\udc2b\ud835\udc22\ud835\udc1a \ud835\udc13\ud835\udc28\ud835\udc2b\ud835\udc2b\ud835\udc1e\ud835\udc2c, Campiona de la Comunitat Valenciana [40kg &#8211; Sub 15 \/ Sub 17]. Dos medalles d&#8217;or. \ud83e\udd49 [&hellip;]<\/p>\n","protected":false},"author":2,"featured_media":6739,"comment_status":"open","ping_status":"open","sticky":false,"template":"","format":"standard","meta":{"footnotes":""},"categories":[1],"tags":[],"class_list":["post-6738","post","type-post","status-publish","format-standard","has-post-thumbnail","hentry","category-esports-alzira"],"featured_image_src":{"landsacpe":["https:\/\/esportsmunicipalsalzira.com\/wp-content\/uploads\/2024\/02\/403729093_728996365928438_6503688376601012600_n-1080x445.jpg",1080,445,true],"list":["https:\/\/esportsmunicipalsalzira.com\/wp-content\/uploads\/2024\/02\/403729093_728996365928438_6503688376601012600_n-463x348.jpg",463,348,true],"medium":["https:\/\/esportsmunicipalsalzira.com\/wp-content\/uploads\/2024\/02\/403729093_728996365928438_6503688376601012600_n-300x300.jpg",300,300,true],"full":["https:\/\/esportsmunicipalsalzira.com\/wp-content\/uploads\/2024\/02\/403729093_728996365928438_6503688376601012600_n.jpg",1080,1080,false]},"_links":{"self":[{"href":"https:\/\/esportsmunicipalsalzira.com\/es\/wp-json\/wp\/v2\/posts\/6738","targetHints":{"allow":["GET"]}}],"collection":[{"href":"https:\/\/esportsmunicipalsalzira.com\/es\/wp-json\/wp\/v2\/posts"}],"about":[{"href":"https:\/\/esportsmunicipalsalzira.com\/es\/wp-json\/wp\/v2\/types\/post"}],"author":[{"embeddable":true,"href":"https:\/\/esportsmunicipalsalzira.com\/es\/wp-json\/wp\/v2\/users\/2"}],"replies":[{"embeddable":true,"href":"https:\/\/esportsmunicipalsalzira.com\/es\/wp-json\/wp\/v2\/comments?post=6738"}],"version-history":[{"count":0,"href":"https:\/\/esportsmunicipalsalzira.com\/es\/wp-json\/wp\/v2\/posts\/6738\/revisions"}],"wp:featuredmedia":[{"embeddable":true,"href":"https:\/\/esportsmunicipalsalzira.com\/es\/wp-json\/wp\/v2\/media\/6739"}],"wp:attachment":[{"href":"https:\/\/esportsmunicipalsalzira.com\/es\/wp-json\/wp\/v2\/media?parent=6738"}],"wp:term":[{"taxonomy":"category","embeddable":true,"href":"https:\/\/esportsmunicipalsalzira.com\/es\/wp-json\/wp\/v2\/categories?post=6738"},{"taxonomy":"post_tag","embeddable":true,"href":"https:\/\/esportsmunicipalsalzira.com\/es\/wp-json\/wp\/v2\/tags?post=6738"}],"curies":[{"name":"wp","href":"https:\/\/api.w.org\/{rel}","templated":true}]}}