{"id":6819,"date":"2023-11-13T09:29:03","date_gmt":"2023-11-13T08:29:03","guid":{"rendered":"https:\/\/esportsmunicipalsalzira.com\/jordi-llucian-armengol-26-anyscurrriculum-esportiu-2023-categoria-senior-campionat-regional-cup-1-madrid\/"},"modified":"2023-11-13T09:29:03","modified_gmt":"2023-11-13T08:29:03","slug":"jordi-llucian-armengol-26-anyscurrriculum-esportiu-2023-categoria-senior-campionat-regional-cup-1-madrid","status":"publish","type":"post","link":"https:\/\/esportsmunicipalsalzira.com\/es\/jordi-llucian-armengol-26-anyscurrriculum-esportiu-2023-categoria-senior-campionat-regional-cup-1-madrid\/","title":{"rendered":"JORDI LLUCIAN ARMENGOL 26 a\u00f1os CURRRICULUM DEPORTIVO 2023 CATEGOR\u00cdA SENIOR \u2013 CAMPEONATO REGIONAL CUP 1 Madrid\u2026\u2026\u2026\u2026."},"content":{"rendered":"<p><br \/>\nJORDI LLUCIAN ARMENGOL 26 a\u00f1os<br \/>\nCURRRICULUM DEPORTIVO 2023 CATEGOR\u00cdA SENIOR<\/p>\n<p>\u2013 CAMPEONATO REGIONAL CUP 1 Madrid\u2026\u2026\u2026\u2026. 1\u00ba clasificado en su categor\u00eda<br \/>\n\u2013 CAMPEONATO REGIONAL CUP 1 Madrid\u2026\u2026OVERAL\u20261\u00ba clasificado en su categor\u00eda<br \/>\nNota: OVERAL es la categor\u00eda formada por todos los primeros clasificados de todas las categor\u00edas de culturismo, cada categor\u00eda va por peso, el ganador del Overal tiene paso directo a participar en el campeonato internacional que a continuaci\u00f3n nombre.<br \/>\n\u2013 INTERNACIONAL EMPLEO ALICANTE \u2026\u2026\u2026.2\u00ba puesto categor\u00eda 102 kg<br \/>\n\u2013 OLIMPIA AMATEUR MADRID\u2026\u2026\u2026\u2026\u2026\u2026.\u20261\u00ba Clasificado<br \/>\n\u2013 OLIMPIA AMATEUR MADRID \u2026\u2026 OVERAL\u20261\u00ba Clasificado.<br \/>\nNota: Al ganar este \u00faltimo campeonato y quedar primero de entre todos los primeros de cada una de las categor\u00edas le ha dado LA TARJA PRO. Esta tarjeta le permite participar con la liga profesional de culturismo.<br \/>\n\u2013 El primer campeonato como profesional lo tuvo el 30 de julio en Benidorm donde qued\u00f3 SEPTIM de diez competidores<br \/><a href=\"https:\/\/esportsmunicipalsalzira.com\/wp-content\/uploads\/2024\/02\/399999249_853529926774906_2221388324658739218_n.jpg\"><img decoding=\"async\" class=\"wp_automatic_fb_img\" title=\"\" src=\"https:\/\/esportsmunicipalsalzira.com\/wp-content\/uploads\/2024\/02\/399999249_853529926774906_2221388324658739218_n.jpg\" \/><\/a><br \/><a href=\"https:\/\/esportsmunicipalsalzira.com\/wp-content\/uploads\/2024\/02\/399651400_853529936774905_815742936935446288_n.jpg\"><img decoding=\"async\" class=\"wp_automatic_fb_img\" title=\"\" src=\"https:\/\/esportsmunicipalsalzira.com\/wp-content\/uploads\/2024\/02\/399651400_853529936774905_815742936935446288_n.jpg\" \/><\/a><br \/>\n<br \/>\n<br \/><a href=\"https:\/\/www.facebook.com\/100063537194811\/posts\/853529980108234\">source<\/a>  <\/p>","protected":false},"excerpt":{"rendered":"<p>JORDI LLUCIAN ARMENGOL 26 anys CURRRICULUM ESPORTIU 2023 CATEGORIA SENIOR &#8211; CAMPIONAT REGIONAL CUP 1 Madrid\u2026\u2026\u2026\u2026. 1\u00ba classificat a la seva categoria &#8211; CAMPIONAT REGIONAL CUP 1 Madrid\u2026\u2026OVERAL\u20261\u00ba classificat a la seva categor\u00eda Nota: OVERAL es la categor\u00eda formada per tots els primers classificats de totes les categories de culturisme ,cada categor\u00eda va per pes, [&hellip;]<\/p>\n","protected":false},"author":2,"featured_media":6820,"comment_status":"open","ping_status":"open","sticky":false,"template":"","format":"standard","meta":{"footnotes":""},"categories":[1],"tags":[],"class_list":["post-6819","post","type-post","status-publish","format-standard","has-post-thumbnail","hentry","category-esports-alzira"],"featured_image_src":{"landsacpe":["https:\/\/esportsmunicipalsalzira.com\/wp-content\/uploads\/2024\/02\/399999249_853529926774906_2221388324658739218_n-1140x445.jpg",1140,445,true],"list":["https:\/\/esportsmunicipalsalzira.com\/wp-content\/uploads\/2024\/02\/399999249_853529926774906_2221388324658739218_n-463x348.jpg",463,348,true],"medium":["https:\/\/esportsmunicipalsalzira.com\/wp-content\/uploads\/2024\/02\/399999249_853529926774906_2221388324658739218_n-240x300.jpg",240,300,true],"full":["https:\/\/esportsmunicipalsalzira.com\/wp-content\/uploads\/2024\/02\/399999249_853529926774906_2221388324658739218_n.jpg",1638,2048,false]},"_links":{"self":[{"href":"https:\/\/esportsmunicipalsalzira.com\/es\/wp-json\/wp\/v2\/posts\/6819","targetHints":{"allow":["GET"]}}],"collection":[{"href":"https:\/\/esportsmunicipalsalzira.com\/es\/wp-json\/wp\/v2\/posts"}],"about":[{"href":"https:\/\/esportsmunicipalsalzira.com\/es\/wp-json\/wp\/v2\/types\/post"}],"author":[{"embeddable":true,"href":"https:\/\/esportsmunicipalsalzira.com\/es\/wp-json\/wp\/v2\/users\/2"}],"replies":[{"embeddable":true,"href":"https:\/\/esportsmunicipalsalzira.com\/es\/wp-json\/wp\/v2\/comments?post=6819"}],"version-history":[{"count":0,"href":"https:\/\/esportsmunicipalsalzira.com\/es\/wp-json\/wp\/v2\/posts\/6819\/revisions"}],"wp:featuredmedia":[{"embeddable":true,"href":"https:\/\/esportsmunicipalsalzira.com\/es\/wp-json\/wp\/v2\/media\/6820"}],"wp:attachment":[{"href":"https:\/\/esportsmunicipalsalzira.com\/es\/wp-json\/wp\/v2\/media?parent=6819"}],"wp:term":[{"taxonomy":"category","embeddable":true,"href":"https:\/\/esportsmunicipalsalzira.com\/es\/wp-json\/wp\/v2\/categories?post=6819"},{"taxonomy":"post_tag","embeddable":true,"href":"https:\/\/esportsmunicipalsalzira.com\/es\/wp-json\/wp\/v2\/tags?post=6819"}],"curies":[{"name":"wp","href":"https:\/\/api.w.org\/{rel}","templated":true}]}}