{"id":6825,"date":"2023-11-12T17:28:26","date_gmt":"2023-11-12T16:28:26","guid":{"rendered":"https:\/\/esportsmunicipalsalzira.com\/continuem-el-cami-cap-a-la-marato-de-valencia-2023-hui-test-al-30k-de-sagunt-a-mes-1a-posicio-de-gregorio-en-el-cros\/"},"modified":"2023-11-12T17:28:26","modified_gmt":"2023-11-12T16:28:26","slug":"continuem-el-cami-cap-a-la-marato-de-valencia-2023-hui-test-al-30k-de-sagunt-a-mes-1a-posicio-de-gregorio-en-el-cros","status":"publish","type":"post","link":"https:\/\/esportsmunicipalsalzira.com\/es\/continuem-el-cami-cap-a-la-marato-de-valencia-2023-hui-test-al-30k-de-sagunt-a-mes-1a-posicio-de-gregorio-en-el-cros\/","title":{"rendered":"Continuamos el camino hacia el marat\u00f3n de Valencia 2023. Hoy maceta en el 30k de Sagunto. Adem\u00e1s, 1\u00aa posici\u00f3n de Gregorio en el cross"},"content":{"rendered":"<p><div><span><\/p>\n<p>Continuamos el camino hacia el marat\u00f3n de Valencia 2023. Hoy maceta en el 30k de Sagunto. Adem\u00e1s, 1\u00aa posici\u00f3n de Gregorio en el cross de Jaen. Tambi\u00e9n hemos estado presente en el 10k y medio marat\u00f3n de Gandia y en la Behovia en Donosti! \u00a1Adelante!<\/p>\n<p><\/span><\/div>\n<p><a href=\"https:\/\/esportsmunicipalsalzira.com\/wp-content\/uploads\/2024\/02\/401773220_754656926677371_1246567041796133067_n.jpg\"><img decoding=\"async\" class=\"wp_automatic_fb_img\" title=\"\" src=\"https:\/\/esportsmunicipalsalzira.com\/wp-content\/uploads\/2024\/02\/401773220_754656926677371_1246567041796133067_n.jpg\" \/><\/a><br \/><a href=\"https:\/\/esportsmunicipalsalzira.com\/wp-content\/uploads\/2024\/02\/401794384_754656923344038_5771216520712323349_n.jpg\"><img decoding=\"async\" class=\"wp_automatic_fb_img\" title=\"\" src=\"https:\/\/esportsmunicipalsalzira.com\/wp-content\/uploads\/2024\/02\/401794384_754656923344038_5771216520712323349_n.jpg\" \/><\/a><br \/><a href=\"https:\/\/esportsmunicipalsalzira.com\/wp-content\/uploads\/2024\/02\/401754756_754656933344037_8227522702323439685_n.jpg\"><img decoding=\"async\" class=\"wp_automatic_fb_img\" title=\"\" src=\"https:\/\/esportsmunicipalsalzira.com\/wp-content\/uploads\/2024\/02\/401754756_754656933344037_8227522702323439685_n.jpg\" \/><\/a><br \/><a href=\"https:\/\/esportsmunicipalsalzira.com\/wp-content\/uploads\/2024\/02\/400300046_754656930010704_5732276631696961359_n.jpg\"><img decoding=\"async\" class=\"wp_automatic_fb_img\" title=\"\" src=\"https:\/\/esportsmunicipalsalzira.com\/wp-content\/uploads\/2024\/02\/400300046_754656930010704_5732276631696961359_n.jpg\" \/><\/a><br \/>\n<br \/>\n<br \/><a href=\"https:\/\/www.facebook.com\/100063537194811\/posts\/853528540108378\">source<\/a>  <\/p>","protected":false},"excerpt":{"rendered":"<p>Continuamos el camino hacia el marat\u00f3n de Valencia 2023. Hoy maceta en el 30k de Sagunto. Adem\u00e1s, 1\u00aa posici\u00f3n de Gregorio en el cross de Jaen. Tambi\u00e9n hemos estado presente en el 10k y medio marat\u00f3n de Gandia y en la Behovia en Donosti! \u00a1Adelante! Source<\/p>","protected":false},"author":2,"featured_media":6826,"comment_status":"open","ping_status":"open","sticky":false,"template":"","format":"standard","meta":{"footnotes":""},"categories":[1],"tags":[],"class_list":["post-6825","post","type-post","status-publish","format-standard","has-post-thumbnail","hentry","category-esports-alzira"],"featured_image_src":{"landsacpe":["https:\/\/esportsmunicipalsalzira.com\/wp-content\/uploads\/2024\/02\/401773220_754656926677371_1246567041796133067_n-768x445.jpg",768,445,true],"list":["https:\/\/esportsmunicipalsalzira.com\/wp-content\/uploads\/2024\/02\/401773220_754656926677371_1246567041796133067_n-463x348.jpg",463,348,true],"medium":["https:\/\/esportsmunicipalsalzira.com\/wp-content\/uploads\/2024\/02\/401773220_754656926677371_1246567041796133067_n-300x300.jpg",300,300,true],"full":["https:\/\/esportsmunicipalsalzira.com\/wp-content\/uploads\/2024\/02\/401773220_754656926677371_1246567041796133067_n.jpg",768,768,false]},"_links":{"self":[{"href":"https:\/\/esportsmunicipalsalzira.com\/es\/wp-json\/wp\/v2\/posts\/6825","targetHints":{"allow":["GET"]}}],"collection":[{"href":"https:\/\/esportsmunicipalsalzira.com\/es\/wp-json\/wp\/v2\/posts"}],"about":[{"href":"https:\/\/esportsmunicipalsalzira.com\/es\/wp-json\/wp\/v2\/types\/post"}],"author":[{"embeddable":true,"href":"https:\/\/esportsmunicipalsalzira.com\/es\/wp-json\/wp\/v2\/users\/2"}],"replies":[{"embeddable":true,"href":"https:\/\/esportsmunicipalsalzira.com\/es\/wp-json\/wp\/v2\/comments?post=6825"}],"version-history":[{"count":0,"href":"https:\/\/esportsmunicipalsalzira.com\/es\/wp-json\/wp\/v2\/posts\/6825\/revisions"}],"wp:featuredmedia":[{"embeddable":true,"href":"https:\/\/esportsmunicipalsalzira.com\/es\/wp-json\/wp\/v2\/media\/6826"}],"wp:attachment":[{"href":"https:\/\/esportsmunicipalsalzira.com\/es\/wp-json\/wp\/v2\/media?parent=6825"}],"wp:term":[{"taxonomy":"category","embeddable":true,"href":"https:\/\/esportsmunicipalsalzira.com\/es\/wp-json\/wp\/v2\/categories?post=6825"},{"taxonomy":"post_tag","embeddable":true,"href":"https:\/\/esportsmunicipalsalzira.com\/es\/wp-json\/wp\/v2\/tags?post=6825"}],"curies":[{"name":"wp","href":"https:\/\/api.w.org\/{rel}","templated":true}]}}