{"id":6846,"date":"2023-11-06T16:55:22","date_gmt":"2023-11-06T15:55:22","guid":{"rendered":"https:\/\/esportsmunicipalsalzira.com\/marco-mazo-bronce-en-la-liga-nacional-infantil-en-avila-gran-campeonato-de-marco-en-el-que-se-sube-al-3-escalon-del\/"},"modified":"2023-11-06T16:55:22","modified_gmt":"2023-11-06T15:55:22","slug":"marco-mazo-bronce-en-la-liga-nacional-infantil-en-avila-gran-campeonato-de-marco-en-el-que-se-sube-al-3-escalon-del","status":"publish","type":"post","link":"https:\/\/esportsmunicipalsalzira.com\/es\/marco-mazo-bronce-en-la-liga-nacional-infantil-en-avila-gran-campeonato-de-marco-en-el-que-se-sube-al-3-escalon-del\/","title":{"rendered":"MARCO MAZO BRONCE EN LA LIGA NACIONAL INFANTIL EN \u00c1VILA Gran Campeonato de Marco, en el que se sube al 3\u00b0 escal\u00f3n del"},"content":{"rendered":"<p><br \/>\n\ud83d\udd25MARCO MAZO \ud83e\udd49BRONCE EN LA LIGA NACIONAL INFANTIL EN \u00c1VILA \ud83d\udd25<\/p>\n<p>Gran Campeonato de Marco, en el que se sube al 3\u00b0 escal\u00f3n del podio.<\/p>\n<p>Marco se clasifica para la Gran final que se realizar\u00e1 el 1 2 3 de Diciembre en M\u00e1laga.<br \/>\nUn important\u00edsimo campeonato en el que s\u00f3lo participan los 8 mejores deportistas de Espa\u00f1a de cada categor\u00eda. <\/p>\n<p>Felicitamos a David Estell\u00e9s, Leo Masi\u00e1 y Adri\u00e1 Sales que aunque no consiguieron legarse a la ronda de medallas realizaron un magn\u00edfico trabajo. <\/p>\n<p>Seguimos aprendiendo y disfrutando del tatami <\/p>\n<p>123\u2026#ckaalzira \ud83d\udcaa<br \/><a href=\"https:\/\/esportsmunicipalsalzira.com\/wp-content\/uploads\/2024\/02\/399420291_6841576805958715_8332738962636972211_n.jpg\"><img decoding=\"async\" class=\"wp_automatic_fb_img\" title=\"\" src=\"https:\/\/esportsmunicipalsalzira.com\/wp-content\/uploads\/2024\/02\/399420291_6841576805958715_8332738962636972211_n.jpg\" \/><\/a><br \/><a href=\"https:\/\/esportsmunicipalsalzira.com\/wp-content\/uploads\/2024\/02\/399872293_6841577052625357_5339263051260933226_n.jpg\"><img decoding=\"async\" class=\"wp_automatic_fb_img\" title=\"\" src=\"https:\/\/esportsmunicipalsalzira.com\/wp-content\/uploads\/2024\/02\/399872293_6841577052625357_5339263051260933226_n.jpg\" \/><\/a><br \/><a href=\"https:\/\/esportsmunicipalsalzira.com\/wp-content\/uploads\/2024\/02\/398394263_6841577205958675_1034862195059909826_n.jpg\"><img decoding=\"async\" class=\"wp_automatic_fb_img\" title=\"\" src=\"https:\/\/esportsmunicipalsalzira.com\/wp-content\/uploads\/2024\/02\/398394263_6841577205958675_1034862195059909826_n.jpg\" \/><\/a><br \/><a href=\"https:\/\/esportsmunicipalsalzira.com\/wp-content\/uploads\/2024\/02\/399297079_6841577372625325_3212660063045427188_n.jpg\"><img decoding=\"async\" class=\"wp_automatic_fb_img\" title=\"\" src=\"https:\/\/esportsmunicipalsalzira.com\/wp-content\/uploads\/2024\/02\/399297079_6841577372625325_3212660063045427188_n.jpg\" \/><\/a><br \/><a href=\"https:\/\/esportsmunicipalsalzira.com\/wp-content\/uploads\/2024\/02\/399830168_6841577515958644_4749522231883604948_n.jpg\"><img decoding=\"async\" class=\"wp_automatic_fb_img\" title=\"\" src=\"https:\/\/esportsmunicipalsalzira.com\/wp-content\/uploads\/2024\/02\/399830168_6841577515958644_4749522231883604948_n.jpg\" \/><\/a><br \/>\n<br \/>\n<br \/><a href=\"https:\/\/www.facebook.com\/100063537194811\/posts\/850966560364576\">source<\/a>  <\/p>","protected":false},"excerpt":{"rendered":"<p>\ud83d\udd25MARCO MAZO \ud83e\udd49BRONCE EN LA LIGA NACIONAL INFANTIL EN \u00c1VILA \ud83d\udd25 Gran Campeonato de Marco, en el que se sube al 3\u00b0 escal\u00f3n del podium. Marco se Clasifica para la Gran final que se realizar\u00e1 el 1 2 3 de Diciembre en M\u00e1laga. Un importantisimo campeonato en el que s\u00f3lo participan los 8 mejores deportistas [&hellip;]<\/p>\n","protected":false},"author":2,"featured_media":6847,"comment_status":"open","ping_status":"open","sticky":false,"template":"","format":"standard","meta":{"footnotes":""},"categories":[1],"tags":[],"class_list":["post-6846","post","type-post","status-publish","format-standard","has-post-thumbnail","hentry","category-esports-alzira"],"featured_image_src":{"landsacpe":["https:\/\/esportsmunicipalsalzira.com\/wp-content\/uploads\/2024\/02\/399420291_6841576805958715_8332738962636972211_n-1080x445.jpg",1080,445,true],"list":["https:\/\/esportsmunicipalsalzira.com\/wp-content\/uploads\/2024\/02\/399420291_6841576805958715_8332738962636972211_n-463x348.jpg",463,348,true],"medium":["https:\/\/esportsmunicipalsalzira.com\/wp-content\/uploads\/2024\/02\/399420291_6841576805958715_8332738962636972211_n-300x200.jpg",300,200,true],"full":["https:\/\/esportsmunicipalsalzira.com\/wp-content\/uploads\/2024\/02\/399420291_6841576805958715_8332738962636972211_n.jpg",1080,720,false]},"_links":{"self":[{"href":"https:\/\/esportsmunicipalsalzira.com\/es\/wp-json\/wp\/v2\/posts\/6846","targetHints":{"allow":["GET"]}}],"collection":[{"href":"https:\/\/esportsmunicipalsalzira.com\/es\/wp-json\/wp\/v2\/posts"}],"about":[{"href":"https:\/\/esportsmunicipalsalzira.com\/es\/wp-json\/wp\/v2\/types\/post"}],"author":[{"embeddable":true,"href":"https:\/\/esportsmunicipalsalzira.com\/es\/wp-json\/wp\/v2\/users\/2"}],"replies":[{"embeddable":true,"href":"https:\/\/esportsmunicipalsalzira.com\/es\/wp-json\/wp\/v2\/comments?post=6846"}],"version-history":[{"count":0,"href":"https:\/\/esportsmunicipalsalzira.com\/es\/wp-json\/wp\/v2\/posts\/6846\/revisions"}],"wp:featuredmedia":[{"embeddable":true,"href":"https:\/\/esportsmunicipalsalzira.com\/es\/wp-json\/wp\/v2\/media\/6847"}],"wp:attachment":[{"href":"https:\/\/esportsmunicipalsalzira.com\/es\/wp-json\/wp\/v2\/media?parent=6846"}],"wp:term":[{"taxonomy":"category","embeddable":true,"href":"https:\/\/esportsmunicipalsalzira.com\/es\/wp-json\/wp\/v2\/categories?post=6846"},{"taxonomy":"post_tag","embeddable":true,"href":"https:\/\/esportsmunicipalsalzira.com\/es\/wp-json\/wp\/v2\/tags?post=6846"}],"curies":[{"name":"wp","href":"https:\/\/api.w.org\/{rel}","templated":true}]}}