{"id":6864,"date":"2023-11-07T07:29:49","date_gmt":"2023-11-07T06:29:49","guid":{"rendered":"https:\/\/esportsmunicipalsalzira.com\/sia-academy-2-juvenil-a-0-partit-competit-aquest-mati-al-venecia-primera-part-prou-seria-de-lequip-on-no-aprofite\/"},"modified":"2023-11-07T07:29:49","modified_gmt":"2023-11-07T06:29:49","slug":"sia-academy-2-juvenil-a-0-partit-competit-aquest-mati-al-venecia-primera-part-prou-seria-de-lequip-on-no-aprofite","status":"publish","type":"post","link":"https:\/\/esportsmunicipalsalzira.com\/es\/sia-academy-2-juvenil-a-0-partit-competit-aquest-mati-al-venecia-primera-part-prou-seria-de-lequip-on-no-aprofite\/","title":{"rendered":"SIA Academy 2 \u2013 Juvenil A 0 Partido competido esta ma\u00f1ana en Venecia. Primera parte bastante serie del equipo donde no aproveche"},"content":{"rendered":"<p><br \/>\n<img decoding=\"async\"  title=\"\" src=\"https:\/\/esportsmunicipalsalzira.com\/wp-content\/uploads\/2024\/02\/384542021_1285400558838587_2177538211065668190_n.jpg\" \/><\/a><\/p>\n<div><span data-sigil=\"expose\"><\/p>\n<p>SIA Academy 2 &#8211; Juvenil A 0<\/p>\n<p> Partit competit aquest mati al Ven\u00e8cia.<br \/> Primera part prou s\u00e8ria de l&#8217;equip on no aprofitem les ocasions creades. El rival ens inquietava sols a bal\u00f3 parat, en una d&#8217;elles perdem la<\/span><span class=\"text_exposed_show\"> marca  i en fan el 1-0 acabant-se la primera part, amb una jugada que es podria haber pitat falta del davanter al nostre defensa com es pot vore al video. <br \/> Aixi i tot teniem sensacions de poder traurer el partit.<br \/> A la segona part intentem ser m\u00e9s ofensius amb els canvis per\u00f2 les ocasions no arriven. <br \/> El rival estava ben plantat i ens<br \/>  ha faltat claritat davant.<br \/> Faltant 10 min en una jugada aillada ens fan el  2-0 i s&#8217;acava el partit.<br \/> Hui hem competit per\u00f2 al f\u00fatbol si perdones ho pagues car.<br \/> Llastima, ens fa molta falta guanyar.<\/span><\/p>\n<div class=\"text_exposed_show\"><\/div>\n<p><\/span><\/div>\n<div id=\"fb-root\"><\/div><script>window.fbAsyncInit = function() {FB.init({appId      : '',xfbml      : true,version    : 'v2.5'});var my_video_player;FB.Event.subscribe('xfbml.ready', function(msg) {if (msg.type === 'video') {my_video_player = msg.instance; my_video_player.unmute();}});};(function(d, s, id) {  var js, fjs = d.getElementsByTagName(s)[0];  if (d.getElementById(id)) return;  js = d.createElement(s); js.id = id;  js.src = \"\/\/connect.facebook.net\/en_US\/sdk.js#xfbml=1&version=v2.3\";  fjs.parentNode.insertBefore(js, fjs);}(document, 'script', 'facebook-jssdk'));  <\/script><div class=\"fb-video\"    data-autoplay=\"false\" data-width=\"500\" data-allowfullscreen=\"true\" data-href=\"https:\/\/www.facebook.com\/video.php?v=867111078281468&set=vb.500808182&type=1\"><div class=\"fb-xfbml-parse-ignore\"><\/div><\/div>\n\n\n\t\n\n<br \/>\n<br \/>\n<br \/><a href=\"https:\/\/www.facebook.com\/100063537194811\/posts\/849768980484334\">Source<\/a>  <\/p>\n","protected":false},"excerpt":{"rendered":"<p>SIA Academy 2 &#8211; Juvenil A 0 Partit competit aquest mati al Ven\u00e8cia. Primera part prou s\u00e8ria de l&#8217;equip on no aprofitem les ocasions creades. El rival ens inquietava sols a bal\u00f3 parat, en una d&#8217;elles perdem la marca i en fan el 1-0 acabant-se la primera part, amb una jugada que es podria haber [&hellip;]<\/p>\n","protected":false},"author":2,"featured_media":6865,"comment_status":"open","ping_status":"open","sticky":false,"template":"","format":"standard","meta":{"footnotes":""},"categories":[1],"tags":[],"class_list":["post-6864","post","type-post","status-publish","format-standard","has-post-thumbnail","hentry","category-esports-alzira"],"featured_image_src":{"landsacpe":["https:\/\/esportsmunicipalsalzira.com\/wp-content\/uploads\/2024\/02\/384542021_1285400558838587_2177538211065668190_n-848x445.jpg",848,445,true],"list":["https:\/\/esportsmunicipalsalzira.com\/wp-content\/uploads\/2024\/02\/384542021_1285400558838587_2177538211065668190_n-463x348.jpg",463,348,true],"medium":["https:\/\/esportsmunicipalsalzira.com\/wp-content\/uploads\/2024\/02\/384542021_1285400558838587_2177538211065668190_n-300x170.jpg",300,170,true],"full":["https:\/\/esportsmunicipalsalzira.com\/wp-content\/uploads\/2024\/02\/384542021_1285400558838587_2177538211065668190_n.jpg",848,480,false]},"_links":{"self":[{"href":"https:\/\/esportsmunicipalsalzira.com\/es\/wp-json\/wp\/v2\/posts\/6864","targetHints":{"allow":["GET"]}}],"collection":[{"href":"https:\/\/esportsmunicipalsalzira.com\/es\/wp-json\/wp\/v2\/posts"}],"about":[{"href":"https:\/\/esportsmunicipalsalzira.com\/es\/wp-json\/wp\/v2\/types\/post"}],"author":[{"embeddable":true,"href":"https:\/\/esportsmunicipalsalzira.com\/es\/wp-json\/wp\/v2\/users\/2"}],"replies":[{"embeddable":true,"href":"https:\/\/esportsmunicipalsalzira.com\/es\/wp-json\/wp\/v2\/comments?post=6864"}],"version-history":[{"count":0,"href":"https:\/\/esportsmunicipalsalzira.com\/es\/wp-json\/wp\/v2\/posts\/6864\/revisions"}],"wp:featuredmedia":[{"embeddable":true,"href":"https:\/\/esportsmunicipalsalzira.com\/es\/wp-json\/wp\/v2\/media\/6865"}],"wp:attachment":[{"href":"https:\/\/esportsmunicipalsalzira.com\/es\/wp-json\/wp\/v2\/media?parent=6864"}],"wp:term":[{"taxonomy":"category","embeddable":true,"href":"https:\/\/esportsmunicipalsalzira.com\/es\/wp-json\/wp\/v2\/categories?post=6864"},{"taxonomy":"post_tag","embeddable":true,"href":"https:\/\/esportsmunicipalsalzira.com\/es\/wp-json\/wp\/v2\/tags?post=6864"}],"curies":[{"name":"wp","href":"https:\/\/api.w.org\/{rel}","templated":true}]}}