{"id":7018,"date":"2024-02-11T19:57:57","date_gmt":"2024-02-11T18:57:57","guid":{"rendered":"https:\/\/esportsmunicipalsalzira.com\/carla-vives-y-elena-fresquet-medallistas-en-el-autonomico-senior-el-equipo-senior-se-desplazo-ayer-hasta-pedreguer-don-2\/"},"modified":"2024-02-11T19:57:57","modified_gmt":"2024-02-11T18:57:57","slug":"carla-vives-y-elena-fresquet-medallistas-en-el-autonomico-senior-el-equipo-senior-se-desplazo-ayer-hasta-pedreguer-don-2","status":"publish","type":"post","link":"https:\/\/esportsmunicipalsalzira.com\/es\/carla-vives-y-elena-fresquet-medallistas-en-el-autonomico-senior-el-equipo-senior-se-desplazo-ayer-hasta-pedreguer-don-2\/","title":{"rendered":"CARLA VIVAS Y ELENA FRESQUET MEDALLISTAS EN EL AUTON\u00d3MICO SENIOR El equipo senior se desplaz\u00f3 ayer hasta Pedreguer don"},"content":{"rendered":"<p>\n\ud83c\udfc6CARLA VIVAS Y ELENA FRESQUET MEDALLISTAS EN EL AUTON\u00d3MICO SENIOR \ud83c\udfc6 El equipo senior se desplaz\u00f3 ayer hasta Pedreguer donde participaron en la 2\u00b0 Jornada de Liga Auton\u00f3mica Senior. \ud83e\udd48CARLA VIVES, Subcampeona Kumite +68<br \/> \ud83e\udd49ELENA FRESQUET, Bronce Kumite-68<br \/> \ud83c\udf6bGONZALO SALA, 4\u00ba puesto Kumite -75 Felicitamos al resto de la expedici\u00f3n, a Christian Perea, Sara Bad\u00eda y Fernando P\u00e9rez por el buen trabajo. Gracias a nuestro sentido Pedro David Pel\u00e1ez ya Tico Vives por su labor de Coach. Seguimos aprendiendo y disfrutando del tatami.<\/p>\n<p><a href=\"https:\/\/esportsmunicipalsalzira.com\/wp-content\/uploads\/2024\/02\/428009692_7208696595913399_8386941796330359400_n.jpg\"><img decoding=\"async\" class=\"wp_automatic_fb_img\" title=\"\" src=\"https:\/\/esportsmunicipalsalzira.com\/wp-content\/uploads\/2024\/02\/428009692_7208696595913399_8386941796330359400_n.jpg\" \/><\/a><br \/><a href=\"https:\/\/esportsmunicipalsalzira.com\/wp-content\/uploads\/2024\/02\/428012533_7208696805913378_7603997559658808357_n.jpg\"><img decoding=\"async\" class=\"wp_automatic_fb_img\" title=\"\" src=\"https:\/\/esportsmunicipalsalzira.com\/wp-content\/uploads\/2024\/02\/428012533_7208696805913378_7603997559658808357_n.jpg\" \/><\/a><br \/>\n<br \/>\n<br \/><a href=\"https:\/\/www.facebook.com\/100063537194811\/posts\/919591800168718\">source<\/a>  <\/p>","protected":false},"excerpt":{"rendered":"<p>\ud83c\udfc6CARLA VIVES Y ELENA FRESQUET MEDALLISTAS EN EL AUTON\u00d3MICO SENIOR \ud83c\udfc6 El equipo senior se desplaz\u00f3 ayer hasta Pedreguer donde participaron en la 2\u00b0 Jornada de Liga Auton\u00f3mica Senior. \ud83e\udd48CARLA VIVES, Subcampeona Kumite +68 \ud83e\udd49ELENA FRESQUET, Bronce Kumite-68 \ud83c\udf6bGONZALO SALA, 4\u00b0 puesto Kumite -75 Felicitamos el resto de la expedici\u00f3n, a Christian Perea, Sara Bad\u00eda [&hellip;]<\/p>\n","protected":false},"author":2,"featured_media":7019,"comment_status":"open","ping_status":"open","sticky":false,"template":"","format":"standard","meta":{"footnotes":""},"categories":[1],"tags":[],"class_list":["post-7018","post","type-post","status-publish","format-standard","has-post-thumbnail","hentry","category-esports-alzira"],"featured_image_src":{"landsacpe":["https:\/\/esportsmunicipalsalzira.com\/wp-content\/uploads\/2024\/02\/428009692_7208696595913399_8386941796330359400_n-1140x445.jpg",1140,445,true],"list":["https:\/\/esportsmunicipalsalzira.com\/wp-content\/uploads\/2024\/02\/428009692_7208696595913399_8386941796330359400_n-463x348.jpg",463,348,true],"medium":["https:\/\/esportsmunicipalsalzira.com\/wp-content\/uploads\/2024\/02\/428009692_7208696595913399_8386941796330359400_n-225x300.jpg",225,300,true],"full":["https:\/\/esportsmunicipalsalzira.com\/wp-content\/uploads\/2024\/02\/428009692_7208696595913399_8386941796330359400_n.jpg",1200,1600,false]},"_links":{"self":[{"href":"https:\/\/esportsmunicipalsalzira.com\/es\/wp-json\/wp\/v2\/posts\/7018","targetHints":{"allow":["GET"]}}],"collection":[{"href":"https:\/\/esportsmunicipalsalzira.com\/es\/wp-json\/wp\/v2\/posts"}],"about":[{"href":"https:\/\/esportsmunicipalsalzira.com\/es\/wp-json\/wp\/v2\/types\/post"}],"author":[{"embeddable":true,"href":"https:\/\/esportsmunicipalsalzira.com\/es\/wp-json\/wp\/v2\/users\/2"}],"replies":[{"embeddable":true,"href":"https:\/\/esportsmunicipalsalzira.com\/es\/wp-json\/wp\/v2\/comments?post=7018"}],"version-history":[{"count":0,"href":"https:\/\/esportsmunicipalsalzira.com\/es\/wp-json\/wp\/v2\/posts\/7018\/revisions"}],"wp:featuredmedia":[{"embeddable":true,"href":"https:\/\/esportsmunicipalsalzira.com\/es\/wp-json\/wp\/v2\/media\/7019"}],"wp:attachment":[{"href":"https:\/\/esportsmunicipalsalzira.com\/es\/wp-json\/wp\/v2\/media?parent=7018"}],"wp:term":[{"taxonomy":"category","embeddable":true,"href":"https:\/\/esportsmunicipalsalzira.com\/es\/wp-json\/wp\/v2\/categories?post=7018"},{"taxonomy":"post_tag","embeddable":true,"href":"https:\/\/esportsmunicipalsalzira.com\/es\/wp-json\/wp\/v2\/tags?post=7018"}],"curies":[{"name":"wp","href":"https:\/\/api.w.org\/{rel}","templated":true}]}}