{"id":7104,"date":"2024-04-09T11:38:09","date_gmt":"2024-04-09T09:38:09","guid":{"rendered":"https:\/\/esportsmunicipalsalzira.com\/el-equipo-alzira-camarena-d-logra-el-ascenso-a-la-categoria-superautonomica-del-tenis-de-mesa-de-la-comunidad-valencia\/"},"modified":"2024-04-09T11:38:09","modified_gmt":"2024-04-09T09:38:09","slug":"el-equipo-alzira-camarena-d-logra-el-ascenso-a-la-categoria-superautonomica-del-tenis-de-mesa-de-la-comunidad-valencia","status":"publish","type":"post","link":"https:\/\/esportsmunicipalsalzira.com\/es\/el-equipo-alzira-camarena-d-logra-el-ascenso-a-la-categoria-superautonomica-del-tenis-de-mesa-de-la-comunidad-valencia\/","title":{"rendered":"EL EQUIPO ALZIRA CAMARENA \u201cD\u201d LOGRA EL ASCENSO EN LA CATEGORIA SUPERAUTON\u00d3MICA DEL TENIS DE MESA DE LA COMUNIDAD VALENCIA"},"content":{"rendered":"<p><p><span>EL EQUIPO ALZIRA CAMARENA \u201cD\u201d LOGRA EL ASCENSO EN LA CATEGORIA SUPERAUTON\u00d3MICA<\/span><wbr><\/wbr><span class=\"word_break\"><\/span> DEL TENIS DE MESA DE LA COMUNIDAD VALENCIANA.<br \/> A falta de 3 jornadas, el equipo de 1\u00aa auton\u00f3mica formado por Jos\u00e9 Fuster, Natanael Valencia, Salva Hidalgo y Ximo Mart\u00ednez se proclama campe\u00f3n del grupo II de 1a aut\u00f3n\u00f3mica sin perder ning\u00fan partido.<\/p>\n<\/p>\n<p><a href=\"https:\/\/esportsmunicipalsalzira.com\/wp-content\/uploads\/2024\/04\/434465796_7680679848663050_5609804439655531284_n.jpg\"><img decoding=\"async\" class=\"wp_automatic_fb_img\" title=\"\" src=\"https:\/\/esportsmunicipalsalzira.com\/wp-content\/uploads\/2024\/04\/434465796_7680679848663050_5609804439655531284_n.jpg\" \/><\/a><br \/><a href=\"https:\/\/esportsmunicipalsalzira.com\/wp-content\/uploads\/2024\/04\/434481410_7680680468662988_8644419647041690476_n.jpg\"><img decoding=\"async\" class=\"wp_automatic_fb_img\" title=\"\" src=\"https:\/\/esportsmunicipalsalzira.com\/wp-content\/uploads\/2024\/04\/434481410_7680680468662988_8644419647041690476_n.jpg\" \/><\/a><br \/><a href=\"https:\/\/esportsmunicipalsalzira.com\/wp-content\/uploads\/2024\/04\/434420761_7680681025329599_2496063328952171712_n.jpg\"><img decoding=\"async\" class=\"wp_automatic_fb_img\" title=\"\" src=\"https:\/\/esportsmunicipalsalzira.com\/wp-content\/uploads\/2024\/04\/434420761_7680681025329599_2496063328952171712_n.jpg\" \/><\/a><br \/>\n<br \/>\n<br \/><a href=\"https:\/\/www.facebook.com\/100063537194811\/posts\/956267983167766\">source<\/a>  <\/p>","protected":false},"excerpt":{"rendered":"<p>EL EQUIPO ALZIRA CAMARENA \u201cD\u201d ALQUILA EL ASCENSO A LA CATEGORIA SUPERAUTON\u00d3MICA DEL TENIS DE MESA DE LA COMUNIDAD VALENCIANA. A falta de 3 jornadas, el equipo de 1\u00aa auton\u00f3mica formado por Jos\u00e9 Fuster, Natanael Valencia, Salva Hidalgo y Ximo Mart\u00ednez se proclama campe\u00f3n del grupo II de 1a aut\u00f3n\u00f3mica sin perder ning\u00fan partido. Source<\/p>","protected":false},"author":2,"featured_media":7105,"comment_status":"open","ping_status":"open","sticky":false,"template":"","format":"standard","meta":{"footnotes":""},"categories":[1],"tags":[],"class_list":["post-7104","post","type-post","status-publish","format-standard","has-post-thumbnail","hentry","category-esports-alzira"],"featured_image_src":{"landsacpe":["https:\/\/esportsmunicipalsalzira.com\/wp-content\/uploads\/2024\/04\/434465796_7680679848663050_5609804439655531284_n-1140x445.jpg",1140,445,true],"list":["https:\/\/esportsmunicipalsalzira.com\/wp-content\/uploads\/2024\/04\/434465796_7680679848663050_5609804439655531284_n-463x348.jpg",463,348,true],"medium":["https:\/\/esportsmunicipalsalzira.com\/wp-content\/uploads\/2024\/04\/434465796_7680679848663050_5609804439655531284_n-300x225.jpg",300,225,true],"full":["https:\/\/esportsmunicipalsalzira.com\/wp-content\/uploads\/2024\/04\/434465796_7680679848663050_5609804439655531284_n.jpg",1600,1200,false]},"_links":{"self":[{"href":"https:\/\/esportsmunicipalsalzira.com\/es\/wp-json\/wp\/v2\/posts\/7104","targetHints":{"allow":["GET"]}}],"collection":[{"href":"https:\/\/esportsmunicipalsalzira.com\/es\/wp-json\/wp\/v2\/posts"}],"about":[{"href":"https:\/\/esportsmunicipalsalzira.com\/es\/wp-json\/wp\/v2\/types\/post"}],"author":[{"embeddable":true,"href":"https:\/\/esportsmunicipalsalzira.com\/es\/wp-json\/wp\/v2\/users\/2"}],"replies":[{"embeddable":true,"href":"https:\/\/esportsmunicipalsalzira.com\/es\/wp-json\/wp\/v2\/comments?post=7104"}],"version-history":[{"count":0,"href":"https:\/\/esportsmunicipalsalzira.com\/es\/wp-json\/wp\/v2\/posts\/7104\/revisions"}],"wp:featuredmedia":[{"embeddable":true,"href":"https:\/\/esportsmunicipalsalzira.com\/es\/wp-json\/wp\/v2\/media\/7105"}],"wp:attachment":[{"href":"https:\/\/esportsmunicipalsalzira.com\/es\/wp-json\/wp\/v2\/media?parent=7104"}],"wp:term":[{"taxonomy":"category","embeddable":true,"href":"https:\/\/esportsmunicipalsalzira.com\/es\/wp-json\/wp\/v2\/categories?post=7104"},{"taxonomy":"post_tag","embeddable":true,"href":"https:\/\/esportsmunicipalsalzira.com\/es\/wp-json\/wp\/v2\/tags?post=7104"}],"curies":[{"name":"wp","href":"https:\/\/api.w.org\/{rel}","templated":true}]}}