{"id":7108,"date":"2024-04-06T18:28:13","date_gmt":"2024-04-06T16:28:13","guid":{"rendered":"https:\/\/esportsmunicipalsalzira.com\/internacional-la-seleccio-valenciana-femenina-aconsegueix-la-medalla-de-bronze-en-fronto-portugues-despres-de-vencer-la\/"},"modified":"2024-04-06T18:28:13","modified_gmt":"2024-04-06T16:28:13","slug":"internacional-la-seleccio-valenciana-femenina-aconsegueix-la-medalla-de-bronze-en-fronto-portugues-despres-de-vencer-la","status":"publish","type":"post","link":"https:\/\/esportsmunicipalsalzira.com\/es\/internacional-la-seleccio-valenciana-femenina-aconsegueix-la-medalla-de-bronze-en-fronto-portugues-despres-de-vencer-la\/","title":{"rendered":"INTERNACIONAL La Selecci\u00f3n Valenciana femenina alcanza la medalla de bronce en Front\u00f3n portugues tras vencer la"},"content":{"rendered":"<p><br \/>\nINTERNACIONAL \u26aaLa Selecci\u00f3n Valenciana femenina consigue la medalla de bronce en Front\u00f3n portugues tras vencer la final de &#039;consolaci\u00f3n&#039; ante Pa\u00edses Bajos en el Europeo de Freixo de Espada \u00e0 Cinta<\/p>\n<p>\ud83d\udd34 C. Valenciana 20 \u2705<br \/>\n\ud83d\udd35 Pa\u00edses Bajos 10<\/p>\n<p>#moulapelota<br \/>\n#europeoportugal24<br \/>\nGeneralitat Valenciana<br \/>\nDiputaci\u00f3n de Valencia<br \/>\nComunidad del Deporte<br \/>\nFundaci\u00f3n Trinidad Alfonso<br \/>\nCIJB<\/p>\n<p><a href=\"https:\/\/esportsmunicipalsalzira.com\/wp-content\/uploads\/2024\/04\/435924916_839822328184223_305117131343061466_n.jpg\"><img decoding=\"async\" class=\"wp_automatic_fb_img\" title=\"\" src=\"https:\/\/esportsmunicipalsalzira.com\/wp-content\/uploads\/2024\/04\/435924916_839822328184223_305117131343061466_n.jpg\" \/><\/a><br \/><a href=\"https:\/\/esportsmunicipalsalzira.com\/wp-content\/uploads\/2024\/04\/435700067_839822314850891_232850585773581049_n.jpg\"><img decoding=\"async\" class=\"wp_automatic_fb_img\" title=\"\" src=\"https:\/\/esportsmunicipalsalzira.com\/wp-content\/uploads\/2024\/04\/435700067_839822314850891_232850585773581049_n.jpg\" \/><\/a><br \/><a href=\"https:\/\/esportsmunicipalsalzira.com\/wp-content\/uploads\/2024\/04\/435574416_839822304850892_4183677539162645697_n.jpg\"><img decoding=\"async\" class=\"wp_automatic_fb_img\" title=\"\" src=\"https:\/\/esportsmunicipalsalzira.com\/wp-content\/uploads\/2024\/04\/435574416_839822304850892_4183677539162645697_n.jpg\" \/><\/a><br \/><a href=\"https:\/\/esportsmunicipalsalzira.com\/wp-content\/uploads\/2024\/04\/435569205_839822381517551_6844621182628108619_n.jpg\"><img decoding=\"async\" class=\"wp_automatic_fb_img\" title=\"\" src=\"https:\/\/esportsmunicipalsalzira.com\/wp-content\/uploads\/2024\/04\/435569205_839822381517551_6844621182628108619_n.jpg\" \/><\/a><br \/><a href=\"https:\/\/esportsmunicipalsalzira.com\/wp-content\/uploads\/2024\/04\/435702514_839822404850882_7799052976685274363_n.jpg\"><img decoding=\"async\" class=\"wp_automatic_fb_img\" title=\"\" src=\"https:\/\/esportsmunicipalsalzira.com\/wp-content\/uploads\/2024\/04\/435702514_839822404850882_7799052976685274363_n.jpg\" \/><\/a><br \/>\n<br \/>\n<br \/><a href=\"https:\/\/www.facebook.com\/100063537194811\/posts\/956181393176425\">source<\/a>  <\/p>","protected":false},"excerpt":{"rendered":"<p>INTERNACIONAL \u26aaLa Selecci\u00f3n Valenciana femenina consigue la medalla de bronce en Front\u00f3n portuguesa tras vencer la final de &#039;consolaci\u00f3n&#039; ante Pa\u00edses Bajos en el Europeo de Freixo de Espada \u00e0 Cinta \ud83d\udd34 C. Valenciana 20 \u2705 gal24 Generalitat Valenciana Diputaci\u00f3n de Valencia Comunidad del Deporte Fundaci\u00f3n Trinidad Alfonso CIJB Source<\/p>","protected":false},"author":2,"featured_media":7109,"comment_status":"open","ping_status":"open","sticky":false,"template":"","format":"standard","meta":{"footnotes":""},"categories":[1],"tags":[],"class_list":["post-7108","post","type-post","status-publish","format-standard","has-post-thumbnail","hentry","category-esports-alzira"],"featured_image_src":{"landsacpe":["https:\/\/esportsmunicipalsalzira.com\/wp-content\/uploads\/2024\/04\/435924916_839822328184223_305117131343061466_n-1140x445.jpg",1140,445,true],"list":["https:\/\/esportsmunicipalsalzira.com\/wp-content\/uploads\/2024\/04\/435924916_839822328184223_305117131343061466_n-463x348.jpg",463,348,true],"medium":["https:\/\/esportsmunicipalsalzira.com\/wp-content\/uploads\/2024\/04\/435924916_839822328184223_305117131343061466_n-300x200.jpg",300,200,true],"full":["https:\/\/esportsmunicipalsalzira.com\/wp-content\/uploads\/2024\/04\/435924916_839822328184223_305117131343061466_n.jpg",1488,992,false]},"_links":{"self":[{"href":"https:\/\/esportsmunicipalsalzira.com\/es\/wp-json\/wp\/v2\/posts\/7108","targetHints":{"allow":["GET"]}}],"collection":[{"href":"https:\/\/esportsmunicipalsalzira.com\/es\/wp-json\/wp\/v2\/posts"}],"about":[{"href":"https:\/\/esportsmunicipalsalzira.com\/es\/wp-json\/wp\/v2\/types\/post"}],"author":[{"embeddable":true,"href":"https:\/\/esportsmunicipalsalzira.com\/es\/wp-json\/wp\/v2\/users\/2"}],"replies":[{"embeddable":true,"href":"https:\/\/esportsmunicipalsalzira.com\/es\/wp-json\/wp\/v2\/comments?post=7108"}],"version-history":[{"count":0,"href":"https:\/\/esportsmunicipalsalzira.com\/es\/wp-json\/wp\/v2\/posts\/7108\/revisions"}],"wp:featuredmedia":[{"embeddable":true,"href":"https:\/\/esportsmunicipalsalzira.com\/es\/wp-json\/wp\/v2\/media\/7109"}],"wp:attachment":[{"href":"https:\/\/esportsmunicipalsalzira.com\/es\/wp-json\/wp\/v2\/media?parent=7108"}],"wp:term":[{"taxonomy":"category","embeddable":true,"href":"https:\/\/esportsmunicipalsalzira.com\/es\/wp-json\/wp\/v2\/categories?post=7108"},{"taxonomy":"post_tag","embeddable":true,"href":"https:\/\/esportsmunicipalsalzira.com\/es\/wp-json\/wp\/v2\/tags?post=7108"}],"curies":[{"name":"wp","href":"https:\/\/api.w.org\/{rel}","templated":true}]}}