{"id":7128,"date":"2024-04-01T21:51:16","date_gmt":"2024-04-01T19:51:16","guid":{"rendered":"https:\/\/esportsmunicipalsalzira.com\/castejon-ha-estat-convocat-amb-la-seleccio-espanyola-per-als-proxims-amistosos-del-12-i-14-dabril-aixi-sha-assabent\/"},"modified":"2024-04-01T21:51:16","modified_gmt":"2024-04-01T19:51:16","slug":"castejon-ha-estat-convocat-amb-la-seleccio-espanyola-per-als-proxims-amistosos-del-12-i-14-dabril-aixi-sha-assabent","status":"publish","type":"post","link":"https:\/\/esportsmunicipalsalzira.com\/es\/castejon-ha-estat-convocat-amb-la-seleccio-espanyola-per-als-proxims-amistosos-del-12-i-14-dabril-aixi-sha-assabent\/","title":{"rendered":"Castej\u00f3n ha sido convocado con la Selecci\u00f3n Espa\u00f1ola para los pr\u00f3ximos amistosos del 12 y 14 de abril, as\u00ed se ha enterado"},"content":{"rendered":"<p><br \/>\n<img decoding=\"async\"  title=\"\" src=\"https:\/\/esportsmunicipalsalzira.com\/wp-content\/uploads\/2024\/04\/424981608_389651223855238_2737035498561628053_n.jpg\" \/><\/a><br \/>\ud83d\udcfa Castej\u00f3n ha estat convocat amb la Selecci\u00f3 Espanyola \ud83c\uddea\ud83c\uddf8 per als pr\u00f2xims amistosos del 12 i 14 d&#8217;abril, aix\u00ed s&#8217;ha assabentat de la not\u00edcia \ud83d\ude33<\/p>\n<p>\ud83d\udde3\ufe0f &#8220;No ten\u00eda ni idea, me han empezado a llamar amigos y familiares&#8221; <\/p>\n<p>\ud83d\udde3\ufe0f &#8220;La experiencia ser\u00e1 \u00fanica, pero esta semana tenemos un reto m\u00e1s importante en Palma&#8221;<\/p>\n<p>\u2139 https:\/\/rfef.es\/es\/noticias\/fede-vidal-da-la-convocatoria-para-los-amistosos-ante-paraguay<\/p>\n<p>#A\u00e7\u00f2jacrema \ud83d\udd25<br \/><div id=\"fb-root\"><\/div><script>window.fbAsyncInit = function() {FB.init({appId      : '',xfbml      : true,version    : 'v2.5'});var my_video_player;FB.Event.subscribe('xfbml.ready', function(msg) {if (msg.type === 'video') {my_video_player = msg.instance; my_video_player.unmute();}});};(function(d, s, id) {  var js, fjs = d.getElementsByTagName(s)[0];  if (d.getElementById(id)) return;  js = d.createElement(s); js.id = id;  js.src = \"\/\/connect.facebook.net\/en_US\/sdk.js#xfbml=1&version=v2.3\";  fjs.parentNode.insertBefore(js, fjs);}(document, 'script', 'facebook-jssdk'));  <\/script><div class=\"fb-video\"    data-autoplay=\"false\" data-width=\"500\" data-allowfullscreen=\"true\" data-href=\"https:\/\/www.facebook.com\/video.php?v=785265073132418&set=vb.500808182&type=1\"><div class=\"fb-xfbml-parse-ignore\"><\/div><\/div>\n\n\n\t\n\n<br \/>\n<br \/>\n<br \/><a href=\"https:\/\/www.facebook.com\/100063537194811\/posts\/951248390336392\">Source<\/a>  <\/p>\n","protected":false},"excerpt":{"rendered":"<p>\ud83d\udcfa Castej\u00f3n ha estat convocat amb la Selecci\u00f3 Espanyola \ud83c\uddea\ud83c\uddf8 per als pr\u00f2xims amistosos del 12 i 14 d&#8217;abril, aix\u00ed s&#8217;ha assabentat de la not\u00edcia \ud83d\ude33 \ud83d\udde3\ufe0f &#8220;No ten\u00eda ni idea, me han empezado a llamar amigos y familiares&#8221; \ud83d\udde3\ufe0f &#8220;La experiencia ser\u00e1 \u00fanica, pero esta semana tenemos un reto m\u00e1s importante en Palma&#8221; \u2139 [&hellip;]<\/p>\n","protected":false},"author":2,"featured_media":7129,"comment_status":"open","ping_status":"open","sticky":false,"template":"","format":"standard","meta":{"footnotes":""},"categories":[1],"tags":[],"class_list":["post-7128","post","type-post","status-publish","format-standard","has-post-thumbnail","hentry","category-esports-alzira"],"featured_image_src":{"landsacpe":["https:\/\/esportsmunicipalsalzira.com\/wp-content\/uploads\/2024\/04\/424981608_389651223855238_2737035498561628053_n-960x445.jpg",960,445,true],"list":["https:\/\/esportsmunicipalsalzira.com\/wp-content\/uploads\/2024\/04\/424981608_389651223855238_2737035498561628053_n-463x348.jpg",463,348,true],"medium":["https:\/\/esportsmunicipalsalzira.com\/wp-content\/uploads\/2024\/04\/424981608_389651223855238_2737035498561628053_n-300x169.jpg",300,169,true],"full":["https:\/\/esportsmunicipalsalzira.com\/wp-content\/uploads\/2024\/04\/424981608_389651223855238_2737035498561628053_n.jpg",960,540,false]},"_links":{"self":[{"href":"https:\/\/esportsmunicipalsalzira.com\/es\/wp-json\/wp\/v2\/posts\/7128","targetHints":{"allow":["GET"]}}],"collection":[{"href":"https:\/\/esportsmunicipalsalzira.com\/es\/wp-json\/wp\/v2\/posts"}],"about":[{"href":"https:\/\/esportsmunicipalsalzira.com\/es\/wp-json\/wp\/v2\/types\/post"}],"author":[{"embeddable":true,"href":"https:\/\/esportsmunicipalsalzira.com\/es\/wp-json\/wp\/v2\/users\/2"}],"replies":[{"embeddable":true,"href":"https:\/\/esportsmunicipalsalzira.com\/es\/wp-json\/wp\/v2\/comments?post=7128"}],"version-history":[{"count":0,"href":"https:\/\/esportsmunicipalsalzira.com\/es\/wp-json\/wp\/v2\/posts\/7128\/revisions"}],"wp:featuredmedia":[{"embeddable":true,"href":"https:\/\/esportsmunicipalsalzira.com\/es\/wp-json\/wp\/v2\/media\/7129"}],"wp:attachment":[{"href":"https:\/\/esportsmunicipalsalzira.com\/es\/wp-json\/wp\/v2\/media?parent=7128"}],"wp:term":[{"taxonomy":"category","embeddable":true,"href":"https:\/\/esportsmunicipalsalzira.com\/es\/wp-json\/wp\/v2\/categories?post=7128"},{"taxonomy":"post_tag","embeddable":true,"href":"https:\/\/esportsmunicipalsalzira.com\/es\/wp-json\/wp\/v2\/tags?post=7128"}],"curies":[{"name":"wp","href":"https:\/\/api.w.org\/{rel}","templated":true}]}}