{"id":7148,"date":"2024-03-27T15:23:55","date_gmt":"2024-03-27T14:23:55","guid":{"rendered":"https:\/\/esportsmunicipalsalzira.com\/minima-nacional-adrian-vidal-ha-aconseguit-la-minima-nacional-en-400-estils-en-aquest-ultim-control-cel-lebrat\/"},"modified":"2024-03-27T15:23:55","modified_gmt":"2024-03-27T14:23:55","slug":"minima-nacional-adrian-vidal-ha-aconseguit-la-minima-nacional-en-400-estils-en-aquest-ultim-control-cel-lebrat","status":"publish","type":"post","link":"https:\/\/esportsmunicipalsalzira.com\/es\/minima-nacional-adrian-vidal-ha-aconseguit-la-minima-nacional-en-400-estils-en-aquest-ultim-control-cel-lebrat\/","title":{"rendered":"M\u00cdNIMA NACIONAL ADRI\u00c1N VIDAL ha logrado la m\u00ednima nacional en 400 estilos en este \u00faltimo control celebrado"},"content":{"rendered":"<p><br \/>\n\ud83d\udce3\ud83d\udca5 M\u00cdNIMA NACIONAL \u203c\ufe0f<\/p>\n<p>     \ud83c\udfca ADRI\u00c1N VIDAL ha logrado la m\u00ednima nacional en 400 estilos en este \u00faltimo control celebrado en Picassent con un crono de 4&#039;53\u203386.<\/p>\n<p>    ENHORABUENAAAA!!!!,gran trabajo!!\ud83d\udc4f\ud83d\udc4f\ud83d\udcaa\ud83d\udcaa\ud83d\udc9b\ud83d\udc99<\/p>\n<p>    \ud83d\udce3 M\u00cdNIMA AUTON\u00d3MICA B\u203c\ufe0f<\/p>\n<p>     \ud83c\udfcaKAROLIS GASPARAITIS ha conseguido dos m\u00ednimas auton\u00f3micas B tambi\u00e9n en el control celebrado el domingo en Picassent, en 50 libras con 31&#039;20 y en 50 mariposa con 34&#039;33.<br \/>\n      ENHORABUENAAAA!!\ud83d\udc4f\ud83d\udcaa\ud83d\udc99\ud83d\udc9b\ud83d\udc93<\/p>\n<p><a href=\"https:\/\/esportsmunicipalsalzira.com\/wp-content\/uploads\/2024\/04\/434144119_1020627036096485_7844179264585285238_n.jpg\"><img decoding=\"async\" class=\"wp_automatic_fb_img\" title=\"\" src=\"https:\/\/esportsmunicipalsalzira.com\/wp-content\/uploads\/2024\/04\/434144119_1020627036096485_7844179264585285238_n.jpg\" \/><\/a><br \/>\n<br \/>\n<br \/><a href=\"https:\/\/www.facebook.com\/100063537194811\/posts\/947098064084758\">source<\/a>  <\/p>","protected":false},"excerpt":{"rendered":"<p>\ud83d\udce3\ud83d\udca5 M\u00cdNIMA NACIONAL \u203c\ufe0f \ud83c\udfca ADRI\u00c1N VIDAL ha aconseguit la m\u00ednima nacional en 400 estils en aquest \u00faltim control cel.lebrat a Picassent amb un crono de 4&#8217;53&#8243;86. ENHORABONAAAA!!!!,gran treball!!\ud83d\udc4f\ud83d\udc4f\ud83d\udcaa\ud83d\udcaa\ud83d\udc9b\ud83d\udc99 \ud83d\udce3 M\u00cdNIMA AUTON\u00d2MICA B\u203c\ufe0f \ud83c\udfcaKAROLIS GASPARAITIS ha aconseguit dos minimes auton\u00f3miques B tamb\u00e9 en el control cel.lebrat diumenge a Picassent,en 50 lliures amb 31&#8217;20 i en [&hellip;]<\/p>\n","protected":false},"author":2,"featured_media":7149,"comment_status":"open","ping_status":"open","sticky":false,"template":"","format":"standard","meta":{"footnotes":""},"categories":[1],"tags":[],"class_list":["post-7148","post","type-post","status-publish","format-standard","has-post-thumbnail","hentry","category-esports-alzira"],"featured_image_src":{"landsacpe":["https:\/\/esportsmunicipalsalzira.com\/wp-content\/uploads\/2024\/04\/434144119_1020627036096485_7844179264585285238_n-526x445.jpg",526,445,true],"list":["https:\/\/esportsmunicipalsalzira.com\/wp-content\/uploads\/2024\/04\/434144119_1020627036096485_7844179264585285238_n-463x348.jpg",463,348,true],"medium":["https:\/\/esportsmunicipalsalzira.com\/wp-content\/uploads\/2024\/04\/434144119_1020627036096485_7844179264585285238_n-300x300.jpg",300,300,true],"full":["https:\/\/esportsmunicipalsalzira.com\/wp-content\/uploads\/2024\/04\/434144119_1020627036096485_7844179264585285238_n.jpg",526,526,false]},"_links":{"self":[{"href":"https:\/\/esportsmunicipalsalzira.com\/es\/wp-json\/wp\/v2\/posts\/7148","targetHints":{"allow":["GET"]}}],"collection":[{"href":"https:\/\/esportsmunicipalsalzira.com\/es\/wp-json\/wp\/v2\/posts"}],"about":[{"href":"https:\/\/esportsmunicipalsalzira.com\/es\/wp-json\/wp\/v2\/types\/post"}],"author":[{"embeddable":true,"href":"https:\/\/esportsmunicipalsalzira.com\/es\/wp-json\/wp\/v2\/users\/2"}],"replies":[{"embeddable":true,"href":"https:\/\/esportsmunicipalsalzira.com\/es\/wp-json\/wp\/v2\/comments?post=7148"}],"version-history":[{"count":0,"href":"https:\/\/esportsmunicipalsalzira.com\/es\/wp-json\/wp\/v2\/posts\/7148\/revisions"}],"wp:featuredmedia":[{"embeddable":true,"href":"https:\/\/esportsmunicipalsalzira.com\/es\/wp-json\/wp\/v2\/media\/7149"}],"wp:attachment":[{"href":"https:\/\/esportsmunicipalsalzira.com\/es\/wp-json\/wp\/v2\/media?parent=7148"}],"wp:term":[{"taxonomy":"category","embeddable":true,"href":"https:\/\/esportsmunicipalsalzira.com\/es\/wp-json\/wp\/v2\/categories?post=7148"},{"taxonomy":"post_tag","embeddable":true,"href":"https:\/\/esportsmunicipalsalzira.com\/es\/wp-json\/wp\/v2\/tags?post=7148"}],"curies":[{"name":"wp","href":"https:\/\/api.w.org\/{rel}","templated":true}]}}