{"id":7170,"date":"2024-03-24T14:59:23","date_gmt":"2024-03-24T13:59:23","guid":{"rendered":"https:\/\/esportsmunicipalsalzira.com\/campeonas-de-la-copa-de-la-reina-%f0%9d%93%b9%f0%9d%93%b8%f0%9d%93%bb-%f0%9d%93%b9%f0%9d%93%bb%f0%9d%93%b2%f0%9d%93%b6%f0%9d%93%ae%f0%9d%93%bb%f0%9d%93%aa-%f0%9d%93%bf%f0%9d%93%ae%f0%9d%94%83-el-va\/"},"modified":"2024-03-24T14:59:23","modified_gmt":"2024-03-24T13:59:23","slug":"campeonas-de-la-copa-de-la-reina-%f0%9d%93%b9%f0%9d%93%b8%f0%9d%93%bb-%f0%9d%93%b9%f0%9d%93%bb%f0%9d%93%b2%f0%9d%93%b6%f0%9d%93%ae%f0%9d%93%bb%f0%9d%93%aa-%f0%9d%93%bf%f0%9d%93%ae%f0%9d%94%83-el-va","status":"publish","type":"post","link":"https:\/\/esportsmunicipalsalzira.com\/es\/campeonas-de-la-copa-de-la-reina-%f0%9d%93%b9%f0%9d%93%b8%f0%9d%93%bb-%f0%9d%93%b9%f0%9d%93%bb%f0%9d%93%b2%f0%9d%93%b6%f0%9d%93%ae%f0%9d%93%bb%f0%9d%93%aa-%f0%9d%93%bf%f0%9d%93%ae%f0%9d%94%83-el-va\/","title":{"rendered":"Campeonas de la Copa de la Reina \ud835\udcf9\ud835\udcf8\ud835\udcfb \ud835\udcf9\ud835\udcfb\ud835\udcf2\ud835\udcf6\ud835\udcee\ud835\udcfb\ud835\udcea \ud835\udcff\ud835\udcee\ud835\udd03. El Valencia Basket triunfa en Huelva frente al Casademont Zaragoza"},"content":{"rendered":"<p><br \/>\n\ud83d\ude0d Campeonas de la Copa de la Reina \ud835\udcf9\ud835\udcf8\ud835\udcfb \ud835\udcf9\ud835\udcfb\ud835\udcf2\ud835\udcf6\ud835\udcee\ud835\udcfb\ud835\udcea \ud835\udcff\ud835\udcee\ud835\udd03.<\/p>\n<p>\ud83c\udfc0 El Valencia Basket triunfa en Huelva frente al Casademont Zaragoza y estrena su palmar\u00e9s copero.<\/p>\n<p>\ud83c\udfc6 La internacional espa\u00f1ola Raquel Carrera, lesionada de gravedad en cuartos de final, alz\u00f3 el trofeo en presencia de la ministra de Educaci\u00f3n, Formaci\u00f3n Profesional y Deportes, Pilar Alegr\u00eda.<\/p>\n<p><a href=\"https:\/\/esportsmunicipalsalzira.com\/wp-content\/uploads\/2024\/04\/418805645_722467630069981_7715441691297934593_n.jpg\"><img decoding=\"async\" class=\"wp_automatic_fb_img\" title=\"\" src=\"https:\/\/esportsmunicipalsalzira.com\/wp-content\/uploads\/2024\/04\/418805645_722467630069981_7715441691297934593_n.jpg\" \/><\/a><br \/><a href=\"https:\/\/esportsmunicipalsalzira.com\/wp-content\/uploads\/2024\/04\/419299076_722467656736645_5990363270950253329_n.jpg\"><img decoding=\"async\" class=\"wp_automatic_fb_img\" title=\"\" src=\"https:\/\/esportsmunicipalsalzira.com\/wp-content\/uploads\/2024\/04\/419299076_722467656736645_5990363270950253329_n.jpg\" \/><\/a><br \/><a href=\"https:\/\/esportsmunicipalsalzira.com\/wp-content\/uploads\/2024\/04\/418805037_722467666736644_3405686500947935909_n.jpg\"><img decoding=\"async\" class=\"wp_automatic_fb_img\" title=\"\" src=\"https:\/\/esportsmunicipalsalzira.com\/wp-content\/uploads\/2024\/04\/418805037_722467666736644_3405686500947935909_n.jpg\" \/><\/a><br \/><a href=\"https:\/\/esportsmunicipalsalzira.com\/wp-content\/uploads\/2024\/04\/417702726_722467693403308_4809825846179343250_n.jpg\"><img decoding=\"async\" class=\"wp_automatic_fb_img\" title=\"\" src=\"https:\/\/esportsmunicipalsalzira.com\/wp-content\/uploads\/2024\/04\/417702726_722467693403308_4809825846179343250_n.jpg\" \/><\/a><br \/><a href=\"https:\/\/esportsmunicipalsalzira.com\/wp-content\/uploads\/2024\/04\/420175021_722467713403306_2596327676465404674_n.jpg\"><img decoding=\"async\" class=\"wp_automatic_fb_img\" title=\"\" src=\"https:\/\/esportsmunicipalsalzira.com\/wp-content\/uploads\/2024\/04\/420175021_722467713403306_2596327676465404674_n.jpg\" \/><\/a><br \/>\n<br \/>\n<br \/><a href=\"https:\/\/www.facebook.com\/100063537194811\/posts\/945385107589387\">source<\/a>  <\/p>","protected":false},"excerpt":{"rendered":"<p>\ud83d\ude0d Campeonas de la Copa de la Reina \ud835\udcf9\ud835\udcf8\ud835\udcfb \ud835\udcf9\ud835\udcfb\ud835\udcf2\ud835\udcf6\ud835\udcee\ud835\udcfb\ud835\udcea \ud835\udcff\ud835\udcee\ud835\udd03. \ud83c\udfc0 El Valencia Basket triunfa en Huelva frente al Casademont Zaragoza y estrena su palmar\u00e9s copero. \ud83c\udfc6 La internacional espa\u00f1ola Raquel Carrera, lesionada de gravedad en cuartos de final, alz\u00f3 el trofeo en presencia de la ministra de Educaci\u00f3n, Formaci\u00f3n Profesional y Deportes, Pilar [&hellip;]<\/p>\n","protected":false},"author":2,"featured_media":7171,"comment_status":"open","ping_status":"open","sticky":false,"template":"","format":"standard","meta":{"footnotes":""},"categories":[1],"tags":[],"class_list":["post-7170","post","type-post","status-publish","format-standard","has-post-thumbnail","hentry","category-esports-alzira"],"featured_image_src":{"landsacpe":["https:\/\/esportsmunicipalsalzira.com\/wp-content\/uploads\/2024\/04\/418805645_722467630069981_7715441691297934593_n-800x445.jpg",800,445,true],"list":["https:\/\/esportsmunicipalsalzira.com\/wp-content\/uploads\/2024\/04\/418805645_722467630069981_7715441691297934593_n-463x348.jpg",463,348,true],"medium":["https:\/\/esportsmunicipalsalzira.com\/wp-content\/uploads\/2024\/04\/418805645_722467630069981_7715441691297934593_n-300x191.jpg",300,191,true],"full":["https:\/\/esportsmunicipalsalzira.com\/wp-content\/uploads\/2024\/04\/418805645_722467630069981_7715441691297934593_n.jpg",800,508,false]},"_links":{"self":[{"href":"https:\/\/esportsmunicipalsalzira.com\/es\/wp-json\/wp\/v2\/posts\/7170","targetHints":{"allow":["GET"]}}],"collection":[{"href":"https:\/\/esportsmunicipalsalzira.com\/es\/wp-json\/wp\/v2\/posts"}],"about":[{"href":"https:\/\/esportsmunicipalsalzira.com\/es\/wp-json\/wp\/v2\/types\/post"}],"author":[{"embeddable":true,"href":"https:\/\/esportsmunicipalsalzira.com\/es\/wp-json\/wp\/v2\/users\/2"}],"replies":[{"embeddable":true,"href":"https:\/\/esportsmunicipalsalzira.com\/es\/wp-json\/wp\/v2\/comments?post=7170"}],"version-history":[{"count":0,"href":"https:\/\/esportsmunicipalsalzira.com\/es\/wp-json\/wp\/v2\/posts\/7170\/revisions"}],"wp:featuredmedia":[{"embeddable":true,"href":"https:\/\/esportsmunicipalsalzira.com\/es\/wp-json\/wp\/v2\/media\/7171"}],"wp:attachment":[{"href":"https:\/\/esportsmunicipalsalzira.com\/es\/wp-json\/wp\/v2\/media?parent=7170"}],"wp:term":[{"taxonomy":"category","embeddable":true,"href":"https:\/\/esportsmunicipalsalzira.com\/es\/wp-json\/wp\/v2\/categories?post=7170"},{"taxonomy":"post_tag","embeddable":true,"href":"https:\/\/esportsmunicipalsalzira.com\/es\/wp-json\/wp\/v2\/tags?post=7170"}],"curies":[{"name":"wp","href":"https:\/\/api.w.org\/{rel}","templated":true}]}}