{"id":7190,"date":"2024-03-15T09:59:13","date_gmt":"2024-03-15T08:59:13","guid":{"rendered":"https:\/\/esportsmunicipalsalzira.com\/xliii-cto-de-espana-infantil-de-invierno-del-14-17-3-2024-en-terrassa-nuestras-dos-representantes-naiara-rodriguez\/"},"modified":"2024-03-15T09:59:13","modified_gmt":"2024-03-15T08:59:13","slug":"xliii-cto-de-espana-infantil-de-invierno-del-14-17-3-2024-en-terrassa-nuestras-dos-representantes-naiara-rodriguez","status":"publish","type":"post","link":"https:\/\/esportsmunicipalsalzira.com\/es\/xliii-cto-de-espana-infantil-de-invierno-del-14-17-3-2024-en-terrassa-nuestras-dos-representantes-naiara-rodriguez\/","title":{"rendered":"XLIII Cto. de Espa\u00f1a Infantil de invierno del 14 \u2013 17\/3\/2024 en Terrassa. Nuestras dos representantes Naiara Rodr\u00edguez"},"content":{"rendered":"<p><br \/>\n\ud83c\udfc6XIII Cto. de Espa\u00f1a Infantil de invierno del 14 \u2013 17\/3\/2024 en Terrassa.<\/p>\n<p>Nuestras dos representantes Naiara Rodr\u00edguez y Maria Beltran Trillo, se unen a nuestros dos nadadores en Terrassa, chicas mucha suerte y mucha fuerza\ud83d\udcaa\ud83d\udcaa!!! la mitad del camino ya lo ten\u00e9is ahora encaramos la meta, esta prueba de fuego os demostrar\u00e1 que pod\u00e9is y est\u00e1s preparadas!! <\/p>\n<p>https:\/\/rfen.es\/&#8230;\/web-resultados-natacion-infantil&#8230; <\/p>\n<p>Ayuntamiento de Castell\u00f3n de la Plana<br \/>\nDiputaci\u00f3n de Castell\u00f3n<br \/>\nDipuEsport Castell\u00f3<br \/>\nFederaci\u00f3n de Nataci\u00f3n Comunidad Valenciana<br \/>\nSimetr\u00eda Grupo<br \/>\nSOMOS Festival Castell\u00f3<br \/>\nIRIER<br \/>\nClara Asarta<br \/>\nGARAGE CASTELL\u00d3N<\/p>\n<p><a href=\"https:\/\/esportsmunicipalsalzira.com\/wp-content\/uploads\/2024\/04\/431879389_1151727636218994_3234937019226472900_n.jpg\"><img decoding=\"async\" class=\"wp_automatic_fb_img\" title=\"\" src=\"https:\/\/esportsmunicipalsalzira.com\/wp-content\/uploads\/2024\/04\/431879389_1151727636218994_3234937019226472900_n.jpg\" \/><\/a><br \/><a href=\"https:\/\/esportsmunicipalsalzira.com\/wp-content\/uploads\/2024\/04\/432016856_1151727916218966_6338838476549151435_n.jpg\"><img decoding=\"async\" class=\"wp_automatic_fb_img\" title=\"\" src=\"https:\/\/esportsmunicipalsalzira.com\/wp-content\/uploads\/2024\/04\/432016856_1151727916218966_6338838476549151435_n.jpg\" \/><\/a><br \/>\n<br \/>\n<br \/><a href=\"https:\/\/www.facebook.com\/100063537194811\/posts\/942471277880770\">source<\/a>  <\/p>","protected":false},"excerpt":{"rendered":"<p>\ud83c\udfc6XLIII Cto. de Espa\u00f1a Infantil de invierno del 14 &#8211; 17\/3\/2024 en Terrassa. Nuestras dos representantes Naiara Rodr\u00edguez y Maria Beltran Trillo, se unen a nuestros dos nadadores en Terrassa, chicas mucha suerte y mucha fuerza\ud83d\udcaa\ud83d\udcaa!!! la mitad del camino ya lo ten\u00e9is ahora encaramos la meta, esta prueba de fuego os demostrar\u00e1 que pod\u00e9is [&hellip;]<\/p>\n","protected":false},"author":2,"featured_media":7191,"comment_status":"open","ping_status":"open","sticky":false,"template":"","format":"standard","meta":{"footnotes":""},"categories":[1],"tags":[],"class_list":["post-7190","post","type-post","status-publish","format-standard","has-post-thumbnail","hentry","category-esports-alzira"],"featured_image_src":{"landsacpe":["https:\/\/esportsmunicipalsalzira.com\/wp-content\/uploads\/2024\/04\/431879389_1151727636218994_3234937019226472900_n-918x445.jpg",918,445,true],"list":["https:\/\/esportsmunicipalsalzira.com\/wp-content\/uploads\/2024\/04\/431879389_1151727636218994_3234937019226472900_n-463x348.jpg",463,348,true],"medium":["https:\/\/esportsmunicipalsalzira.com\/wp-content\/uploads\/2024\/04\/431879389_1151727636218994_3234937019226472900_n-300x300.jpg",300,300,true],"full":["https:\/\/esportsmunicipalsalzira.com\/wp-content\/uploads\/2024\/04\/431879389_1151727636218994_3234937019226472900_n.jpg",918,918,false]},"_links":{"self":[{"href":"https:\/\/esportsmunicipalsalzira.com\/es\/wp-json\/wp\/v2\/posts\/7190","targetHints":{"allow":["GET"]}}],"collection":[{"href":"https:\/\/esportsmunicipalsalzira.com\/es\/wp-json\/wp\/v2\/posts"}],"about":[{"href":"https:\/\/esportsmunicipalsalzira.com\/es\/wp-json\/wp\/v2\/types\/post"}],"author":[{"embeddable":true,"href":"https:\/\/esportsmunicipalsalzira.com\/es\/wp-json\/wp\/v2\/users\/2"}],"replies":[{"embeddable":true,"href":"https:\/\/esportsmunicipalsalzira.com\/es\/wp-json\/wp\/v2\/comments?post=7190"}],"version-history":[{"count":0,"href":"https:\/\/esportsmunicipalsalzira.com\/es\/wp-json\/wp\/v2\/posts\/7190\/revisions"}],"wp:featuredmedia":[{"embeddable":true,"href":"https:\/\/esportsmunicipalsalzira.com\/es\/wp-json\/wp\/v2\/media\/7191"}],"wp:attachment":[{"href":"https:\/\/esportsmunicipalsalzira.com\/es\/wp-json\/wp\/v2\/media?parent=7190"}],"wp:term":[{"taxonomy":"category","embeddable":true,"href":"https:\/\/esportsmunicipalsalzira.com\/es\/wp-json\/wp\/v2\/categories?post=7190"},{"taxonomy":"post_tag","embeddable":true,"href":"https:\/\/esportsmunicipalsalzira.com\/es\/wp-json\/wp\/v2\/tags?post=7190"}],"curies":[{"name":"wp","href":"https:\/\/api.w.org\/{rel}","templated":true}]}}