{"id":7210,"date":"2024-03-14T17:21:35","date_gmt":"2024-03-14T16:21:35","guid":{"rendered":"https:\/\/esportsmunicipalsalzira.com\/%f0%9d%90%82%f0%9d%90%9a%f0%9d%90%a6%f0%9d%90%a9%f0%9d%90%a2%f0%9d%90%a8%f0%9d%90%a7%f0%9d%90%9a%f0%9d%90%ad-%f0%9d%90%9a%f0%9d%90%ae%f0%9d%90%ad%f0%9d%90%a8%f0%9d%90%a7%f0%9d%90%a8%f0%9d%90%a6-2\/"},"modified":"2024-03-14T17:21:35","modified_gmt":"2024-03-14T16:21:35","slug":"%f0%9d%90%82%f0%9d%90%9a%f0%9d%90%a6%f0%9d%90%a9%f0%9d%90%a2%f0%9d%90%a8%f0%9d%90%a7%f0%9d%90%9a%f0%9d%90%ad-%f0%9d%90%9a%f0%9d%90%ae%f0%9d%90%ad%f0%9d%90%a8%f0%9d%90%a7%f0%9d%90%a8%f0%9d%90%a6-2","status":"publish","type":"post","link":"https:\/\/esportsmunicipalsalzira.com\/es\/%f0%9d%90%82%f0%9d%90%9a%f0%9d%90%a6%f0%9d%90%a9%f0%9d%90%a2%f0%9d%90%a8%f0%9d%90%a7%f0%9d%90%9a%f0%9d%90%ad-%f0%9d%90%9a%f0%9d%90%ae%f0%9d%90%ad%f0%9d%90%a8%f0%9d%90%a7%f0%9d%90%a8%f0%9d%90%a6-2\/","title":{"rendered":"\ud835\udc02\ud835\udc1a\ud835\udc26\ud835\udc29\ud835\udc22\ud835\udc28\ud835\udc27\ud835\udc1a\ud835\udc2d \ud835\udc1a\ud835\udc2e\ud835\udc2d\ud835\udc28\ud835\udc27\ud835\udc28\u0300\ud835\udc26\ud835\udc22\ud835\udc1c \ud835\udc22\ud835\udc27\ud835\udc1d\ud835\udc22\ud835\udc1d\ud835\udc10 \ud835\udc14\ud835\udc01\ud835\udfcf\ud835\udfd2. Este s\u00e1bado se disput\u00f3 el campeonato auton\u00f3mico individual de pista cubierto"},"content":{"rendered":"<p><br \/>\n\ud835\udc02\ud835\udc1a\ud835\udc26\ud835\udc29\ud835\udc22\ud835\udc28\ud835\udc27\ud835\udc1a\ud835\udc2d \ud835\udc1a\ud835\udc2e\ud835\udc2d\ud835\udc28\ud835\udc27\ud835\udc28\u0300\ud835\udc26\ud835\udc22\ud835\udc1c \ud835\udc22\ud835\udc27\ud835\udc1d\ud835\udc22\ud835\udc1d\ud835\udc10 \ud835\udc14\ud835\udc01\ud835\udfcf\ud835\udfd2.<\/p>\n<p>Este s\u00e1bado se disput\u00f3 el campeonato auton\u00f3mico individual de pista cubierta SUB14. <\/p>\n<p>Se clasificaron por esta competici\u00f3n: Alvaro Oltra, Aar\u00f3n Sanchis, Alberto Silvente, Jos\u00e9 Regal, Joel Sanjuan y Adriana Gonz\u00e1lez.<\/p>\n<p>Alvaro se proclam\u00f3 CAMPE\u00d3N AUTON\u00d3MICO en los 2000mll \ud83e\udd47<br \/>\nAlberto se proclam\u00f3 CAMPE\u00d3N AUTON\u00d3MICO en los 2000m marcha\ud83e\udd47<br \/>\nAdriana se proclam\u00f3 SUBCAMPEONA AUTON\u00d3MICA en los 1000mll\ud83e\udd48<br \/>\nJOEL qued\u00f3 CUARTO en los 1000mll\ud83c\udf6b<br \/>\nAar\u00f3n qued\u00f3 QUINTO a los 1000mll<br \/>\nJos\u00e9 fue S\u00c9PTIMO a lanzamiento de peso<\/p>\n<p>Enhorabuena a todos y todas!!!<\/p>\n<p>#clinicaALEJANDROSANZ #calarabosa Servicio Municipal de Deportes Alzira Ayuntamiento de Alzira<\/p>\n<p><a href=\"https:\/\/esportsmunicipalsalzira.com\/wp-content\/uploads\/2024\/04\/433248590_931268725669612_7550751530848456743_n.jpg\"><img decoding=\"async\" class=\"wp_automatic_fb_img\" title=\"\" src=\"https:\/\/esportsmunicipalsalzira.com\/wp-content\/uploads\/2024\/04\/433248590_931268725669612_7550751530848456743_n.jpg\" \/><\/a><br \/><a href=\"https:\/\/esportsmunicipalsalzira.com\/wp-content\/uploads\/2024\/04\/432643465_931268755669609_4783383879479384884_n.jpg\"><img decoding=\"async\" class=\"wp_automatic_fb_img\" title=\"\" src=\"https:\/\/esportsmunicipalsalzira.com\/wp-content\/uploads\/2024\/04\/432643465_931268755669609_4783383879479384884_n.jpg\" \/><\/a><br \/><a href=\"https:\/\/esportsmunicipalsalzira.com\/wp-content\/uploads\/2024\/04\/432584837_931268925669592_6184313238722415504_n.jpg\"><img decoding=\"async\" class=\"wp_automatic_fb_img\" title=\"\" src=\"https:\/\/esportsmunicipalsalzira.com\/wp-content\/uploads\/2024\/04\/432584837_931268925669592_6184313238722415504_n.jpg\" \/><\/a><br \/><a href=\"https:\/\/esportsmunicipalsalzira.com\/wp-content\/uploads\/2024\/04\/433265757_931268805669604_361759261621586480_n.jpg\"><img decoding=\"async\" class=\"wp_automatic_fb_img\" title=\"\" src=\"https:\/\/esportsmunicipalsalzira.com\/wp-content\/uploads\/2024\/04\/433265757_931268805669604_361759261621586480_n.jpg\" \/><\/a><br \/><a href=\"https:\/\/esportsmunicipalsalzira.com\/wp-content\/uploads\/2024\/04\/433255421_931268902336261_1168596741366709400_n.jpg\"><img decoding=\"async\" class=\"wp_automatic_fb_img\" title=\"\" src=\"https:\/\/esportsmunicipalsalzira.com\/wp-content\/uploads\/2024\/04\/433255421_931268902336261_1168596741366709400_n.jpg\" \/><\/a><br \/>\n<br \/>\n<br \/><a href=\"https:\/\/www.facebook.com\/100063537194811\/posts\/938096361651595\">source<\/a>  <\/p>","protected":false},"excerpt":{"rendered":"<p>\ud835\udc02\ud835\udc1a\ud835\udc26\ud835\udc29\ud835\udc22\ud835\udc28\ud835\udc27\ud835\udc1a\ud835\udc2d \ud835\udc1a\ud835\udc2e\ud835\udc2d\ud835\udc28\ud835\udc27\ud835\udc28\u0300\ud835\udc26\ud835\udc22\ud835\udc1c \ud835\udc22\ud835\udc27\ud835\udc1d\ud835\udc22\ud835\udc2f\ud835\udc22\ud835\udc1d\ud835\udc2e\ud835\udc1a\ud835\udc25 \ud835\udc12\ud835\udc14\ud835\udc01\ud835\udfcf\ud835\udfd2. Aquest dissabte es va disputar el campionat auton\u00f2mic individual de pista coberta SUB14. Es van classificar per aquesta competici\u00f3: Alvaro Oltra, Aaron Sanchis, Alberto Silvente, Josep Regal, Joel Sanjuan i Adriana Gonz\u00e1lez. Alvaro es va proclamar CAMPI\u00d3 AUTON\u00d2MIC als 2000mll \ud83e\udd47 Alberto es va proclamar CAMPI\u00d3 AUTON\u00d2MIC als 2000m marxa\ud83e\udd47 Adriana [&hellip;]<\/p>\n","protected":false},"author":2,"featured_media":7211,"comment_status":"open","ping_status":"open","sticky":false,"template":"","format":"standard","meta":{"footnotes":""},"categories":[1],"tags":[],"class_list":["post-7210","post","type-post","status-publish","format-standard","has-post-thumbnail","hentry","category-esports-alzira"],"featured_image_src":{"landsacpe":["https:\/\/esportsmunicipalsalzira.com\/wp-content\/uploads\/2024\/04\/433248590_931268725669612_7550751530848456743_n-1140x445.jpg",1140,445,true],"list":["https:\/\/esportsmunicipalsalzira.com\/wp-content\/uploads\/2024\/04\/433248590_931268725669612_7550751530848456743_n-463x348.jpg",463,348,true],"medium":["https:\/\/esportsmunicipalsalzira.com\/wp-content\/uploads\/2024\/04\/433248590_931268725669612_7550751530848456743_n-241x300.jpg",241,300,true],"full":["https:\/\/esportsmunicipalsalzira.com\/wp-content\/uploads\/2024\/04\/433248590_931268725669612_7550751530848456743_n.jpg",1440,1794,false]},"_links":{"self":[{"href":"https:\/\/esportsmunicipalsalzira.com\/es\/wp-json\/wp\/v2\/posts\/7210","targetHints":{"allow":["GET"]}}],"collection":[{"href":"https:\/\/esportsmunicipalsalzira.com\/es\/wp-json\/wp\/v2\/posts"}],"about":[{"href":"https:\/\/esportsmunicipalsalzira.com\/es\/wp-json\/wp\/v2\/types\/post"}],"author":[{"embeddable":true,"href":"https:\/\/esportsmunicipalsalzira.com\/es\/wp-json\/wp\/v2\/users\/2"}],"replies":[{"embeddable":true,"href":"https:\/\/esportsmunicipalsalzira.com\/es\/wp-json\/wp\/v2\/comments?post=7210"}],"version-history":[{"count":0,"href":"https:\/\/esportsmunicipalsalzira.com\/es\/wp-json\/wp\/v2\/posts\/7210\/revisions"}],"wp:featuredmedia":[{"embeddable":true,"href":"https:\/\/esportsmunicipalsalzira.com\/es\/wp-json\/wp\/v2\/media\/7211"}],"wp:attachment":[{"href":"https:\/\/esportsmunicipalsalzira.com\/es\/wp-json\/wp\/v2\/media?parent=7210"}],"wp:term":[{"taxonomy":"category","embeddable":true,"href":"https:\/\/esportsmunicipalsalzira.com\/es\/wp-json\/wp\/v2\/categories?post=7210"},{"taxonomy":"post_tag","embeddable":true,"href":"https:\/\/esportsmunicipalsalzira.com\/es\/wp-json\/wp\/v2\/tags?post=7210"}],"curies":[{"name":"wp","href":"https:\/\/api.w.org\/{rel}","templated":true}]}}