{"id":7271,"date":"2024-03-04T22:22:29","date_gmt":"2024-03-04T21:22:29","guid":{"rendered":"https:\/\/esportsmunicipalsalzira.com\/%f0%9d%90%82%f0%9d%90%9a%f0%9d%90%a6%f0%9d%90%a9%f0%9d%90%a2%f0%9d%90%a8%f0%9d%90%a7%f0%9d%90%9a%f0%9d%90%ad-%f0%9d%90%9a%f0%9d%90%ae%f0%9d%90%ad%f0%9d%90%a8%f0%9d%90%a7%f0%9d%90%a8%f0%9d%90%a6-3\/"},"modified":"2024-03-04T22:22:29","modified_gmt":"2024-03-04T21:22:29","slug":"%f0%9d%90%82%f0%9d%90%9a%f0%9d%90%a6%f0%9d%90%a9%f0%9d%90%a2%f0%9d%90%a8%f0%9d%90%a7%f0%9d%90%9a%f0%9d%90%ad-%f0%9d%90%9a%f0%9d%90%ae%f0%9d%90%ad%f0%9d%90%a8%f0%9d%90%a7%f0%9d%90%a8%f0%9d%90%a6-3","status":"publish","type":"post","link":"https:\/\/esportsmunicipalsalzira.com\/es\/%f0%9d%90%82%f0%9d%90%9a%f0%9d%90%a6%f0%9d%90%a9%f0%9d%90%a2%f0%9d%90%a8%f0%9d%90%a7%f0%9d%90%9a%f0%9d%90%ad-%f0%9d%90%9a%f0%9d%90%ae%f0%9d%90%ad%f0%9d%90%a8%f0%9d%90%a7%f0%9d%90%a8%f0%9d%90%a6-3\/","title":{"rendered":"\ud835\udc02\ud835\udc1a\ud835\udc26\ud835\udc29\ud835\udc22\ud835\udc28\ud835\udc27\ud835\udc1a\ud835\udc2d \ud835\udc1a\ud835\udc2e\ud835\udc2d\ud835\udc28\ud835\udc27\ud835\udc28\u0300\ud835\udc26\ud835\udc22\ud835\udc1c \ud835\udc22\ud835\udc27\ud835\udc1d\ud835\udc22\ud835\udc1d\ud835\udc10 \ud835\udc14\ud835\udc01\ud835\udfd0\ud835\udfce. El pasado fin de semana Manu Canet disput\u00f3 el auton\u00f3mico individual SUB20 de p"},"content":{"rendered":"<p><br \/>\n\ud835\udc02\ud835\udc1a\ud835\udc26\ud835\udc29\ud835\udc22\ud835\udc28\ud835\udc27\ud835\udc1a\ud835\udc2d \ud835\udc1a\ud835\udc2e\ud835\udc2d\ud835\udc28\ud835\udc27\ud835\udc28\u0300\ud835\udc26\ud835\udc22\ud835\udc1c \ud835\udc22\ud835\udc27\ud835\udc1d\ud835\udc22\ud835\udc1d\ud835\udc10 \ud835\udc14\ud835\udc01\ud835\udfd0\ud835\udfce.<br \/>\nEl pasado fin de semana Manu Canet disput\u00f3 el auton\u00f3mico individual SUB20 de pista cubierta.<\/p>\n<p>Realiz\u00f3 la prueba de lanzamiento de peso, proclam\u00e1ndose CAMPE\u00d3N AUTON\u00d3MICO \ud83e\udd47<\/p>\n<p>Manu este fin de semana se desplazar\u00e1 hasta Salamanca para disputar el CAMPEONATO DE ESPA\u00d1A \ud83c\uddea\ud83c\uddf8 de esta misma prueba.<\/p>\n<p>Te deseamos mucha suerte!!! \ud83c\udf40\ud83d\ude80<\/p>\n<p>#clinicaALEJANDROSANZ #calarabosa Servicio Municipal de Deportes Alzira Ayuntamiento de Alzira<\/p>\n<p><a href=\"https:\/\/esportsmunicipalsalzira.com\/wp-content\/uploads\/2024\/04\/431024869_924557919674026_5961540856738205403_n.jpg\"><img decoding=\"async\" class=\"wp_automatic_fb_img\" title=\"\" src=\"https:\/\/esportsmunicipalsalzira.com\/wp-content\/uploads\/2024\/04\/431024869_924557919674026_5961540856738205403_n.jpg\" \/><\/a><br \/><a href=\"https:\/\/esportsmunicipalsalzira.com\/wp-content\/uploads\/2024\/04\/431256785_924557946340690_5288005391244927873_n.jpg\"><img decoding=\"async\" class=\"wp_automatic_fb_img\" title=\"\" src=\"https:\/\/esportsmunicipalsalzira.com\/wp-content\/uploads\/2024\/04\/431256785_924557946340690_5288005391244927873_n.jpg\" \/><\/a><br \/><a href=\"https:\/\/esportsmunicipalsalzira.com\/wp-content\/uploads\/2024\/04\/431652455_924557926340692_8895369962431477806_n.jpg\"><img decoding=\"async\" class=\"wp_automatic_fb_img\" title=\"\" src=\"https:\/\/esportsmunicipalsalzira.com\/wp-content\/uploads\/2024\/04\/431652455_924557926340692_8895369962431477806_n.jpg\" \/><\/a><br \/>\n<br \/>\n<br \/><a href=\"https:\/\/www.facebook.com\/100063537194811\/posts\/931628038965094\">source<\/a>  <\/p>","protected":false},"excerpt":{"rendered":"<p>\ud835\udc02\ud835\udc1a\ud835\udc26\ud835\udc29\ud835\udc22\ud835\udc28\ud835\udc27\ud835\udc1a\ud835\udc2d \ud835\udc1a\ud835\udc2e\ud835\udc2d\ud835\udc28\ud835\udc27\ud835\udc28\u0300\ud835\udc26\ud835\udc22\ud835\udc1c \ud835\udc22\ud835\udc27\ud835\udc1d\ud835\udc22\ud835\udc2f\ud835\udc22\ud835\udc1d\ud835\udc2e\ud835\udc1a\ud835\udc25 \ud835\udc12\ud835\udc14\ud835\udc01\ud835\udfd0\ud835\udfce. El cap de setmana passat Manu Canet va disputar l\u2019auton\u00f2mic individual SUB20 de pista coberta. Va realitzar la prova de llan\u00e7ament de pes, proclamant-se CAMPI\u00d3 AUTON\u00d2MIC \ud83e\udd47 Manu aquest cap de setmana es despla\u00e7ar\u00e0 fins a Salamanca per disputar el CAMPIONAT D\u2019ESPANYA \ud83c\uddea\ud83c\uddf8d\u2019aquesta mateixa prova. Et desitgem molta sort!!! \ud83c\udf40\ud83d\ude80 #clinicaALEJANDROSANZ [&hellip;]<\/p>\n","protected":false},"author":2,"featured_media":7272,"comment_status":"open","ping_status":"open","sticky":false,"template":"","format":"standard","meta":{"footnotes":""},"categories":[1],"tags":[],"class_list":["post-7271","post","type-post","status-publish","format-standard","has-post-thumbnail","hentry","category-esports-alzira"],"featured_image_src":{"landsacpe":["https:\/\/esportsmunicipalsalzira.com\/wp-content\/uploads\/2024\/04\/431024869_924557919674026_5961540856738205403_n-1140x445.jpg",1140,445,true],"list":["https:\/\/esportsmunicipalsalzira.com\/wp-content\/uploads\/2024\/04\/431024869_924557919674026_5961540856738205403_n-463x348.jpg",463,348,true],"medium":["https:\/\/esportsmunicipalsalzira.com\/wp-content\/uploads\/2024\/04\/431024869_924557919674026_5961540856738205403_n-241x300.jpg",241,300,true],"full":["https:\/\/esportsmunicipalsalzira.com\/wp-content\/uploads\/2024\/04\/431024869_924557919674026_5961540856738205403_n.jpg",1440,1792,false]},"_links":{"self":[{"href":"https:\/\/esportsmunicipalsalzira.com\/es\/wp-json\/wp\/v2\/posts\/7271","targetHints":{"allow":["GET"]}}],"collection":[{"href":"https:\/\/esportsmunicipalsalzira.com\/es\/wp-json\/wp\/v2\/posts"}],"about":[{"href":"https:\/\/esportsmunicipalsalzira.com\/es\/wp-json\/wp\/v2\/types\/post"}],"author":[{"embeddable":true,"href":"https:\/\/esportsmunicipalsalzira.com\/es\/wp-json\/wp\/v2\/users\/2"}],"replies":[{"embeddable":true,"href":"https:\/\/esportsmunicipalsalzira.com\/es\/wp-json\/wp\/v2\/comments?post=7271"}],"version-history":[{"count":0,"href":"https:\/\/esportsmunicipalsalzira.com\/es\/wp-json\/wp\/v2\/posts\/7271\/revisions"}],"wp:featuredmedia":[{"embeddable":true,"href":"https:\/\/esportsmunicipalsalzira.com\/es\/wp-json\/wp\/v2\/media\/7272"}],"wp:attachment":[{"href":"https:\/\/esportsmunicipalsalzira.com\/es\/wp-json\/wp\/v2\/media?parent=7271"}],"wp:term":[{"taxonomy":"category","embeddable":true,"href":"https:\/\/esportsmunicipalsalzira.com\/es\/wp-json\/wp\/v2\/categories?post=7271"},{"taxonomy":"post_tag","embeddable":true,"href":"https:\/\/esportsmunicipalsalzira.com\/es\/wp-json\/wp\/v2\/tags?post=7271"}],"curies":[{"name":"wp","href":"https:\/\/api.w.org\/{rel}","templated":true}]}}