{"id":7279,"date":"2024-03-04T12:46:58","date_gmt":"2024-03-04T11:46:58","guid":{"rendered":"https:\/\/esportsmunicipalsalzira.com\/este-mati-sha-iniciat-la-%f0%9d%90%92%f0%9d%90%9e%f0%9d%90%ad%f0%9d%90%a6%f0%9d%90%9a%f0%9d%90%a7%f0%9d%90%9a-%f0%9d%90%9d%f0%9d%90%9e-%f0%9d%90%a5%f0%9d%90%9a-%f0%9d%90%83%f0%9d%90%a8%f0%9d%90%a7\/"},"modified":"2024-03-04T12:46:58","modified_gmt":"2024-03-04T11:46:58","slug":"este-mati-sha-iniciat-la-%f0%9d%90%92%f0%9d%90%9e%f0%9d%90%ad%f0%9d%90%a6%f0%9d%90%9a%f0%9d%90%a7%f0%9d%90%9a-%f0%9d%90%9d%f0%9d%90%9e-%f0%9d%90%a5%f0%9d%90%9a-%f0%9d%90%83%f0%9d%90%a8%f0%9d%90%a7","status":"publish","type":"post","link":"https:\/\/esportsmunicipalsalzira.com\/es\/este-mati-sha-iniciat-la-%f0%9d%90%92%f0%9d%90%9e%f0%9d%90%ad%f0%9d%90%a6%f0%9d%90%9a%f0%9d%90%a7%f0%9d%90%9a-%f0%9d%90%9d%f0%9d%90%9e-%f0%9d%90%a5%f0%9d%90%9a-%f0%9d%90%83%f0%9d%90%a8%f0%9d%90%a7\/","title":{"rendered":"Esta ma\u00f1ana se ha iniciado la \ud835\udc12\ud835\udc1e\ud835\udc2d\ud835\udc26\ud835\udc1a\ud835\udc27\ud835\udc1a \ud835\udc1d\ud835\udc1e \ud835\udc25\ud835\udc1a \ud835\udc03\ud835\udc28\ud835\udc27\ud835\udc1a con una charla pr\u00e1ctica llamada \u201c\ud835\udc02\ud835\udc28\ud835\udc27\ud835\udc1d \ud835\udc1e \ud835\udc1d\ud835\udc1e\ud835\udc1f\ud835\udc1e\ud835\udc27\ud835\udc2c\ud835\udc1a \ud835\udc29\ud835\udc1e\ud835\udc2b\ud835\udc2c\ud835\udc28\ud835\udc27\ud835\udc1a\ud835\udc25 \ud835\udc29\ud835\udc1e\ud835\udc2b \ud835\udc1a \ud835\udc1d\ud835\udc28"},"content":{"rendered":"<p><br \/>\n\ud83d\udc6e\u200d\u2640\ufe0f\ud83d\udcac Este mat\u00ed s&#8217;ha iniciat la \ud835\udc12\ud835\udc1e\ud835\udc2d\ud835\udc26\ud835\udc1a\ud835\udc27\ud835\udc1a \ud835\udc1d\ud835\udc1e \ud835\udc25\ud835\udc1a \ud835\udc03\ud835\udc28\ud835\udc27\ud835\udc1a amb una xarrada pr\u00e0ctica anomenada &#8220;\ud835\udc02\ud835\udc28\ud835\udc27\ud835\udc2c\ud835\udc1e\ud835\udc25\ud835\udc25\ud835\udc2c \ud835\udc1d\ud835\udc1e \ud835\udc1d\ud835\udc1e\ud835\udc1f\ud835\udc1e\ud835\udc27\ud835\udc2c\ud835\udc1a \ud835\udc29\ud835\udc1e\ud835\udc2b\ud835\udc2c\ud835\udc28\ud835\udc27\ud835\udc1a\ud835\udc25 \ud835\udc29\ud835\udc1e\ud835\udc2b \ud835\udc1a \ud835\udc1d\ud835\udc28\ud835\udc27\ud835\udc1e\ud835\udc2c&#8221; impartida per la Policia Nacional [M\u00f3nica Carri\u00f3 i Salva Bononad].<\/p>\n<p>\ud83d\udc69\u200d\ud83e\uddb0 En l&#8217;acte, els assistents han pogut aprendre \ud835\udc2d\ud835\udc1e\u0300\ud835\udc1c\ud835\udc27\ud835\udc22\ud835\udc2a\ud835\udc2e\ud835\udc1e\ud835\udc2c de defensa personal gr\u00e0cies als consells dels cossos de seguretat.<\/p>\n<p>\ud83d\udcaa\ud83c\udf1f Recordem que esta \ud835\udc1a\ud835\udc1c\ud835\udc2d\ud835\udc22\ud835\udc2f\ud835\udc22\ud835\udc2d\ud835\udc1a\ud835\udc2d forma part de la programaci\u00f3 per a la Setmana de la Dona [del 04 de mar\u00e7 fins el 08 de mar\u00e7] que ha preparat la Regidoria de Serveis Socials, Igualtat, Pol\u00edtiques Inclusives i Habitatge.<\/p>\n<p>\ud83d\udc65 Han assistit l&#8217;alcalde, Alfons Dom\u00ednguez, la regidora de Serveis Socials, Igualtat, Pol\u00edtiques Inclusives i Habitatge, Am\u00e8lia Blanquer i la cap de Serveis Socials, Vanesa Pla.<\/p>\n<p>\ud83d\udfe3 Pots consultar la \ud835\udc29\ud835\udc2b\ud835\udc28\ud835\udc20\ud835\udc2b\ud835\udc1a\ud835\udc26\ud835\udc1a\ud835\udc1c\ud835\udc22\ud835\udc28\u0301 completa ac\u00ed \ud83d\udc49 https:\/\/www.alzira.es\/&#8230;\/02\/dia-de-la-dona_page-0002.jpg<\/p>\n<p><a href=\"https:\/\/esportsmunicipalsalzira.com\/wp-content\/uploads\/2024\/04\/431101801_789478133213594_321995237248637169_n.jpg\"><img decoding=\"async\" class=\"wp_automatic_fb_img\" title=\"\" src=\"https:\/\/esportsmunicipalsalzira.com\/wp-content\/uploads\/2024\/04\/431101801_789478133213594_321995237248637169_n.jpg\" \/><\/a><br \/><a href=\"https:\/\/esportsmunicipalsalzira.com\/wp-content\/uploads\/2024\/04\/431240486_789478149880259_1383707565574937972_n.jpg\"><img decoding=\"async\" class=\"wp_automatic_fb_img\" title=\"\" src=\"https:\/\/esportsmunicipalsalzira.com\/wp-content\/uploads\/2024\/04\/431240486_789478149880259_1383707565574937972_n.jpg\" \/><\/a><br \/><a href=\"https:\/\/esportsmunicipalsalzira.com\/wp-content\/uploads\/2024\/04\/431106813_789478143213593_6121867856151584806_n.jpg\"><img decoding=\"async\" class=\"wp_automatic_fb_img\" title=\"\" src=\"https:\/\/esportsmunicipalsalzira.com\/wp-content\/uploads\/2024\/04\/431106813_789478143213593_6121867856151584806_n.jpg\" \/><\/a><br \/><a href=\"https:\/\/esportsmunicipalsalzira.com\/wp-content\/uploads\/2024\/04\/431195126_789478146546926_9008450923460765180_n.jpg\"><img decoding=\"async\" class=\"wp_automatic_fb_img\" title=\"\" src=\"https:\/\/esportsmunicipalsalzira.com\/wp-content\/uploads\/2024\/04\/431195126_789478146546926_9008450923460765180_n.jpg\" \/><\/a><br \/><a href=\"https:\/\/esportsmunicipalsalzira.com\/wp-content\/uploads\/2024\/04\/431046370_789478126546928_4128548037356221042_n.jpg\"><img decoding=\"async\" class=\"wp_automatic_fb_img\" title=\"\" src=\"https:\/\/esportsmunicipalsalzira.com\/wp-content\/uploads\/2024\/04\/431046370_789478126546928_4128548037356221042_n.jpg\" \/><\/a><br \/>\n<br \/>\n<br \/><a href=\"https:\/\/www.facebook.com\/100063537194811\/posts\/931048072356424\">Source<\/a>  <\/p>\n","protected":false},"excerpt":{"rendered":"<p>\ud83d\udc6e\u200d\u2640\ufe0f\ud83d\udcac Este mat\u00ed s&#8217;ha iniciat la \ud835\udc12\ud835\udc1e\ud835\udc2d\ud835\udc26\ud835\udc1a\ud835\udc27\ud835\udc1a \ud835\udc1d\ud835\udc1e \ud835\udc25\ud835\udc1a \ud835\udc03\ud835\udc28\ud835\udc27\ud835\udc1a amb una xarrada pr\u00e0ctica anomenada &#8220;\ud835\udc02\ud835\udc28\ud835\udc27\ud835\udc2c\ud835\udc1e\ud835\udc25\ud835\udc25\ud835\udc2c \ud835\udc1d\ud835\udc1e \ud835\udc1d\ud835\udc1e\ud835\udc1f\ud835\udc1e\ud835\udc27\ud835\udc2c\ud835\udc1a \ud835\udc29\ud835\udc1e\ud835\udc2b\ud835\udc2c\ud835\udc28\ud835\udc27\ud835\udc1a\ud835\udc25 \ud835\udc29\ud835\udc1e\ud835\udc2b \ud835\udc1a \ud835\udc1d\ud835\udc28\ud835\udc27\ud835\udc1e\ud835\udc2c&#8221; impartida per la Policia Nacional [M\u00f3nica Carri\u00f3 i Salva Bononad]. \ud83d\udc69\u200d\ud83e\uddb0 En l&#8217;acte, els assistents han pogut aprendre \ud835\udc2d\ud835\udc1e\u0300\ud835\udc1c\ud835\udc27\ud835\udc22\ud835\udc2a\ud835\udc2e\ud835\udc1e\ud835\udc2c de defensa personal gr\u00e0cies als consells dels cossos de seguretat. \ud83d\udcaa\ud83c\udf1f Recordem que esta [&hellip;]<\/p>\n","protected":false},"author":2,"featured_media":7280,"comment_status":"open","ping_status":"open","sticky":false,"template":"","format":"standard","meta":{"footnotes":""},"categories":[1],"tags":[],"class_list":["post-7279","post","type-post","status-publish","format-standard","has-post-thumbnail","hentry","category-esports-alzira"],"featured_image_src":{"landsacpe":["https:\/\/esportsmunicipalsalzira.com\/wp-content\/uploads\/2024\/04\/431101801_789478133213594_321995237248637169_n-1080x445.jpg",1080,445,true],"list":["https:\/\/esportsmunicipalsalzira.com\/wp-content\/uploads\/2024\/04\/431101801_789478133213594_321995237248637169_n-463x348.jpg",463,348,true],"medium":["https:\/\/esportsmunicipalsalzira.com\/wp-content\/uploads\/2024\/04\/431101801_789478133213594_321995237248637169_n-300x300.jpg",300,300,true],"full":["https:\/\/esportsmunicipalsalzira.com\/wp-content\/uploads\/2024\/04\/431101801_789478133213594_321995237248637169_n.jpg",1080,1080,false]},"_links":{"self":[{"href":"https:\/\/esportsmunicipalsalzira.com\/es\/wp-json\/wp\/v2\/posts\/7279","targetHints":{"allow":["GET"]}}],"collection":[{"href":"https:\/\/esportsmunicipalsalzira.com\/es\/wp-json\/wp\/v2\/posts"}],"about":[{"href":"https:\/\/esportsmunicipalsalzira.com\/es\/wp-json\/wp\/v2\/types\/post"}],"author":[{"embeddable":true,"href":"https:\/\/esportsmunicipalsalzira.com\/es\/wp-json\/wp\/v2\/users\/2"}],"replies":[{"embeddable":true,"href":"https:\/\/esportsmunicipalsalzira.com\/es\/wp-json\/wp\/v2\/comments?post=7279"}],"version-history":[{"count":0,"href":"https:\/\/esportsmunicipalsalzira.com\/es\/wp-json\/wp\/v2\/posts\/7279\/revisions"}],"wp:featuredmedia":[{"embeddable":true,"href":"https:\/\/esportsmunicipalsalzira.com\/es\/wp-json\/wp\/v2\/media\/7280"}],"wp:attachment":[{"href":"https:\/\/esportsmunicipalsalzira.com\/es\/wp-json\/wp\/v2\/media?parent=7279"}],"wp:term":[{"taxonomy":"category","embeddable":true,"href":"https:\/\/esportsmunicipalsalzira.com\/es\/wp-json\/wp\/v2\/categories?post=7279"},{"taxonomy":"post_tag","embeddable":true,"href":"https:\/\/esportsmunicipalsalzira.com\/es\/wp-json\/wp\/v2\/tags?post=7279"}],"curies":[{"name":"wp","href":"https:\/\/api.w.org\/{rel}","templated":true}]}}