{"id":7283,"date":"2024-03-02T20:14:55","date_gmt":"2024-03-02T19:14:55","guid":{"rendered":"https:\/\/esportsmunicipalsalzira.com\/provincial-nacional-basehoy-nuestras-gimnastas-han-participado-en-la-fase-provincial-celebrada-en-oliva-nuestras-pre\/"},"modified":"2024-03-02T20:14:55","modified_gmt":"2024-03-02T19:14:55","slug":"provincial-nacional-basehoy-nuestras-gimnastas-han-participado-en-la-fase-provincial-celebrada-en-oliva-nuestras-pre","status":"publish","type":"post","link":"https:\/\/esportsmunicipalsalzira.com\/es\/provincial-nacional-basehoy-nuestras-gimnastas-han-participado-en-la-fase-provincial-celebrada-en-oliva-nuestras-pre\/","title":{"rendered":"Provincial Nacional Base Hoy nuestras gimnastas han participado en la fase Provincial celebrada en Oliva. Nuestras pre"},"content":{"rendered":"<p><br \/>\nProvincial Nacional Base<\/p>\n<p>Hoy nuestras gimnastas han participado en la fase Provincial celebrada en Oliva.<\/p>\n<p>Nuestras prebenjaminas Stephanie y Emma consiguen el pase a la Fase Auton\u00f3mica. Muy buen inicio de temporada de nuestras pecas, hab\u00e9is trabajado much\u00edsimo durante esta temporada, ya s\u00f3lo queda disfrutar del camino y aprender de la experiencia!! Estamos muy orgullosas de vosotras\ud83d\udcaa\ud83c\udffb\ud83d\udcaa\ud83c\udffb<\/p>\n<p>Darle la enhorabuena tambi\u00e9n a nuestra gimnasta Benjamin Dafne Tortosa, esta vez no ha podido ser, has trabajado much\u00edsimo pero no siempre las cosas salen bien. Vamos a miedo muchos retos, con much\u00edsima ilusi\u00f3n y trabajo, pero sobre todo disfrutando del camino. Estamos muy muy orgullosas de ti, de tu trabajo diario y de tu progresi\u00f3n!!\ud83d\udcaa\ud83c\udffb\ud83d\udcaa\ud83c\udffb<br \/>\nAyuntamiento de Alzira<br \/>\nServicio Municipal de Deportes Alzira<br \/>\nSusana Chaquet Silvestre<br \/>\nNuray Hernandez<\/p>\n<p><a href=\"https:\/\/esportsmunicipalsalzira.com\/wp-content\/uploads\/2024\/04\/428682907_305348125895787_5577342647781683006_n.jpg\"><img decoding=\"async\" class=\"wp_automatic_fb_img\" title=\"\" src=\"https:\/\/esportsmunicipalsalzira.com\/wp-content\/uploads\/2024\/04\/428682907_305348125895787_5577342647781683006_n.jpg\" \/><\/a><br \/><a href=\"https:\/\/esportsmunicipalsalzira.com\/wp-content\/uploads\/2024\/04\/428680465_305348232562443_88140513109672908_n.jpg\"><img decoding=\"async\" class=\"wp_automatic_fb_img\" title=\"\" src=\"https:\/\/esportsmunicipalsalzira.com\/wp-content\/uploads\/2024\/04\/428680465_305348232562443_88140513109672908_n.jpg\" \/><\/a><br \/><a href=\"https:\/\/esportsmunicipalsalzira.com\/wp-content\/uploads\/2024\/04\/428696042_305348222562444_1641899501909726849_n.jpg\"><img decoding=\"async\" class=\"wp_automatic_fb_img\" title=\"\" src=\"https:\/\/esportsmunicipalsalzira.com\/wp-content\/uploads\/2024\/04\/428696042_305348222562444_1641899501909726849_n.jpg\" \/><\/a><br \/><a href=\"https:\/\/esportsmunicipalsalzira.com\/wp-content\/uploads\/2024\/04\/428697177_305348192562447_3883043039255789859_n.jpg\"><img decoding=\"async\" class=\"wp_automatic_fb_img\" title=\"\" src=\"https:\/\/esportsmunicipalsalzira.com\/wp-content\/uploads\/2024\/04\/428697177_305348192562447_3883043039255789859_n.jpg\" \/><\/a><br \/>\n<br \/>\n<br \/><a href=\"https:\/\/www.facebook.com\/100063537194811\/posts\/930943592366872\">source<\/a>  <\/p>","protected":false},"excerpt":{"rendered":"<p>Provincial Nacional Base Hoy nuestras gimnastas han participado en la fase Provincial celebrada en Oliva. Nuestras prebenjamines Stephanie y Emma consiguen el pase a la Fase Auton\u00f3mica . Muy buen inicio de temporada de nuestras peques, hab\u00e9is trabajado much\u00edsimo durante esta temporada, ya solo queda disfrutar del camino y aprender de la experiencia!! Estamos muy [&hellip;]<\/p>\n","protected":false},"author":2,"featured_media":7284,"comment_status":"open","ping_status":"open","sticky":false,"template":"","format":"standard","meta":{"footnotes":""},"categories":[1],"tags":[],"class_list":["post-7283","post","type-post","status-publish","format-standard","has-post-thumbnail","hentry","category-esports-alzira"],"featured_image_src":{"landsacpe":["https:\/\/esportsmunicipalsalzira.com\/wp-content\/uploads\/2024\/04\/428682907_305348125895787_5577342647781683006_n-1125x445.jpg",1125,445,true],"list":["https:\/\/esportsmunicipalsalzira.com\/wp-content\/uploads\/2024\/04\/428682907_305348125895787_5577342647781683006_n-463x348.jpg",463,348,true],"medium":["https:\/\/esportsmunicipalsalzira.com\/wp-content\/uploads\/2024\/04\/428682907_305348125895787_5577342647781683006_n-300x300.jpg",300,300,true],"full":["https:\/\/esportsmunicipalsalzira.com\/wp-content\/uploads\/2024\/04\/428682907_305348125895787_5577342647781683006_n.jpg",1125,1129,false]},"_links":{"self":[{"href":"https:\/\/esportsmunicipalsalzira.com\/es\/wp-json\/wp\/v2\/posts\/7283","targetHints":{"allow":["GET"]}}],"collection":[{"href":"https:\/\/esportsmunicipalsalzira.com\/es\/wp-json\/wp\/v2\/posts"}],"about":[{"href":"https:\/\/esportsmunicipalsalzira.com\/es\/wp-json\/wp\/v2\/types\/post"}],"author":[{"embeddable":true,"href":"https:\/\/esportsmunicipalsalzira.com\/es\/wp-json\/wp\/v2\/users\/2"}],"replies":[{"embeddable":true,"href":"https:\/\/esportsmunicipalsalzira.com\/es\/wp-json\/wp\/v2\/comments?post=7283"}],"version-history":[{"count":0,"href":"https:\/\/esportsmunicipalsalzira.com\/es\/wp-json\/wp\/v2\/posts\/7283\/revisions"}],"wp:featuredmedia":[{"embeddable":true,"href":"https:\/\/esportsmunicipalsalzira.com\/es\/wp-json\/wp\/v2\/media\/7284"}],"wp:attachment":[{"href":"https:\/\/esportsmunicipalsalzira.com\/es\/wp-json\/wp\/v2\/media?parent=7283"}],"wp:term":[{"taxonomy":"category","embeddable":true,"href":"https:\/\/esportsmunicipalsalzira.com\/es\/wp-json\/wp\/v2\/categories?post=7283"},{"taxonomy":"post_tag","embeddable":true,"href":"https:\/\/esportsmunicipalsalzira.com\/es\/wp-json\/wp\/v2\/tags?post=7283"}],"curies":[{"name":"wp","href":"https:\/\/api.w.org\/{rel}","templated":true}]}}