{"id":7291,"date":"2024-02-29T09:45:05","date_gmt":"2024-02-29T08:45:05","guid":{"rendered":"https:\/\/esportsmunicipalsalzira.com\/alzira-celebrara-la-setmana-que-ve-la-%f0%9d%90%92%f0%9d%90%9e%f0%9d%90%ad%f0%9d%90%a6%f0%9d%90%9a%f0%9d%90%a7%f0%9d%90%9a-%f0%9d%90%9d%f0%9d%90%9e-%f0%9d%90%a5%f0%9d%90%9a-%f0%9d%90%83%f0%9d%90%a8\/"},"modified":"2024-02-29T09:45:05","modified_gmt":"2024-02-29T08:45:05","slug":"alzira-celebrara-la-setmana-que-ve-la-%f0%9d%90%92%f0%9d%90%9e%f0%9d%90%ad%f0%9d%90%a6%f0%9d%90%9a%f0%9d%90%a7%f0%9d%90%9a-%f0%9d%90%9d%f0%9d%90%9e-%f0%9d%90%a5%f0%9d%90%9a-%f0%9d%90%83%f0%9d%90%a8","status":"publish","type":"post","link":"https:\/\/esportsmunicipalsalzira.com\/es\/alzira-celebrara-la-setmana-que-ve-la-%f0%9d%90%92%f0%9d%90%9e%f0%9d%90%ad%f0%9d%90%a6%f0%9d%90%9a%f0%9d%90%a7%f0%9d%90%9a-%f0%9d%90%9d%f0%9d%90%9e-%f0%9d%90%a5%f0%9d%90%9a-%f0%9d%90%83%f0%9d%90%a8\/","title":{"rendered":"Alzira celebrar\u00e1 la pr\u00f3xima semana la \ud835\udc12\ud835\udc1e\ud835\udc2d\ud835\udc26\ud835\udc1a\ud835\udc27\ud835\udc1a \ud835\udc1d\ud835\udc1e \ud835\udc25\ud835\udc1a \ud835\udc03\ud835\udc28\ud835\udc27\ud835\udc1a Desde el lunes hasta el viernes, se har\u00e1n \ud835\udc31\ud835\udc1a \ud835\udc1a\ud835\udc25\ud835\udc25\ud835\udc1e\ud835\udc2b"},"content":{"rendered":"<p><br \/>\n\ud83d\udfe3 Alzira celebrar\u00e1 la pr\u00f3xima semana la \ud835\udc12\ud835\udc1e\ud835\udc2d\ud835\udc26\ud835\udc1a\ud835\udc27\ud835\udc1a \ud835\udc1d\ud835\udc1e \ud835\udc25\ud835\udc1a \ud835\udc03\ud835\udc28\ud835\udc27\ud835\udc1a<\/p>\n<p>\ud83d\udcac Desde el lunes hasta el viernes, se har\u00e1n \ud835\udc31\ud835\udc1a\ud835\udc2b\ud835\udc2b\ud835\udc1a\ud835\udc1d\ud835\udc1e\ud835\udc2c, \ud835\udc2d\ud835\udc1a\ud835\udc25\ud835\udc25\ud835\udc1e\ud835\udc2b\ud835\udc2c \ud835\udc22 \ud835\udc1d\ud835\udc22\ud835\udc10 \ud835\udc1c\ud835\udc2d\ud835\udc22\ud835\udc2f\ud835\udc22\ud835\udc2d\ud835\udc1a\ud835\udc2d\ud835\udc2c.<\/p>\n<p>\u2757\ufe0fPara las actividades no se necesita \ud835\udc22\ud835\udc27\ud835\udc2c\ud835\udc1c\ud835\udc2b\ud835\udc22\ud835\udc29\ud835\udc1c\ud835\udc22\ud835\udc28\u0301 \ud835\udc29\ud835\udc2b\ud835\udc1e\u0300\ud835\udc2f\ud835\udc22\ud835\udc1a, excepto la actividad del martes 5.<\/p>\n<p>\ud83d\udc69\u200d\ud83e\uddb0\ud83d\udc69 Para asistir al taller \u201cAutocuidados para mujeres\u201d \ud835\udc1c\ud835\udc1a\ud835\udc25 \ud835\udc22\ud835\udc27\ud835\udc2c\ud835\udc1c\ud835\udc2b\ud835\udc22\ud835\udc2e\ud835\udc2b\ud835\udc1e&#039;\ud835\udc2c en el \u00e1rea de Servicios Sociales en la \u00e1rea de Servicios Sociales en la \u00e1rea de Servicios Sociales en la \u00e1rea de Servicios Sociales en la \u00e1rea de Servicios Sociales \ud835\udc1e\ud835\udc2b\ud835\udc1a\u0300 \ud835\udc29\ud835\udc1e\ud835\udc2b \ud835\udc1a \ud835\udc1d\ud835\udc28\ud835\udc27\ud835\udc1e\ud835\udc2c .<\/p>\n<p>\ud83d\udcc5 \ud835\udc03\ud835\udc22\ud835\udc1a \u2013 Desde el lunes 4 hasta el viernes 8 de marzo<br \/>\n\ud83d\udd57 \ud835\udc07\ud835\udc28\ud835\udc2b\ud835\udc1a \u2013 Consultar horarios<br \/>\n\ud83d\udccd\ud835\udc0b\ud835\udc25\ud835\udc28\ud835\udc1c \u2013 Consultar localizaciones<\/p>\n<p>\u00bfTe apuntas? \u00a1Te esperamos! \ud83c\udff5<\/p>\n<p><a href=\"https:\/\/esportsmunicipalsalzira.com\/wp-content\/uploads\/2024\/04\/426747908_787120776782663_67515624863248227_n.jpg\"><img decoding=\"async\" class=\"wp_automatic_fb_img\" title=\"\" src=\"https:\/\/esportsmunicipalsalzira.com\/wp-content\/uploads\/2024\/04\/426747908_787120776782663_67515624863248227_n.jpg\" \/><\/a><br \/>\n<br \/>\n<br \/><a href=\"https:\/\/www.facebook.com\/100063537194811\/posts\/929019685892596\">source<\/a>  <\/p>","protected":false},"excerpt":{"rendered":"<p>\ud83d\udfe3 Alzira celebrar\u00e0 la setmana que ve la \ud835\udc12\ud835\udc1e\ud835\udc2d\ud835\udc26\ud835\udc1a\ud835\udc27\ud835\udc1a \ud835\udc1d\ud835\udc1e \ud835\udc25\ud835\udc1a \ud835\udc03\ud835\udc28\ud835\udc27\ud835\udc1a \ud83d\udcac Des del dilluns fins el divendres, es faran \ud835\udc31\ud835\udc1a\ud835\udc2b\ud835\udc2b\ud835\udc1a\ud835\udc1d\ud835\udc1e\ud835\udc2c, \ud835\udc2d\ud835\udc1a\ud835\udc25\ud835\udc25\ud835\udc1e\ud835\udc2b\ud835\udc2c \ud835\udc22 \ud835\udc1d\ud835\udc22\ud835\udc2f\ud835\udc1e\ud835\udc2b\ud835\udc2c\ud835\udc1e\ud835\udc2c \ud835\udc1a\ud835\udc1c\ud835\udc2d\ud835\udc22\ud835\udc2f\ud835\udc22\ud835\udc2d\ud835\udc1a\ud835\udc2d\ud835\udc2c. \u2757\ufe0fPer a les activitats no es necessita \ud835\udc22\ud835\udc27\ud835\udc2c\ud835\udc1c\ud835\udc2b\ud835\udc22\ud835\udc29\ud835\udc1c\ud835\udc22\ud835\udc28\u0301 \ud835\udc29\ud835\udc2b\ud835\udc1e\u0300\ud835\udc2f\ud835\udc22\ud835\udc1a, excepte l&#8217;activitat del dimarts 5. \ud83d\udc69\u200d\ud83e\uddb0\ud83d\udc69 Per a assistir-hi al taller &#8220;Autocures per a dones&#8221; \ud835\udc1c\ud835\udc1a\ud835\udc25 \ud835\udc22\ud835\udc27\ud835\udc2c\ud835\udc1c\ud835\udc2b\ud835\udc22\ud835\udc2e\ud835\udc2b\ud835\udc1e\u2019\ud835\udc2c en l\u2019\u00e0rea de [&hellip;]<\/p>\n","protected":false},"author":2,"featured_media":7292,"comment_status":"open","ping_status":"open","sticky":false,"template":"","format":"standard","meta":{"footnotes":""},"categories":[1],"tags":[],"class_list":["post-7291","post","type-post","status-publish","format-standard","has-post-thumbnail","hentry","category-esports-alzira"],"featured_image_src":{"landsacpe":["https:\/\/esportsmunicipalsalzira.com\/wp-content\/uploads\/2024\/04\/426747908_787120776782663_67515624863248227_n-514x445.jpg",514,445,true],"list":["https:\/\/esportsmunicipalsalzira.com\/wp-content\/uploads\/2024\/04\/426747908_787120776782663_67515624863248227_n-463x348.jpg",463,348,true],"medium":["https:\/\/esportsmunicipalsalzira.com\/wp-content\/uploads\/2024\/04\/426747908_787120776782663_67515624863248227_n-214x300.jpg",214,300,true],"full":["https:\/\/esportsmunicipalsalzira.com\/wp-content\/uploads\/2024\/04\/426747908_787120776782663_67515624863248227_n.jpg",514,720,false]},"_links":{"self":[{"href":"https:\/\/esportsmunicipalsalzira.com\/es\/wp-json\/wp\/v2\/posts\/7291","targetHints":{"allow":["GET"]}}],"collection":[{"href":"https:\/\/esportsmunicipalsalzira.com\/es\/wp-json\/wp\/v2\/posts"}],"about":[{"href":"https:\/\/esportsmunicipalsalzira.com\/es\/wp-json\/wp\/v2\/types\/post"}],"author":[{"embeddable":true,"href":"https:\/\/esportsmunicipalsalzira.com\/es\/wp-json\/wp\/v2\/users\/2"}],"replies":[{"embeddable":true,"href":"https:\/\/esportsmunicipalsalzira.com\/es\/wp-json\/wp\/v2\/comments?post=7291"}],"version-history":[{"count":0,"href":"https:\/\/esportsmunicipalsalzira.com\/es\/wp-json\/wp\/v2\/posts\/7291\/revisions"}],"wp:featuredmedia":[{"embeddable":true,"href":"https:\/\/esportsmunicipalsalzira.com\/es\/wp-json\/wp\/v2\/media\/7292"}],"wp:attachment":[{"href":"https:\/\/esportsmunicipalsalzira.com\/es\/wp-json\/wp\/v2\/media?parent=7291"}],"wp:term":[{"taxonomy":"category","embeddable":true,"href":"https:\/\/esportsmunicipalsalzira.com\/es\/wp-json\/wp\/v2\/categories?post=7291"},{"taxonomy":"post_tag","embeddable":true,"href":"https:\/\/esportsmunicipalsalzira.com\/es\/wp-json\/wp\/v2\/tags?post=7291"}],"curies":[{"name":"wp","href":"https:\/\/api.w.org\/{rel}","templated":true}]}}