{"id":7311,"date":"2024-02-28T09:12:08","date_gmt":"2024-02-28T08:12:08","guid":{"rendered":"https:\/\/esportsmunicipalsalzira.com\/el-atleta-paralimpico-mikel-garcia-del-club-bertako-javi-conde-se-ha-proclamado-campeon-del-mundo-de-800mts-y-ademas-h\/"},"modified":"2024-02-28T09:12:08","modified_gmt":"2024-02-28T08:12:08","slug":"el-atleta-paralimpico-mikel-garcia-del-club-bertako-javi-conde-se-ha-proclamado-campeon-del-mundo-de-800mts-y-ademas-h","status":"publish","type":"post","link":"https:\/\/esportsmunicipalsalzira.com\/es\/el-atleta-paralimpico-mikel-garcia-del-club-bertako-javi-conde-se-ha-proclamado-campeon-del-mundo-de-800mts-y-ademas-h\/","title":{"rendered":"El atleta paralimpico Mikel Garc\u00eda, del Club Bertako-Javi Conde, se ha proclamado Campe\u00f3n del Mundo de 800mts y adem\u00e1s h"},"content":{"rendered":"<p><br \/>\n\ud83c\udf96 El atleta paralimpico Mikel Garc\u00eda, del Club Bertako-Javi Conde, se ha proclamado Campe\u00f3n del Mundo de 800mts y adem\u00e1s ha conseguido la medalla de plata en los 400mts en la ciudad francesa de Reims en el Campeonato del Mundo Short Track Virtus. Mikel tambi\u00e9n alcanz\u00f3 la medalla de oro en el pasado campeonato del Mundo de cross corto en Ciechanow, Polonia. #Basauri<\/p>\n<p><a href=\"https:\/\/esportsmunicipalsalzira.com\/wp-content\/uploads\/2024\/04\/428502575_813801334099435_7003428058062725910_n.jpg\"><img decoding=\"async\" class=\"wp_automatic_fb_img\" title=\"\" src=\"https:\/\/esportsmunicipalsalzira.com\/wp-content\/uploads\/2024\/04\/428502575_813801334099435_7003428058062725910_n.jpg\" \/><\/a><br \/>\n<br \/>\n<br \/><a href=\"https:\/\/www.facebook.com\/100063537194811\/posts\/928241032637128\">source<\/a>  <\/p>","protected":false},"excerpt":{"rendered":"<p>\ud83c\udf96El atleta paralimpico Mikel Garc\u00eda, del Club Bertako-Javi Conde, se ha proclamado Campe\u00f3n del Mundo de 800mts y adem\u00e1s ha conseguido la medalla de plata en los 400mts en la ciudad francesa de Reims en el Campeonato del Mundo Short Track Virtus. Mikel tambi\u00e9n consigui\u00f3 la medalla de oro en el pasado campeonato del Mundo [&hellip;]<\/p>\n","protected":false},"author":2,"featured_media":7312,"comment_status":"open","ping_status":"open","sticky":false,"template":"","format":"standard","meta":{"footnotes":""},"categories":[1],"tags":[],"class_list":["post-7311","post","type-post","status-publish","format-standard","has-post-thumbnail","hentry","category-esports-alzira"],"featured_image_src":{"landsacpe":["https:\/\/esportsmunicipalsalzira.com\/wp-content\/uploads\/2024\/04\/428502575_813801334099435_7003428058062725910_n-808x445.jpg",808,445,true],"list":["https:\/\/esportsmunicipalsalzira.com\/wp-content\/uploads\/2024\/04\/428502575_813801334099435_7003428058062725910_n-463x348.jpg",463,348,true],"medium":["https:\/\/esportsmunicipalsalzira.com\/wp-content\/uploads\/2024\/04\/428502575_813801334099435_7003428058062725910_n-300x200.jpg",300,200,true],"full":["https:\/\/esportsmunicipalsalzira.com\/wp-content\/uploads\/2024\/04\/428502575_813801334099435_7003428058062725910_n.jpg",808,540,false]},"_links":{"self":[{"href":"https:\/\/esportsmunicipalsalzira.com\/es\/wp-json\/wp\/v2\/posts\/7311","targetHints":{"allow":["GET"]}}],"collection":[{"href":"https:\/\/esportsmunicipalsalzira.com\/es\/wp-json\/wp\/v2\/posts"}],"about":[{"href":"https:\/\/esportsmunicipalsalzira.com\/es\/wp-json\/wp\/v2\/types\/post"}],"author":[{"embeddable":true,"href":"https:\/\/esportsmunicipalsalzira.com\/es\/wp-json\/wp\/v2\/users\/2"}],"replies":[{"embeddable":true,"href":"https:\/\/esportsmunicipalsalzira.com\/es\/wp-json\/wp\/v2\/comments?post=7311"}],"version-history":[{"count":0,"href":"https:\/\/esportsmunicipalsalzira.com\/es\/wp-json\/wp\/v2\/posts\/7311\/revisions"}],"wp:featuredmedia":[{"embeddable":true,"href":"https:\/\/esportsmunicipalsalzira.com\/es\/wp-json\/wp\/v2\/media\/7312"}],"wp:attachment":[{"href":"https:\/\/esportsmunicipalsalzira.com\/es\/wp-json\/wp\/v2\/media?parent=7311"}],"wp:term":[{"taxonomy":"category","embeddable":true,"href":"https:\/\/esportsmunicipalsalzira.com\/es\/wp-json\/wp\/v2\/categories?post=7311"},{"taxonomy":"post_tag","embeddable":true,"href":"https:\/\/esportsmunicipalsalzira.com\/es\/wp-json\/wp\/v2\/tags?post=7311"}],"curies":[{"name":"wp","href":"https:\/\/api.w.org\/{rel}","templated":true}]}}