{"id":7357,"date":"2024-04-23T16:30:07","date_gmt":"2024-04-23T14:30:07","guid":{"rendered":"https:\/\/esportsmunicipalsalzira.com\/el-max-colchon-nou-basquet-alzira-va-aconseguir-el-passat-dissabte-un-historic-ascens-a-%f0%9d%9f%ada-%f0%9d%97%b1%f0%9d%97%b6%f0%9d%98%83%f0%9d%97%b6%f0%9d%98%80%f0%9d%97%b6%f0%9d%97%bc\/"},"modified":"2024-04-23T16:30:07","modified_gmt":"2024-04-23T14:30:07","slug":"el-max-colchon-nou-basquet-alzira-va-aconseguir-el-passat-dissabte-un-historic-ascens-a-%f0%9d%9f%ada-%f0%9d%97%b1%f0%9d%97%b6%f0%9d%98%83%f0%9d%97%b6%f0%9d%98%80%f0%9d%97%b6%f0%9d%97%bc","status":"publish","type":"post","link":"https:\/\/esportsmunicipalsalzira.com\/es\/el-max-colchon-nou-basquet-alzira-va-aconseguir-el-passat-dissabte-un-historic-ascens-a-%f0%9d%9f%ada-%f0%9d%97%b1%f0%9d%97%b6%f0%9d%98%83%f0%9d%97%b6%f0%9d%98%80%f0%9d%97%b6%f0%9d%97%bc\/","title":{"rendered":"El Max Colch\u00f3n Nuevo Baloncesto Alzira consigui\u00f3 el pasado s\u00e1bado un hist\u00f3rico ascenso a \ud835\udfed\u00aa \ud835\uddf1\ud835\uddf6\ud835\ude03\ud835\uddf6\ud835\ude00\ud835\uddf6\ud835\uddfc\u0301 \ud835\uddfb\ud835\uddee\ud835\uddf0\ud835\uddf6\ud835\uddfc\ud835\uddfb\ud835\uddee\ud835\uddf9, la quinta"},"content":{"rendered":"<p><br \/>\n\ud83e\udd73 El Max Colch\u00f3n Nuevo Baloncesto Alzira logr\u00f3 el pasado s\u00e1bado un hist\u00f3rico ascenso a \ud835\udfed\u00aa \ud835\uddf1\ud835\uddf6\ud835\ude03\ud835\uddf6\ud835\ude00\ud835\uddf6\ud835\uddfc \ud835\uddfb\ud835\uddee\ud835\uddf0\ud835\uddf6\ud835\uddfc\ud835\uddfb\ud835\uddee. <\/p>\n<p>\ud83c\udfc0\ud83c\udfc0 Gan\u00f3 en el \u00faltimo segundo al \ud835\uddd6\ud835\uddd5 \ud835\uddda\ud835\uddff\ud835\uddee\ud835\uddfc de Valencia (90-87) y el Sueca derrot\u00f3 al Mislata 59-57, equipo que le pod\u00eda quitar la plaza de ascenso a los alzire\u00f1os. <\/p>\n<p>\ud83d\udc4f Para ser campeones ligueros, los alzire\u00f1os deben ganar el \u00faltimo partido liguero el domingo a las 10 de la ma\u00f1ana y que la Escolapias Valencia, actual campe\u00f3n de la Copa, pierda uno de los dos encuentros que le resta por jugar.<\/p>\n<p>Enhorabuena, campeones!! \ud83d\udc4f<\/p>\n<p>Nuevo Basquet Alzira<\/p>\n<p>Servicio Municipal de Deportes Alzira<\/p>\n<p><a href=\"https:\/\/esportsmunicipalsalzira.com\/wp-content\/uploads\/2024\/04\/437566187_819554286872645_7518567192718227781_n.jpg\"><img decoding=\"async\" class=\"wp_automatic_fb_img\" title=\"\" src=\"https:\/\/esportsmunicipalsalzira.com\/wp-content\/uploads\/2024\/04\/437566187_819554286872645_7518567192718227781_n.jpg\" \/><\/a><br \/><a href=\"https:\/\/esportsmunicipalsalzira.com\/wp-content\/uploads\/2024\/04\/438119850_819554360205971_2473605112578522005_n.jpg\"><img decoding=\"async\" class=\"wp_automatic_fb_img\" title=\"\" src=\"https:\/\/esportsmunicipalsalzira.com\/wp-content\/uploads\/2024\/04\/438119850_819554360205971_2473605112578522005_n.jpg\" \/><\/a><br \/><a href=\"https:\/\/esportsmunicipalsalzira.com\/wp-content\/uploads\/2024\/04\/437523432_819554313539309_1125547326128562421_n.jpg\"><img decoding=\"async\" class=\"wp_automatic_fb_img\" title=\"\" src=\"https:\/\/esportsmunicipalsalzira.com\/wp-content\/uploads\/2024\/04\/437523432_819554313539309_1125547326128562421_n.jpg\" \/><\/a><br \/><a href=\"https:\/\/esportsmunicipalsalzira.com\/wp-content\/uploads\/2024\/04\/437529704_819554310205976_3948219239485361132_n.jpg\"><img decoding=\"async\" class=\"wp_automatic_fb_img\" title=\"\" src=\"https:\/\/esportsmunicipalsalzira.com\/wp-content\/uploads\/2024\/04\/437529704_819554310205976_3948219239485361132_n.jpg\" \/><\/a><br \/><a href=\"https:\/\/esportsmunicipalsalzira.com\/wp-content\/uploads\/2024\/04\/437529714_819554316872642_4992067648382053072_n.jpg\"><img decoding=\"async\" class=\"wp_automatic_fb_img\" title=\"\" src=\"https:\/\/esportsmunicipalsalzira.com\/wp-content\/uploads\/2024\/04\/437529714_819554316872642_4992067648382053072_n.jpg\" \/><\/a><br \/>\n<br \/>\n<br \/><a href=\"https:\/\/www.facebook.com\/100063537194811\/posts\/966352652159299\">source<\/a>  <\/p>","protected":false},"excerpt":{"rendered":"<p>\ud83e\udd73 El Max Colch\u00f3n Nou B\u00e0squet Alzira va aconseguir el passat dissabte un hist\u00f2ric ascens a \ud835\udfed\u00aa \ud835\uddf1\ud835\uddf6\ud835\ude03\ud835\uddf6\ud835\ude00\ud835\uddf6\ud835\uddfc\u0301 \ud835\uddfb\ud835\uddee\ud835\uddf0\ud835\uddf6\ud835\uddfc\ud835\uddfb\ud835\uddee\ud835\uddf9, la quinta categoria del b\u00e0squet espanyol. \ud83c\udfc0\ud83c\udfc0 Va guanyar en l&#8217;\u00faltim segon al \ud835\uddd6\ud835\uddd5 \ud835\uddda\ud835\uddff\ud835\uddee\ud835\uddfc de Val\u00e8ncia (90-87) i el Sueca va derrotar el Mislata 59-57, equip que li podia llevar la pla\u00e7a d&#8217;ascens als alzirenys. [&hellip;]<\/p>\n","protected":false},"author":2,"featured_media":7358,"comment_status":"open","ping_status":"open","sticky":false,"template":"","format":"standard","meta":{"footnotes":""},"categories":[1],"tags":[],"class_list":["post-7357","post","type-post","status-publish","format-standard","has-post-thumbnail","hentry","category-esports-alzira"],"featured_image_src":{"landsacpe":["https:\/\/esportsmunicipalsalzira.com\/wp-content\/uploads\/2024\/04\/437566187_819554286872645_7518567192718227781_n-1080x445.jpg",1080,445,true],"list":["https:\/\/esportsmunicipalsalzira.com\/wp-content\/uploads\/2024\/04\/437566187_819554286872645_7518567192718227781_n-463x348.jpg",463,348,true],"medium":["https:\/\/esportsmunicipalsalzira.com\/wp-content\/uploads\/2024\/04\/437566187_819554286872645_7518567192718227781_n-300x300.jpg",300,300,true],"full":["https:\/\/esportsmunicipalsalzira.com\/wp-content\/uploads\/2024\/04\/437566187_819554286872645_7518567192718227781_n.jpg",1080,1080,false]},"_links":{"self":[{"href":"https:\/\/esportsmunicipalsalzira.com\/es\/wp-json\/wp\/v2\/posts\/7357","targetHints":{"allow":["GET"]}}],"collection":[{"href":"https:\/\/esportsmunicipalsalzira.com\/es\/wp-json\/wp\/v2\/posts"}],"about":[{"href":"https:\/\/esportsmunicipalsalzira.com\/es\/wp-json\/wp\/v2\/types\/post"}],"author":[{"embeddable":true,"href":"https:\/\/esportsmunicipalsalzira.com\/es\/wp-json\/wp\/v2\/users\/2"}],"replies":[{"embeddable":true,"href":"https:\/\/esportsmunicipalsalzira.com\/es\/wp-json\/wp\/v2\/comments?post=7357"}],"version-history":[{"count":0,"href":"https:\/\/esportsmunicipalsalzira.com\/es\/wp-json\/wp\/v2\/posts\/7357\/revisions"}],"wp:featuredmedia":[{"embeddable":true,"href":"https:\/\/esportsmunicipalsalzira.com\/es\/wp-json\/wp\/v2\/media\/7358"}],"wp:attachment":[{"href":"https:\/\/esportsmunicipalsalzira.com\/es\/wp-json\/wp\/v2\/media?parent=7357"}],"wp:term":[{"taxonomy":"category","embeddable":true,"href":"https:\/\/esportsmunicipalsalzira.com\/es\/wp-json\/wp\/v2\/categories?post=7357"},{"taxonomy":"post_tag","embeddable":true,"href":"https:\/\/esportsmunicipalsalzira.com\/es\/wp-json\/wp\/v2\/tags?post=7357"}],"curies":[{"name":"wp","href":"https:\/\/api.w.org\/{rel}","templated":true}]}}