{"id":7390,"date":"2024-04-19T13:32:38","date_gmt":"2024-04-19T11:32:38","guid":{"rendered":"https:\/\/esportsmunicipalsalzira.com\/el-cgr-fenix-reunira-diumenge-400-gimnastes-en-el-pavello-perez-puig-entrada-gratuita-alzira-radio-107-9-fm-noticia-alzira\/"},"modified":"2024-04-19T13:32:38","modified_gmt":"2024-04-19T11:32:38","slug":"el-cgr-fenix-reunira-diumenge-400-gimnastes-en-el-pavello-perez-puig-entrada-gratuita-alzira-radio-107-9-fm-noticia-alzira","status":"publish","type":"post","link":"https:\/\/esportsmunicipalsalzira.com\/es\/el-cgr-fenix-reunira-diumenge-400-gimnastes-en-el-pavello-perez-puig-entrada-gratuita-alzira-radio-107-9-fm-noticia-alzira\/","title":{"rendered":"El CGR F\u00e9nix reunir\u00e1 el domingo a 400 gimnastas en el pabell\u00f3n P\u00e9rez Puig (entrada gratuita) | Alzira Radio 107.9 fm | Noticia Alzira"},"content":{"rendered":"<p><a href=\"https:\/\/alziraradio.com\/el-cgr-fenix-reunira-diumenge-400-gimnastes-en-el-pavello-perez-puig-entrada-gratuita\/?fbclid=IwZXh0bgNhZW0CMTEAAR2ylDzFS9L8JTfVIHlIq9CNi1YV0Duey2ndQa9jlCgycpJHVTpJScJnKII_aem_AX8fDV5H0bm7gj7dTzHXp5E78-XfHXzyOfUFxmoVHnroW5d2hHXrafMlIbbupywckKxZQL8rBZH-cXFR_kVYd8M5\"><img decoding=\"async\" title=\"El CGR F\u00e9nix reunir\u00e1 el domingo a 400 gimnastas en el pabell\u00f3n P\u00e9rez Puig (entrada gratuita) | Alzira Radio 107.9 fm | Noticia Alzira\" src=\"https:\/\/esportsmunicipalsalzira.com\/wp-content\/uploads\/2024\/04\/5227788584010420910\" \/><\/a> <\/p>\n<p><a href=\"https:\/\/alziraradio.com\/el-cgr-fenix-reunira-diumenge-400-gimnastes-en-el-pavello-perez-puig-entrada-gratuita\/?fbclid=IwZXh0bgNhZW0CMTEAAR2ylDzFS9L8JTfVIHlIq9CNi1YV0Duey2ndQa9jlCgycpJHVTpJScJnKII_aem_AX8fDV5H0bm7gj7dTzHXp5E78-XfHXzyOfUFxmoVHnroW5d2hHXrafMlIbbupywckKxZQL8rBZH-cXFR_kVYd8M5\">El CGR F\u00e9nix reunir\u00e1 el domingo a 400 gimnastas en el pabell\u00f3n P\u00e9rez Puig (entrada gratuita) | Alzira Radio 107.9 fm | Noticia Alzira<\/a><\/p>\n<p><br \/>\n<br \/><a href=\"https:\/\/www.facebook.com\/100063537194811\/posts\/963439119117319\">source<\/a>  <\/p>","protected":false},"excerpt":{"rendered":"<p>El CGR F\u00e9nix reunir\u00e1 el domingo a 400 gimnastas en el pabell\u00f3n P\u00e9rez Puig (entrada gratuita) | Alzira Radio 107.9 fm | Noticia Alzira Source<\/p>","protected":false},"author":2,"featured_media":7391,"comment_status":"open","ping_status":"open","sticky":false,"template":"","format":"standard","meta":{"footnotes":""},"categories":[1],"tags":[],"class_list":["post-7390","post","type-post","status-publish","format-standard","has-post-thumbnail","hentry","category-esports-alzira"],"featured_image_src":{"landsacpe":["https:\/\/esportsmunicipalsalzira.com\/wp-content\/uploads\/2024\/04\/5227788584010420910.jpeg",833,435,false],"list":["https:\/\/esportsmunicipalsalzira.com\/wp-content\/uploads\/2024\/04\/5227788584010420910-463x348.jpeg",463,348,true],"medium":["https:\/\/esportsmunicipalsalzira.com\/wp-content\/uploads\/2024\/04\/5227788584010420910-300x157.jpeg",300,157,true],"full":["https:\/\/esportsmunicipalsalzira.com\/wp-content\/uploads\/2024\/04\/5227788584010420910.jpeg",833,435,false]},"_links":{"self":[{"href":"https:\/\/esportsmunicipalsalzira.com\/es\/wp-json\/wp\/v2\/posts\/7390","targetHints":{"allow":["GET"]}}],"collection":[{"href":"https:\/\/esportsmunicipalsalzira.com\/es\/wp-json\/wp\/v2\/posts"}],"about":[{"href":"https:\/\/esportsmunicipalsalzira.com\/es\/wp-json\/wp\/v2\/types\/post"}],"author":[{"embeddable":true,"href":"https:\/\/esportsmunicipalsalzira.com\/es\/wp-json\/wp\/v2\/users\/2"}],"replies":[{"embeddable":true,"href":"https:\/\/esportsmunicipalsalzira.com\/es\/wp-json\/wp\/v2\/comments?post=7390"}],"version-history":[{"count":0,"href":"https:\/\/esportsmunicipalsalzira.com\/es\/wp-json\/wp\/v2\/posts\/7390\/revisions"}],"wp:featuredmedia":[{"embeddable":true,"href":"https:\/\/esportsmunicipalsalzira.com\/es\/wp-json\/wp\/v2\/media\/7391"}],"wp:attachment":[{"href":"https:\/\/esportsmunicipalsalzira.com\/es\/wp-json\/wp\/v2\/media?parent=7390"}],"wp:term":[{"taxonomy":"category","embeddable":true,"href":"https:\/\/esportsmunicipalsalzira.com\/es\/wp-json\/wp\/v2\/categories?post=7390"},{"taxonomy":"post_tag","embeddable":true,"href":"https:\/\/esportsmunicipalsalzira.com\/es\/wp-json\/wp\/v2\/tags?post=7390"}],"curies":[{"name":"wp","href":"https:\/\/api.w.org\/{rel}","templated":true}]}}